{"id":117705,"date":"2025-05-21T20:19:09","date_gmt":"2025-05-21T20:19:09","guid":{"rendered":"https:\/\/www.europesays.com\/fr\/117705\/"},"modified":"2025-05-21T20:19:09","modified_gmt":"2025-05-21T20:19:09","slug":"les-etats-unis-ont-accepte-un-luxueux-boeing-747-de-la-part-du-qatar","status":"publish","type":"post","link":"https:\/\/www.europesays.com\/fr\/117705\/","title":{"rendered":"Les Etats-Unis ont accept\u00e9 un luxueux Boeing 747 de la part du Qatar"},"content":{"rendered":"<p class=\"latino-300b text-grey-800\">\n<p>  Par\u00a0<br \/>\nLe Nouvel Obs avec AFP          <\/p>\n<p class=\"latino-300r text-grey-600\">\n      Publi\u00e9 le<\/p>\n<p>    21 mai 2025 \u00e0 21h46<\/p>\n<p>      <img fetchpriority=\"high\" decoding=\"async\" class=\"mx-auto\" src=\"data:image\/svg+xml,%3Csvg%20xmlns%3D%27http%3A%2F%2Fwww.w3.org%2F2000%2Fsvg%27%20fill%3D%22%23e4e4e4%22%20viewBox%3D%270%200%20510%20340%27%20width%3D%22510%22%20height%3D%22340%22%3E%3Cpath%20d%3D%27M0%200h510v340H0z%27%2F%3E%3C%2Fsvg%3E\"  loading=\"eager\" width=\"510\" height=\"340\" data-oncrawl-image-size=\"510x340\" alt=\"Donald Trump quitte en avion les \u00c9mirats arabes unis, le 16\u00a0mai 2025.\"\/>      <\/p>\n<p class=\"latino-100m text-grey-600\">\n            Donald Trump quitte en avion les \u00c9mirats arabes unis, le 16\u00a0mai 2025.\u00a0APAIMAGES\/SIPA        <\/p>\n<p>    Lire\u00a0plus\u00a0tard  <\/p>\n<p><a aria-label=\"Nous suivre sur Google News\" href=\"https:\/\/news.google.com\/publications\/CAAqBwgKMJe4nQkw3dFs?hl=fr&amp;gl=FR&amp;ceid=FR%3Afr\" target=\"_blank\" data-piano=\"Page_Article,Sous_date_publi,Nous_suivre_sur_google_news,1er_clic,action\" class=\"btn btn--small btn--secondary\" rel=\"nofollow noopener\"><\/p>\n<p>      Google Actualit\u00e9s<br \/>\n  <\/a><\/p>\n<p>  Partager<\/p>\n<p>        Facebook<\/p>\n<p>        Bluesky<\/p>\n<p>        E-mail<\/p>\n<p>        Copier le lien<\/p>\n<p>      Envoyer<\/p>\n<p>    Temps de lecture\u00a0:\u00a01\u00a0min.<\/p>\n<p class=\"node__paragraphe antonia-750r text-grey-800 pb-24 pb-md-30\">\nLe ministre am\u00e9ricain de la D\u00e9fense, Pete Hegseth, <a href=\"https:\/\/www.nouvelobs.com\/monde\/20250512.OBS103817\/le-qatar-veut-offrir-un-avion-luxueux-a-trump-qui-se-dit-reconnaissant-les-democrates-denoncent-une-corruption-flagrante.html\" rel=\"nofollow noopener\" target=\"_blank\">a accept\u00e9 le Boeing 747 offert par le Qatar<\/a> au pr\u00e9sident Donald Trump pour l\u2019utiliser comme avion pr\u00e9sidentiel, a annonc\u00e9 ce mercredi 21\u00a0mai le Pentagone, malgr\u00e9 les accusations de corruption \u00e9mises par l\u2019opposition d\u00e9mocrate.<\/p>\n<p class=\"node__paragraphe antonia-750r text-grey-800 pb-24 pb-md-30\">\nCe don estim\u00e9 \u00e0 400\u00a0millions de dollars, destin\u00e9 \u00e0 remplacer temporairement Air Force One, provient de la famille royale \u00e0 la t\u00eate de l\u2019\u00e9mirat du Golfe.<\/p>\n<p class=\"node__paragraphe antonia-750r text-grey-800 pb-24 pb-md-30\">\n\u00ab\u00a0Le ministre de la D\u00e9fense a accept\u00e9 un Boeing 747 du Qatar conform\u00e9ment aux r\u00e8gles et r\u00e9gulations f\u00e9d\u00e9rales, a d\u00e9clar\u00e9 Sean Parnell, le porte-parole du Pentagone, dans un communiqu\u00e9. Le minist\u00e8re de la D\u00e9fense veillera \u00e0 ce que des mesures de s\u00e9curit\u00e9 appropri\u00e9es et les exigences fonctionnelles de mission soient prises en compte pour un avion utilis\u00e9 pour transporter le pr\u00e9sident des Etats-Unis\u00a0\u00bb.<\/p>\n<p>\u00ab\u00a0Je suis tr\u00e8s reconnaissant\u00a0\u00bb<\/p>\n<p class=\"node__paragraphe antonia-750r text-grey-800 pb-24 pb-md-30\">\nLa Constitution am\u00e9ricaine interdit aux d\u00e9positaires de l\u2019autorit\u00e9 publique d\u2019accepter des cadeaux \u00ab\u00a0de la part d\u2019un roi, d\u2019un prince ou d\u2019un Etat \u00e9tranger\u00a0\u00bb. Mais Donald Trump a fermement d\u00e9fendu son choix d\u2019<a href=\"https:\/\/www.nouvelobs.com\/economie\/20240726.OBS91650\/boeing-comment-un-virage-strategique-a-fait-plonger-le-geant-americain-de-l-aeronautique.html\" rel=\"nofollow noopener\" target=\"_blank\">accepter le Boeing offert par le Qatar<\/a>, assurant qu\u2019il serait \u00ab\u00a0stupide\u00a0\u00bb de refuser un tel cadeau.<\/p>\n<p class=\"latino-500b text-grey-600 pb-16\">A lire aussi<\/p>\n<p><a href=\"https:\/\/www.nouvelobs.com\/monde\/20250318.OBS101574\/la-presidence-trump-demontre-que-les-capitalistes-ne-sont-pas-capables-de-se-gouverner-eux-memes.html\" data-article-key=\"20250318.OBS101574\" class=\"link--box flex-grow-1\" data-piano=\"Page_Article,Lire_aussi,,Lien1,navigation\" rel=\"nofollow noopener\" target=\"_blank\"><\/p>\n<p>                <img decoding=\"async\" src=\"data:image\/svg+xml,%3Csvg%20xmlns%3D%27http%3A%2F%2Fwww.w3.org%2F2000%2Fsvg%27%20fill%3D%22%23e4e4e4%22%20viewBox%3D%270%200%20120%2080%27%20width%3D%22120%22%20height%3D%2280%22%3E%3Cpath%20d%3D%27M0%200h120v80H0z%27%2F%3E%3C%2Fsvg%3E\"  width=\"120\" height=\"80\" loading=\"lazy\" alt=\"Donald Trump s\u2019exprime lors d\u2019une conf\u00e9rence de presse au 40\u00a0Wall Street le 17\u00a0janvier 2024.\"\/><\/p>\n<p class=\"latino-300r latino-lg-600m text-grey-800\">\n                      <strong class=\"latino-300b latino-lg-600m text-grey-500\">Entretien\u00a0<\/strong><br \/>\n                    \u00ab\u00a0La pr\u00e9sidence Trump d\u00e9montre que les capitalistes ne sont pas capables de se gouverner eux-m\u00eames\u00a0\u00bb        <\/p>\n<p><\/a><\/p>\n<p>    Lire\u00a0plus\u00a0tard  <\/p>\n<p class=\"node__paragraphe antonia-750r text-grey-800 pb-24 pb-md-30\">\n\u00ab\u00a0C\u2019est un beau geste venant du Qatar. Je suis tr\u00e8s reconnaissant\u00a0\u00bb, avait-il soulign\u00e9 la semaine derni\u00e8re \u00e0 la Maison Blanche. \u00ab\u00a0Je ne suis pas du genre \u00e0 refuser une telle offre. Je pourrais \u00eatre une personne stupide et dire \u201cNon, nous ne voulons pas qu\u2019on nous donne un avion tr\u00e8s cher\u201d\u00a0\u00bb, avait ajout\u00e9 le pr\u00e9sident am\u00e9ricain.<\/p>\n<p>\u00ab\u00a0De la pure corruption\u00a0\u00bb<\/p>\n<p class=\"node__paragraphe antonia-750r text-grey-800 pb-24 pb-md-30\">\n\u00ab\u00a0Ce n\u2019est pas seulement de la pure corruption, c\u2019est \u00e9galement une menace grave \u00e0 la s\u00e9curit\u00e9 nationale\u00a0\u00bb, avait d\u00e9clar\u00e9 le chef de file des d\u00e9mocrates au S\u00e9nat, Chuck Schumer. Il a propos\u00e9 lundi une loi qui emp\u00eacherait Donald Trump d\u2019utiliser cet appareil comme son avion pr\u00e9sidentiel.<\/p>\n<p class=\"node__paragraphe antonia-750r text-grey-800 pb-24 pb-md-30\">\nElle pr\u00e9voit concr\u00e8tement d\u2019interdire au minist\u00e8re de la D\u00e9fense d\u2019utiliser l\u2019argent du contribuable am\u00e9ricain pour am\u00e9nager en tant qu\u2019avion pr\u00e9sidentiel tout appareil ayant auparavant appartenu \u00e0 un gouvernement \u00e9tranger. Mais les d\u00e9mocrates ne disposent pas de majorit\u00e9 au Congr\u00e8s.<\/p>\n<p class=\"latino-600m text-grey-800\">\n<p>  Par\u00a0<br \/>\nLe Nouvel Obs avec AFP    <\/p>\n","protected":false},"excerpt":{"rendered":"Par\u00a0 Le Nouvel Obs avec AFP Publi\u00e9 le 21 mai 2025 \u00e0 21h46 Donald Trump quitte en avion&hellip;\n","protected":false},"author":2,"featured_media":117706,"comment_status":"","ping_status":"","sticky":false,"template":"","format":"standard","meta":{"footnotes":""},"categories":[1589],"tags":[17,23832,23831,11,888,75,14068,73,1866,4822,74,12,15178,14069,1864,1865,1863,308],"class_list":{"0":"post-117705","1":"post","2":"type-post","3":"status-publish","4":"format-standard","5":"has-post-thumbnail","7":"category-etats-unis","8":"tag-17","9":"tag-23832","10":"tag-accepte","11":"tag-actualites","12":"tag-boeing","13":"tag-donald-trump","14":"tag-etats","15":"tag-etats-unis","16":"tag-etats-unis-damerique","17":"tag-luxueux","18":"tag-monde","19":"tag-news","20":"tag-part","21":"tag-unis","22":"tag-united-states","23":"tag-united-states-of-america","24":"tag-us","25":"tag-usa"},"share_on_mastodon":{"url":"https:\/\/pubeurope.com\/@fr\/114547678492259941","error":""},"_links":{"self":[{"href":"https:\/\/www.europesays.com\/fr\/wp-json\/wp\/v2\/posts\/117705","targetHints":{"allow":["GET"]}}],"collection":[{"href":"https:\/\/www.europesays.com\/fr\/wp-json\/wp\/v2\/posts"}],"about":[{"href":"https:\/\/www.europesays.com\/fr\/wp-json\/wp\/v2\/types\/post"}],"author":[{"embeddable":true,"href":"https:\/\/www.europesays.com\/fr\/wp-json\/wp\/v2\/users\/2"}],"replies":[{"embeddable":true,"href":"https:\/\/www.europesays.com\/fr\/wp-json\/wp\/v2\/comments?post=117705"}],"version-history":[{"count":0,"href":"https:\/\/www.europesays.com\/fr\/wp-json\/wp\/v2\/posts\/117705\/revisions"}],"wp:featuredmedia":[{"embeddable":true,"href":"https:\/\/www.europesays.com\/fr\/wp-json\/wp\/v2\/media\/117706"}],"wp:attachment":[{"href":"https:\/\/www.europesays.com\/fr\/wp-json\/wp\/v2\/media?parent=117705"}],"wp:term":[{"taxonomy":"category","embeddable":true,"href":"https:\/\/www.europesays.com\/fr\/wp-json\/wp\/v2\/categories?post=117705"},{"taxonomy":"post_tag","embeddable":true,"href":"https:\/\/www.europesays.com\/fr\/wp-json\/wp\/v2\/tags?post=117705"}],"curies":[{"name":"wp","href":"https:\/\/api.w.org\/{rel}","templated":true}]}}