{"id":117713,"date":"2025-05-21T20:23:13","date_gmt":"2025-05-21T20:23:13","guid":{"rendered":"https:\/\/www.europesays.com\/fr\/117713\/"},"modified":"2025-05-21T20:23:13","modified_gmt":"2025-05-21T20:23:13","slug":"ecarts-de-conduite-reprimandes-sophie-wilmes-na-pas-eu-la-vie-facile-ce-mercredi-au-parlement-europeen","status":"publish","type":"post","link":"https:\/\/www.europesays.com\/fr\/117713\/","title":{"rendered":"Ecarts de conduite, r\u00e9primandes&#8230; Sophie Wilm\u00e8s n&rsquo;a pas eu la vie facile ce mercredi au Parlement europ\u00e9en"},"content":{"rendered":"<p class=\"ap-StoryElement ap-StoryElement--mb ap-StoryText\">La discussion s&rsquo;est ouverte sur les positions du Conseil et de la Commission, qui a envoy\u00e9 pour l&rsquo;occasion son commissaire&#8230; de l&rsquo;Equit\u00e9 interg\u00e9n\u00e9rationnelle, Glenn Micallef. Celui-ci a exprim\u00e9 la \u00ab\u00a0profonde pr\u00e9occupation\u00a0\u00bb de l&rsquo;ex\u00e9cutif europ\u00e9en face \u00e0 la situation humanitaire \u00e0 Gaza, o\u00f9 l&rsquo;aide a \u00e9t\u00e9 bloqu\u00e9e 80 jours. \u00ab\u00a0Au moins 100 enfants sont morts de malnutrition, 70.000 autres sont \u00e0 risque\u00a0\u00bb, a-t-il averti. Il s&rsquo;est \u00e9galement oppos\u00e9 \u00e0 tout durcissement isra\u00e9lien dans l&rsquo;acheminement de l&rsquo;aide.<\/p>\n<p><a href=\"https:\/\/www.dhnet.be\/actu\/monde\/2025\/05\/21\/inacceptable-cest-de-la-folie-crime-odieux-la-communaute-internationale-sinsurge-contre-israel-apres-un-nouveau-scandale-URNERFV5UNF6XATUEOODIJYDQA\/\" target=\"_blank\" rel=\"noopener noreferrer nofollow\" class=\"ap-StoryInterstitialLink ap-StoryElement ap-StoryElement--mb\">\u00ab\u00a0C&rsquo;est de la folie\u00a0\u00bb, \u00ab\u00a0Crime odieux\u00a0\u00bb: la communaut\u00e9 internationale s&rsquo;insurge contre Isra\u00ebl apr\u00e8s un nouveau scandale, un diplomate belge impliqu\u00e9<\/a><\/p>\n<p class=\"ap-StoryElement ap-StoryElement--mb ap-StoryText\">Au PPE, le Belge Wouter Beke a salu\u00e9 l&rsquo;enqu\u00eate europ\u00e9enne sur les violations des droits humains \u00e0 Gaza dans le cadre de la r\u00e9vision de l&rsquo;accord d&rsquo;association UE-Isra\u00ebl. Il a d\u00e9nonc\u00e9 une \u00ab\u00a0famine organis\u00e9e\u00a0\u00bb et des bombardements d&rsquo;h\u00f4pitaux. Tout en rappelant les attaques du 7 octobre, il a estim\u00e9 que seule une suspension rapide de l&rsquo;accord d&rsquo;association serait une r\u00e9ponse appropri\u00e9e.<\/p>\n<p class=\"ap-StoryElement ap-StoryElement--mb ap-StoryText\">Hilde Vautmans (Renew) a, elle, jug\u00e9 insuffisante la simple r\u00e9vision de l&rsquo;accord au vu de la situation sur le terrain. Elle a d\u00e9nonc\u00e9 les tirs isra\u00e9liens contre un convoi de diplomates europ\u00e9ens, dont un Belge, en Cisjordanie, et appel\u00e9 \u00e0 accro\u00eetre la pression sur le Hamas pour la lib\u00e9ration des otages, ainsi que sur Netanyahou \u00ab\u00a0pour mettre fin aux atrocit\u00e9s\u00a0\u00bb.<\/p>\n<p class=\"ap-StoryElement ap-StoryElement--mb ap-StoryText\">\u00c0 gauche, le ton \u00e9tait plus dur. \u00ab\u00a0Quelle valeur le droit international a-t-il si nous ne l&rsquo;appliquons que lorsqu&rsquo;il nous arrange?\u00a0\u00bb, s&rsquo;est indign\u00e9e Iraxte Garcia, pour les Socialistes et d\u00e9mocrates. Son pays, l&rsquo;Espagne, r\u00e9clamait la r\u00e9vision de l&rsquo;accord d&rsquo;association depuis f\u00e9vrier 2024, a-t-elle d\u00e9plor\u00e9.<\/p>\n<p><a href=\"https:\/\/www.dhnet.be\/actu\/monde\/2025\/05\/21\/inacceptable-cest-de-la-folie-crime-odieux-la-communaute-internationale-sinsurge-contre-israel-apres-un-nouveau-scandale-URNERFV5UNF6XATUEOODIJYDQA\/\" target=\"_blank\" rel=\"noopener noreferrer nofollow\" class=\"ap-StoryInterstitialLink ap-StoryElement ap-StoryElement--mb\">Situation \u00e0 Gaza: \u00ab\u00a0La Belgique veut pouvoir larguer du mat\u00e9riel et rapatrier des bless\u00e9s\u00a0\u00bb<\/a><\/p>\n<p class=\"ap-StoryElement ap-StoryElement--mb ap-StoryText\">Dans une d\u00e9claration transmise \u00e0 Belga, le socialiste belge Elio Di Rupo a plaid\u00e9 pour la suspension de l&rsquo;accord d&rsquo;association, l&rsquo;imposition d&rsquo;un embargo sur les armes et l&rsquo;interdiction d&rsquo;importer les produits issus des colonies isra\u00e9liennes en Cisjordanie. \u00ab\u00a0Le projet g\u00e9nocidaire de Netanyahou ne fait plus de doute. Et il est imp\u00e9ratif qu&rsquo;il soit jug\u00e9 pour ses actes\u00a0\u00bb, a-t-il estim\u00e9.<\/p>\n<p class=\"ap-StoryElement ap-StoryElement--mb ap-StoryText\">La d\u00e9put\u00e9e Saskia Bricmont (Ecolo) a elle aussi appel\u00e9 \u00e0 suspendre l&rsquo;accord d&rsquo;association UE-Isra\u00ebl et \u00e0 prendre des sanctions face au \u00ab\u00a0g\u00e9nocide\u00a0\u00bb en cours. \u00ab\u00a0L&rsquo;Union europ\u00e9enne ne peut plus fermer les yeux. Elle est le premier partenaire commercial d&rsquo;Isra\u00ebl. Elle a d\u00e9j\u00e0 sanctionn\u00e9 plus de 30 pays pour des violations similaires. Pourquoi pas Isra\u00ebl?\u00a0\u00bb, s&rsquo;est-elle interrog\u00e9e.<\/p>\n<p class=\"ap-StoryElement ap-StoryElement--mb ap-StoryText\">Le d\u00e9bat a \u00e9t\u00e9 \u00e9maill\u00e9 de passes d&rsquo;armes, notamment lorsqu&rsquo;une d\u00e9put\u00e9e de La Gauche a accus\u00e9 un \u00e9lu d&rsquo;extr\u00eame droite de justifier le massacre d&rsquo;enfants. <a href=\"https:\/\/www.dhnet.be\/actualite\/personne\/sophie-wilmes\/\" target=\"_blank\" rel=\"nofollow noopener\">Sophie Wilm\u00e8s<\/a>, qui pr\u00e9sidait, a rappel\u00e9 \u00e0 l&rsquo;ordre plusieurs d\u00e9put\u00e9s pour des \u00e9carts de conduite ou d\u00e9passements de temps de parole, et a r\u00e9primand\u00e9 ceux arborant des symboles palestiniens ou des t-shirts militants, en principe interdits dans l&rsquo;h\u00e9micycle.<\/p>\n","protected":false},"excerpt":{"rendered":"La discussion s&rsquo;est ouverte sur les positions du Conseil et de la Commission, qui a envoy\u00e9 pour l&rsquo;occasion&hellip;\n","protected":false},"author":2,"featured_media":117714,"comment_status":"","ping_status":"","sticky":false,"template":"","format":"standard","meta":{"footnotes":""},"categories":[1586],"tags":[11,2120,1777,674,1779,1011,27,12,23833,25,1778,364],"class_list":{"0":"post-117713","1":"post","2":"type-post","3":"status-publish","4":"format-standard","5":"has-post-thumbnail","7":"category-europe","8":"tag-actualites","9":"tag-conflit","10":"tag-eu","11":"tag-europe","12":"tag-european-union","13":"tag-fr","14":"tag-france","15":"tag-news","16":"tag-parleuro","17":"tag-republique-francaise","18":"tag-ue","19":"tag-union-europeenne"},"share_on_mastodon":{"url":"https:\/\/pubeurope.com\/@fr\/114547694226072944","error":""},"_links":{"self":[{"href":"https:\/\/www.europesays.com\/fr\/wp-json\/wp\/v2\/posts\/117713","targetHints":{"allow":["GET"]}}],"collection":[{"href":"https:\/\/www.europesays.com\/fr\/wp-json\/wp\/v2\/posts"}],"about":[{"href":"https:\/\/www.europesays.com\/fr\/wp-json\/wp\/v2\/types\/post"}],"author":[{"embeddable":true,"href":"https:\/\/www.europesays.com\/fr\/wp-json\/wp\/v2\/users\/2"}],"replies":[{"embeddable":true,"href":"https:\/\/www.europesays.com\/fr\/wp-json\/wp\/v2\/comments?post=117713"}],"version-history":[{"count":0,"href":"https:\/\/www.europesays.com\/fr\/wp-json\/wp\/v2\/posts\/117713\/revisions"}],"wp:featuredmedia":[{"embeddable":true,"href":"https:\/\/www.europesays.com\/fr\/wp-json\/wp\/v2\/media\/117714"}],"wp:attachment":[{"href":"https:\/\/www.europesays.com\/fr\/wp-json\/wp\/v2\/media?parent=117713"}],"wp:term":[{"taxonomy":"category","embeddable":true,"href":"https:\/\/www.europesays.com\/fr\/wp-json\/wp\/v2\/categories?post=117713"},{"taxonomy":"post_tag","embeddable":true,"href":"https:\/\/www.europesays.com\/fr\/wp-json\/wp\/v2\/tags?post=117713"}],"curies":[{"name":"wp","href":"https:\/\/api.w.org\/{rel}","templated":true}]}}