{"id":117723,"date":"2025-05-21T20:31:09","date_gmt":"2025-05-21T20:31:09","guid":{"rendered":"https:\/\/www.europesays.com\/fr\/117723\/"},"modified":"2025-05-21T20:31:09","modified_gmt":"2025-05-21T20:31:09","slug":"la-ffbb-propose-a-marmande-de-monter-en-nm1-le-bbm-sinterroge-et-consulte-ses-supporters","status":"publish","type":"post","link":"https:\/\/www.europesays.com\/fr\/117723\/","title":{"rendered":"La FFBB propose \u00e0 Marmande de monter en NM1 : le BBM s&rsquo;interroge et consulte ses supporters"},"content":{"rendered":"<p>\u00ab\u00a0Aussi, nous souhaitions partager cette nouvelle avec vous et avoir votre avis sur le sujet\u00a0\u00bb, conclut le pr\u00e9sident du Beyssac Beaupuy Marmande, Jean-Fran\u00e7ois Kicin, apr\u00e8s un long texte. De quel sujet peut-il bien s\u2019agir pour que le club se tourne vers sa communaut\u00e9 ? D\u2019un nouveau logo ? De la date de la soir\u00e9e de fin de saison ? Non, il s\u2019agit tout simplement d\u2019une\u2026 \u00e9ventuelle mont\u00e9e en Nationale 1.<\/p>\n<p>En annon\u00e7ant ce mercredi matin que la FFBB lui avait propos\u00e9 d\u2019acc\u00e9der \u00e0 la NM1, le BBM a indirectement confirm\u00e9 <a target=\"_blank\" rel=\"noopener\" href=\"https:\/\/www.bebasket.fr\/lesms-devrait-refuser-la-montee-en-nationale-1-malgre-une-saison-historique\">le refus de l\u2019ESMS<\/a>, pourtant premier de la poule B de NM2, d\u2019aller d\u00e9couvrir la troisi\u00e8me division. Par cons\u00e9quent, la f\u00e9d\u00e9ration a invit\u00e9 son dauphin marmandais \u00e0 venir occuper \u00ab\u00a0la place vacante\u00a0\u00bb.<\/p>\n<p><strong>\u00ab\u00a0Le devoir de prudence est de mise\u00a0\u00bb<\/strong><\/p>\n<p>Quasiment un couronnement pour le club lot-et-garonnais, cens\u00e9 \u00eatre rel\u00e9gu\u00e9 en Nationale 3 l\u2019an dernier, jamais vu \u00e0 ce niveau, un mois apr\u00e8s avoir ouvert son palmar\u00e8s \u00e0 Bercy en remportant le <a target=\"_blank\" rel=\"noopener\" href=\"https:\/\/www.bebasket.fr\/les-petits-branleurs-du-bb-marmande-ecrivent-lhistoire-du-club-avec-le-trophee-coupe-de-france\">Troph\u00e9e Coupe de France<\/a>. Mais une telle d\u00e9cision ne se prend pas \u00e0 la l\u00e9g\u00e8re et on sent bien \u00e0 travers les lignes \u00e9crites par Jean-Fran\u00e7ois Kicin que le BBM est un peu r\u00e9ticent.<\/p>\n<p>LIRE AUSSI<\/p>\n<p><a title=\"\u00ab\u00a0Les petits branleurs\u00a0\u00bb du BB Marmande \u00e9crivent l\u2019histoire du club avec le Troph\u00e9e Coupe de France !\" href=\"https:\/\/www.bebasket.fr\/les-petits-branleurs-du-bb-marmande-ecrivent-lhistoire-du-club-avec-le-trophee-coupe-de-france\" target=\"_blank\" rel=\"noopener\"> <img decoding=\"async\" src=\"https:\/\/www.europesays.com\/fr\/wp-content\/uploads\/2025\/05\/lw-26491-scaled-1f022278-9a91-6a72-8832-63a2c09d71f3.jpg\" alt=\"\"\/> <\/a><\/p>\n<p>\u00ab\u00a0Notre r\u00e9ponse \u00e0 cette proposition ne pourrait \u00eatre accept\u00e9e qu\u2019apr\u00e8s consultation des partenaires, institutionnels et priv\u00e9s ainsi que des collectivit\u00e9s. Notre devoir de prudence est de mise. C\u2019est in\u00e9dit, mais cette lourde d\u00e9cision qui nous revient ne doit pas remettre en cause la p\u00e9rennit\u00e9 du club, dans un contexte \u00e9conomique morose.\u00a0\u00bb<\/p>\n<p><strong>Un refus, comme l\u2019ESMS ?<\/strong><\/p>\n<p>Ainsi, en dehors de l\u2019appel aux supporters, le club va surtout consulter les trois municipalit\u00e9s concern\u00e9es, \u00e0 commencer par la mairie de Marmande, afin d\u2019\u00e9tudier la question avec elles. L\u2019enjeu est simple : 30 ans pile apr\u00e8s sa cr\u00e9ation, le BBM doit-il abandonner le costume de club amateur pour s\u2019engager dans une \u00e9prouvante saison de Nationale 1, avec son format quasiment professionnel, ses 40 matchs \u00e0 travers la France et toutes les contraintes \/ opportunit\u00e9s induites ? La FFBB attend une r\u00e9ponse rapide.<\/p>\n","protected":false},"excerpt":{"rendered":"\u00ab\u00a0Aussi, nous souhaitions partager cette nouvelle avec vous et avoir votre avis sur le sujet\u00a0\u00bb, conclut le pr\u00e9sident&hellip;\n","protected":false},"author":2,"featured_media":117724,"comment_status":"","ping_status":"","sticky":false,"template":"","format":"standard","meta":{"footnotes":""},"categories":[1414],"tags":[1465,1464,1011,27,60],"class_list":{"0":"post-117723","1":"post","2":"type-post","3":"status-publish","4":"format-standard","5":"has-post-thumbnail","7":"category-basket","8":"tag-basket","9":"tag-basketball","10":"tag-fr","11":"tag-france","12":"tag-sports"},"share_on_mastodon":{"url":"https:\/\/pubeurope.com\/@fr\/114547725708394748","error":""},"_links":{"self":[{"href":"https:\/\/www.europesays.com\/fr\/wp-json\/wp\/v2\/posts\/117723","targetHints":{"allow":["GET"]}}],"collection":[{"href":"https:\/\/www.europesays.com\/fr\/wp-json\/wp\/v2\/posts"}],"about":[{"href":"https:\/\/www.europesays.com\/fr\/wp-json\/wp\/v2\/types\/post"}],"author":[{"embeddable":true,"href":"https:\/\/www.europesays.com\/fr\/wp-json\/wp\/v2\/users\/2"}],"replies":[{"embeddable":true,"href":"https:\/\/www.europesays.com\/fr\/wp-json\/wp\/v2\/comments?post=117723"}],"version-history":[{"count":0,"href":"https:\/\/www.europesays.com\/fr\/wp-json\/wp\/v2\/posts\/117723\/revisions"}],"wp:featuredmedia":[{"embeddable":true,"href":"https:\/\/www.europesays.com\/fr\/wp-json\/wp\/v2\/media\/117724"}],"wp:attachment":[{"href":"https:\/\/www.europesays.com\/fr\/wp-json\/wp\/v2\/media?parent=117723"}],"wp:term":[{"taxonomy":"category","embeddable":true,"href":"https:\/\/www.europesays.com\/fr\/wp-json\/wp\/v2\/categories?post=117723"},{"taxonomy":"post_tag","embeddable":true,"href":"https:\/\/www.europesays.com\/fr\/wp-json\/wp\/v2\/tags?post=117723"}],"curies":[{"name":"wp","href":"https:\/\/api.w.org\/{rel}","templated":true}]}}