{"id":117727,"date":"2025-05-21T20:33:08","date_gmt":"2025-05-21T20:33:08","guid":{"rendered":"https:\/\/www.europesays.com\/fr\/117727\/"},"modified":"2025-05-21T20:33:08","modified_gmt":"2025-05-21T20:33:08","slug":"nouvelles-rassurantes-apres-le-malaise-cardiaque-dun-joueur-de-17-ans-evoluant-a-monaco","status":"publish","type":"post","link":"https:\/\/www.europesays.com\/fr\/117727\/","title":{"rendered":"nouvelles rassurantes apr\u00e8s le malaise cardiaque d\u2019un joueur de 17 ans, \u00e9voluant \u00e0 Monaco"},"content":{"rendered":"<p>Durant la finale du Challenge Espoirs opposant le Stade Rennais \u00e0 l\u2019AS Monaco, ce mercredi, le jeune Samuel Nibomb\u00e9 s\u2019est \u00e9croul\u00e9 tout seul sur la pelouse. Son club a donn\u00e9 des nouvelles rassurantes apr\u00e8s l\u2019arr\u00eat d\u00e9finitif du match.<\/p>\n<p class=\"fig-paragraph\">Vive inqui\u00e9tude \u00e0 Rennes. Ce mercredi, durant la finale du Challenge Espoirs entre le Stade Rennais et\u00a0<a href=\"http:\/\/www.lefigaro.fr\/flash-actu\/ligue-1-monaco-compte-bien-garder-ben-seghir-alors-qu-akliouche-peut-partir-20250519\" target=\"_blank\" data-fig-type=\"NewsFlash\" rel=\"noopener\" data-gtm-custom-categorie=\"navigation\" data-gtm-custom-action=\"crossclick\" data-gtm-custom-label=\"Contextuel\" data-gtm-event=\"customEventSPE\" data-fig-domain=\"LEFIGARO\">l\u2019AS Monaco<\/a>, le jeune milieu mon\u00e9gasque Samuel Nibomb\u00e9 s\u2019est \u00e9croul\u00e9 tout seul au milieu de terrain. Le jeu a \u00e9t\u00e9 imm\u00e9diatement arr\u00eat\u00e9 afin que les secours interviennent sur la pelouse du Roazhon Park.<\/p>\n<p class=\"fig-paragraph\">Des barri\u00e8res ont ensuite \u00e9t\u00e9 install\u00e9es autour du joueur de 17 ans, capitaine de la s\u00e9lection U18 de Belgique. Ce dernier a re\u00e7u des massages cardiaques selon le commentateur du match diffus\u00e9 sur FFF TV et un d\u00e9fibrillateur a \u00e9t\u00e9 utilis\u00e9, a indiqu\u00e9 le journaliste d\u2019Ici Armorique Fran\u00e7ois Rauzy. La cha\u00eene de la F\u00e9d\u00e9ration fran\u00e7aise de football a ensuite rendu l\u2019antenne puisque la finale a \u00e9t\u00e9 d\u00e9finitivement stopp\u00e9e.<\/p>\n<p class=\"fig-paragraph\">Alors que la frayeur fut extr\u00eame, l\u2019AS Monaco a rapidement donn\u00e9 des nouvelles de son prot\u00e9g\u00e9. \u00abMatch d\u00e9finitivement arr\u00eat\u00e9 \u00e0 Rennes. Des nouvelles rassurantes nous parviennent concernant Samuel Nibomb\u00e9. Conscient, il a \u00e9t\u00e9 conduit \u00e0 l\u2019h\u00f4pital pour y passer des examens.\u00bb, a communiqu\u00e9 le club de la Principaut\u00e9. Avant d\u2019ajouter\u00a0: \u00abToutes nos pens\u00e9es vont vers Samuel, sa famille et ses proches.\u00bb<\/p>\n","protected":false},"excerpt":{"rendered":"Durant la finale du Challenge Espoirs opposant le Stade Rennais \u00e0 l\u2019AS Monaco, ce mercredi, le jeune Samuel&hellip;\n","protected":false},"author":2,"featured_media":117728,"comment_status":"","ping_status":"","sticky":false,"template":"","format":"standard","meta":{"footnotes":""},"categories":[1412],"tags":[2266,454,69,448,83,451,64,450,449,1451,1452,1453,1454,1455,1011,27,452,453,66,446,447,70,60,455],"class_list":{"0":"post-117727","1":"post","2":"type-post","3":"status-publish","4":"format-standard","5":"has-post-thumbnail","7":"category-f1","8":"tag-as-monaco","9":"tag-ballon-dor","10":"tag-bundesliga","11":"tag-champions-league","12":"tag-coupe-de-france","13":"tag-coupe-du-monde","14":"tag-equipe-de-france","15":"tag-euro","16":"tag-europa-league","17":"tag-f1","18":"tag-formula-1","19":"tag-formula1","20":"tag-formule-1","21":"tag-formule1","22":"tag-fr","23":"tag-france","24":"tag-italie","25":"tag-liga","26":"tag-ligue-1","27":"tag-ligue-2","28":"tag-ligue-des-champions","29":"tag-premier-league","30":"tag-sports","31":"tag-uefa"},"share_on_mastodon":{"url":"https:\/\/pubeurope.com\/@fr\/114547734394828951","error":""},"_links":{"self":[{"href":"https:\/\/www.europesays.com\/fr\/wp-json\/wp\/v2\/posts\/117727","targetHints":{"allow":["GET"]}}],"collection":[{"href":"https:\/\/www.europesays.com\/fr\/wp-json\/wp\/v2\/posts"}],"about":[{"href":"https:\/\/www.europesays.com\/fr\/wp-json\/wp\/v2\/types\/post"}],"author":[{"embeddable":true,"href":"https:\/\/www.europesays.com\/fr\/wp-json\/wp\/v2\/users\/2"}],"replies":[{"embeddable":true,"href":"https:\/\/www.europesays.com\/fr\/wp-json\/wp\/v2\/comments?post=117727"}],"version-history":[{"count":0,"href":"https:\/\/www.europesays.com\/fr\/wp-json\/wp\/v2\/posts\/117727\/revisions"}],"wp:featuredmedia":[{"embeddable":true,"href":"https:\/\/www.europesays.com\/fr\/wp-json\/wp\/v2\/media\/117728"}],"wp:attachment":[{"href":"https:\/\/www.europesays.com\/fr\/wp-json\/wp\/v2\/media?parent=117727"}],"wp:term":[{"taxonomy":"category","embeddable":true,"href":"https:\/\/www.europesays.com\/fr\/wp-json\/wp\/v2\/categories?post=117727"},{"taxonomy":"post_tag","embeddable":true,"href":"https:\/\/www.europesays.com\/fr\/wp-json\/wp\/v2\/tags?post=117727"}],"curies":[{"name":"wp","href":"https:\/\/api.w.org\/{rel}","templated":true}]}}