{"id":11773,"date":"2025-04-09T04:19:08","date_gmt":"2025-04-09T04:19:08","guid":{"rendered":"https:\/\/www.europesays.com\/fr\/11773\/"},"modified":"2025-04-09T04:19:08","modified_gmt":"2025-04-09T04:19:08","slug":"le-temps-va-changer-du-tout-au-tout-en-cours-de-semaine","status":"publish","type":"post","link":"https:\/\/www.europesays.com\/fr\/11773\/","title":{"rendered":"le temps va changer du tout au tout en cours de semaine"},"content":{"rendered":"<p>            Par<br \/>\n        <strong><br \/>\n            <a href=\"https:\/\/actu.fr\/auteur\/ugo-maillard\" title=\"Consulter tous les articles de Ugo Maillard\" rel=\"nofollow noopener\" target=\"_blank\">Ugo Maillard<\/a><br \/>\n        <\/strong><\/p>\n<p>        Publi\u00e9 le<\/p>\n<p>            7 avr. 2025 \u00e0 11h22        <\/p>\n<p>Il faudra profiter des rayons de soleil en ce d\u00e9but de semaine. Malgr\u00e9 quelques nuages le lundi 7\u00a0avril 2025, la m\u00e9t\u00e9o devrait \u00eatre tr\u00e8s agr\u00e9able \u00e0 <a href=\"https:\/\/actu.fr\/nice\/\" rel=\"nofollow noopener\" target=\"_blank\">Nice<\/a> et sur la C\u00f4te d\u2019Azur.<\/p>\n<p class=\" wall-content\">De <strong>belles \u00e9claircies<\/strong> et des temp\u00e9ratures agr\u00e9ables sont attendues sur le littoral pour le d\u00e9but de semaine.<\/p>\n<p class=\" wall-content\">Voici les pr\u00e9visions m\u00e9t\u00e9orologiques.<\/p>\n<p>Jusqu\u2019\u00e0 19\u00b0C \u00e0 Nice<\/p>\n<p class=\" wall-content\">Au cours de la journ\u00e9e de lundi, les nuages vont se dissiper pour laisser place \u00e0 de belles \u00e9claircies \u00e0 Nice (<a href=\"https:\/\/actu.fr\/provence-alpes-cote-d-azur\/alpes-maritimes_06\" rel=\"nofollow noopener\" target=\"_blank\">Alpes-Maritimes<\/a>).<\/p>\n<p class=\" wall-content\">Un ciel d\u00e9gag\u00e9 qui devrait perdurer jusqu\u2019au vendredi 11\u00a0avril 2025. Selon les donn\u00e9es de M\u00e9t\u00e9o France, les temp\u00e9ratures seront comprises <strong>entre 11\u00b0C et 19\u00b0C.<\/strong> Des valeurs en accord avec les normales de saison pour un d\u00e9but de mois d\u2019avril.<\/p>\n<p>Vid\u00e9os : en ce moment sur ActuDes averses pour le week-end<\/p>\n<p class=\" wall-content\">Toujours selon les pr\u00e9visions du service officiel de la m\u00e9t\u00e9orologie et de la climatologie en France, le temps devrait changer radicalement \u00e0 partir de l\u2019apr\u00e8s-midi du samedi 12\u00a0avril.<\/p>\n<p class=\" wall-content\">Des <strong>averses soutenues<\/strong> devraient toucher Nice et la C\u00f4te d\u2019Azur. La pluie est annonc\u00e9e durant tout le week-end.<\/p>\n<p class=\" wall-content\">C\u00f4t\u00e9 temp\u00e9ratures, elles seront comprises entre 13\u00b0C et 18\u00b0C.<\/p>\n<p class=\" wall-content\">Suivez toute l\u2019actualit\u00e9 de vos villes et m\u00e9dias favoris en vous inscrivant \u00e0 <a href=\"https:\/\/moncompte.actu.fr\" title=\"D\u00e9couvez Mon Actu\" rel=\"nofollow noopener\" data-trk=\"{&quot;cta&quot;:{&quot;action&quot;:&quot;https:\\\/\\\/moncompte.actu.fr&quot;,&quot;category&quot;:&quot;mon compte&quot;,&quot;from&quot;:&quot;article footer&quot;,&quot;name&quot;:&quot;Mon actu&quot;,&quot;type&quot;:&quot;cta&quot;}}\" target=\"_blank\">Mon Actu<\/a>.<\/p>\n","protected":false},"excerpt":{"rendered":"Par Ugo Maillard Publi\u00e9 le 7 avr. 2025 \u00e0 11h22 Il faudra profiter des rayons de soleil en&hellip;\n","protected":false},"author":2,"featured_media":11774,"comment_status":"","ping_status":"","sticky":false,"template":"","format":"standard","meta":{"footnotes":""},"categories":[2819],"tags":[1111,11,1777,674,1011,27,2487,2357,12,2401,882,25],"class_list":{"0":"post-11773","1":"post","2":"type-post","3":"status-publish","4":"format-standard","5":"has-post-thumbnail","7":"category-nice","8":"tag-actu","9":"tag-actualites","10":"tag-eu","11":"tag-europe","12":"tag-fr","13":"tag-france","14":"tag-meteo","15":"tag-meteo-france","16":"tag-news","17":"tag-nice","18":"tag-provence-alpes-cote-dazur","19":"tag-republique-francaise"},"share_on_mastodon":{"url":"https:\/\/pubeurope.com\/@fr\/114306086574426230","error":""},"_links":{"self":[{"href":"https:\/\/www.europesays.com\/fr\/wp-json\/wp\/v2\/posts\/11773","targetHints":{"allow":["GET"]}}],"collection":[{"href":"https:\/\/www.europesays.com\/fr\/wp-json\/wp\/v2\/posts"}],"about":[{"href":"https:\/\/www.europesays.com\/fr\/wp-json\/wp\/v2\/types\/post"}],"author":[{"embeddable":true,"href":"https:\/\/www.europesays.com\/fr\/wp-json\/wp\/v2\/users\/2"}],"replies":[{"embeddable":true,"href":"https:\/\/www.europesays.com\/fr\/wp-json\/wp\/v2\/comments?post=11773"}],"version-history":[{"count":0,"href":"https:\/\/www.europesays.com\/fr\/wp-json\/wp\/v2\/posts\/11773\/revisions"}],"wp:featuredmedia":[{"embeddable":true,"href":"https:\/\/www.europesays.com\/fr\/wp-json\/wp\/v2\/media\/11774"}],"wp:attachment":[{"href":"https:\/\/www.europesays.com\/fr\/wp-json\/wp\/v2\/media?parent=11773"}],"wp:term":[{"taxonomy":"category","embeddable":true,"href":"https:\/\/www.europesays.com\/fr\/wp-json\/wp\/v2\/categories?post=11773"},{"taxonomy":"post_tag","embeddable":true,"href":"https:\/\/www.europesays.com\/fr\/wp-json\/wp\/v2\/tags?post=11773"}],"curies":[{"name":"wp","href":"https:\/\/api.w.org\/{rel}","templated":true}]}}