{"id":117733,"date":"2025-05-21T20:36:08","date_gmt":"2025-05-21T20:36:08","guid":{"rendered":"https:\/\/www.europesays.com\/fr\/117733\/"},"modified":"2025-05-21T20:36:08","modified_gmt":"2025-05-21T20:36:08","slug":"un-rappeur-nord-irlandais-du-groupe-kneecap-soupconne-de-soutien-au-hezbollah","status":"publish","type":"post","link":"https:\/\/www.europesays.com\/fr\/117733\/","title":{"rendered":"Un rappeur nord-irlandais du groupe Kneecap soup\u00e7onn\u00e9 de soutien au Hezbollah"},"content":{"rendered":"<p class=\"fig-paragraph\">Liam O&rsquo;Hanna, l&rsquo;un des membres du\u00a0<a href=\"http:\/\/www.lefigaro.fr\/musique\/apres-ses-propos-polemiques-le-groupe-de-rap-kneecap-vise-par-une-enquete-de-la-police-antiterroriste-20250502\" data-fig-type=\"NewsFlash\" data-gtm-custom-categorie=\"navigation\" data-gtm-custom-action=\"crossclick\" data-gtm-custom-label=\"Contextuel\" data-gtm-event=\"customEventSPE\" data-fig-domain=\"LEFIGARO\" rel=\"nofollow noopener\" target=\"_blank\">groupe de rap nord-irlandais<\/a>\u00a0Kneecap, a \u00e9t\u00e9 inculp\u00e9 pour offense terroriste pour avoir brandi lors d&rsquo;un concert en novembre \u00e0 Londres un\u00a0<a href=\"http:\/\/www.lefigaro.fr\/musique\/malgre-la-polemique-le-groupe-kneecap-maintient-ses-messages-anti-israeliens-proferes-a-coachella-20250425\" data-fig-type=\"NewsFlash\" data-gtm-custom-categorie=\"navigation\" data-gtm-custom-action=\"crossclick\" data-gtm-custom-label=\"Contextuel\" data-gtm-event=\"customEventSPE\" data-fig-domain=\"LEFIGARO\" rel=\"nofollow noopener\" target=\"_blank\">drapeau du Hezbollah<\/a>, a annonc\u00e9 la police londonienne mercredi soir.<\/p>\n<p class=\"fig-paragraph\">Lors d&rsquo;un concert au O2 Forum \u00e0 Londres, le chanteur a \u00abbrandi (&#8230;) un drapeau, d&rsquo;une mani\u00e8re ou dans des circonstances qui font raisonnablement soup\u00e7onner qu&rsquo;il est un partisan d&rsquo;une organisation interdite, \u00e0 savoir le Hezbollah\u00bb, un d\u00e9lit inscrit dans la loi sur le terrorisme de 2000, a indiqu\u00e9 la police dans un communiqu\u00e9. Le Hezbollah est consid\u00e9r\u00e9 comme un groupe terroriste au Royaume-Uni.<\/p>\n","protected":false},"excerpt":{"rendered":"Liam O&rsquo;Hanna, l&rsquo;un des membres du\u00a0groupe de rap nord-irlandais\u00a0Kneecap, a \u00e9t\u00e9 inculp\u00e9 pour offense terroriste pour avoir brandi&hellip;\n","protected":false},"author":2,"featured_media":117734,"comment_status":"","ping_status":"","sticky":false,"template":"","format":"standard","meta":{"footnotes":""},"categories":[1359],"tags":[1111,47,11,1109,1112,58,59,118,1108,107,1106,1107,1011,27,7295,1110,1114,14,516,12,1113,973,316,6198],"class_list":{"0":"post-117733","1":"post","2":"type-post","3":"status-publish","4":"format-standard","5":"has-post-thumbnail","7":"category-people","8":"tag-actu","9":"tag-actualite","10":"tag-actualites","11":"tag-breves","12":"tag-depeches","13":"tag-divertissement","14":"tag-entertainment","15":"tag-faits-divers","16":"tag-fil","17":"tag-fil-info","18":"tag-flash","19":"tag-flash-actu","20":"tag-fr","21":"tag-france","22":"tag-hezbollah","23":"tag-informations","24":"tag-infos","25":"tag-international","26":"tag-irlande","27":"tag-news","28":"tag-nouvelles","29":"tag-people","30":"tag-politique","31":"tag-rappeur"},"share_on_mastodon":{"url":"","error":""},"_links":{"self":[{"href":"https:\/\/www.europesays.com\/fr\/wp-json\/wp\/v2\/posts\/117733","targetHints":{"allow":["GET"]}}],"collection":[{"href":"https:\/\/www.europesays.com\/fr\/wp-json\/wp\/v2\/posts"}],"about":[{"href":"https:\/\/www.europesays.com\/fr\/wp-json\/wp\/v2\/types\/post"}],"author":[{"embeddable":true,"href":"https:\/\/www.europesays.com\/fr\/wp-json\/wp\/v2\/users\/2"}],"replies":[{"embeddable":true,"href":"https:\/\/www.europesays.com\/fr\/wp-json\/wp\/v2\/comments?post=117733"}],"version-history":[{"count":0,"href":"https:\/\/www.europesays.com\/fr\/wp-json\/wp\/v2\/posts\/117733\/revisions"}],"wp:featuredmedia":[{"embeddable":true,"href":"https:\/\/www.europesays.com\/fr\/wp-json\/wp\/v2\/media\/117734"}],"wp:attachment":[{"href":"https:\/\/www.europesays.com\/fr\/wp-json\/wp\/v2\/media?parent=117733"}],"wp:term":[{"taxonomy":"category","embeddable":true,"href":"https:\/\/www.europesays.com\/fr\/wp-json\/wp\/v2\/categories?post=117733"},{"taxonomy":"post_tag","embeddable":true,"href":"https:\/\/www.europesays.com\/fr\/wp-json\/wp\/v2\/tags?post=117733"}],"curies":[{"name":"wp","href":"https:\/\/api.w.org\/{rel}","templated":true}]}}