{"id":117741,"date":"2025-05-21T20:40:16","date_gmt":"2025-05-21T20:40:16","guid":{"rendered":"https:\/\/www.europesays.com\/fr\/117741\/"},"modified":"2025-05-21T20:40:16","modified_gmt":"2025-05-21T20:40:16","slug":"jai-des-trucs-a-prevoir","status":"publish","type":"post","link":"https:\/\/www.europesays.com\/fr\/117741\/","title":{"rendered":"J&rsquo;ai des trucs \u00e0 pr\u00e9voir"},"content":{"rendered":"<p>Apr\u00e8s sa participation \u00e0 l&rsquo;Eurovision, Louane \u00e9tait l&rsquo;invit\u00e9e de Yann Barth\u00e8s dans Quotidien, ce mercredi 21 mai. La chanteuse a cr\u00e9\u00e9 la surprise en annon\u00e7ant son mariage avec son compagnon Florian Rossi. <\/p>\n<p>Samedi 17 mai, Louane a repr\u00e9sent\u00e9 la France \u00e0 l&rsquo;Eurovision. Alors qu&rsquo;elle faisait partie des candidats favoris des bookmakers, la chanteuse, qui a interpr\u00e9t\u00e9 le titre Maman, <a href=\"https:\/\/www.programme-tv.net\/news\/tv\/379140-louane-7e-a-l-eurovision-la-cheffe-de-la-delegation-francaise-sort-du-silence-et-avoue-sa-deception-on-ne-comprend-pas-tout\/\" data-api-deeplink=\"teleloisirs:\/\/news\/379140\" target=\"_blank\" rel=\"noopener\">a fini \u00e0 la 7e place du concours<\/a>. Une v\u00e9ritable d\u00e9ception pour Alexandra Redde-Amiel, la cheffe de la d\u00e9l\u00e9gation fran\u00e7aise. \u00ab\u00a0Parfois, on ne comprend pas tout. L\u2019Eurovision, c\u2019est un tourbillon, une m\u00e9canique parfois impr\u00e9visible et \u00e9tonnante. [\u2026] M\u00eame si nous sommes bien s\u00fbr d\u00e9\u00e7us, rien ne nous retirera la fiert\u00e9 de ce travail immense avec une artiste immense\u00a0\u00bb, a-t-elle r\u00e9agi dans un communiqu\u00e9 publi\u00e9 sur le site de France T\u00e9l\u00e9visions.<\/p>\n<p>Louane soutenue par son fianc\u00e9 Florian Rossi pendant l&rsquo;Eurovision<\/p>\n<p>De son c\u00f4t\u00e9, Louane a r\u00e9agi \u00e0 son classement sur son compte Instagram, o\u00f9 elle a partag\u00e9 une s\u00e9rie de photos retra\u00e7ant sa participation \u00e0 l&rsquo;Eurovision. Une publication qu&rsquo;elle a d\u00e9di\u00e9e \u00e0 sa famille, \u00e0 ses amis, mais \u00e9galement \u00e0 son compagnon Florian Rossi, <a href=\"https:\/\/www.programme-tv.net\/news\/people\/379179-jai-hate-detre-ta-femme-louane-remercie-son-fiance-florian-rossi-pour-son-soutien-sans-faille-a-l-eurovision\/\" data-api-deeplink=\"teleloisirs:\/\/news\/379179\" target=\"_blank\" rel=\"noopener\">qui \u00e9tait pr\u00e9sent \u00e0 ses c\u00f4t\u00e9s le soir de la finale<\/a>. \u00ab\u00a0\u00c0 mon fianc\u00e9 Flo, je ne sais pas comment tu as pu me supporter tout au long de cette \u00e9preuve. Ton amour est si pur, et je suis infiniment reconnaissante de t&rsquo;avoir dans ma vie. J&rsquo;ai h\u00e2te d&rsquo;\u00eatre ta femme. Je t&rsquo;aime, je t&rsquo;aime, je t&rsquo;aime\u00a0\u00bb, a-t-elle \u00e9crit, laissant ainsi entendre qu&rsquo;elle souhaitait \u00e9pouser <a href=\"https:\/\/www.programme-tv.net\/news\/people\/379098-je-vous-aime-louane-partage-des-photos-inedites-de-sa-mere-et-de-sa-fille-esmee-juste-avant-leurovision\/\" data-api-deeplink=\"teleloisirs:\/\/news\/379098\" target=\"_blank\" rel=\"noopener\">le p\u00e8re de sa fille Esm\u00e9e<\/a>. Invit\u00e9e sur le plateau de Quotidien ce mercredi 21 mai, la chanteuse a confirm\u00e9 la bonne nouvelle en d\u00e9clarant qu&rsquo;elle allait prochainement se marier.<\/p>\n<p>                        Louane bient\u00f4t mari\u00e9e \u00e0 son compagnon Florian Rossi<\/p>\n<p>Apr\u00e8s l&rsquo;avoir interrog\u00e9e sur sa participation \u00e0 l&rsquo;Eurovision, <a href=\"https:\/\/www.programme-tv.net\/biographie\/93334-barthes-yann\/\" data-link-people=\"7c4bedca-4fdc-448d-b51e-276a2ccddc8b\" target=\"_blank\" rel=\"noopener\">Yann Barth\u00e8s<\/a> a voulu savoir si Louane serait pr\u00eate \u00e0 retenter sa chance l&rsquo;ann\u00e9e prochaine. \u00ab\u00a0Techniquement, dans les r\u00e8gles, je pourrais mais je vais peut-\u00eatre dormir un peu\u00a0\u00bb, a r\u00e9pondu la chanteuse, qui a plusieurs projets \u00e0 venir. L&rsquo;artiste de 28 ans a en effet expliqu\u00e9 qu&rsquo;elle partirait prochainement en tourn\u00e9e et qu&rsquo;elle allait \u00e9galement se marier. <b>\u00ab\u00a0Dans un an, je suis en tourn\u00e9e. Je suis en tourn\u00e9e \u00e0 partir de septembre jusqu&rsquo;\u00e0 probablement l&rsquo;Eurovision de l&rsquo;ann\u00e9e prochaine, donc \u00e7a va \u00eatre compliqu\u00e9. Puis, je me marie aussi. J&rsquo;ai des trucs \u00e0 pr\u00e9voir, quoi\u00a0\u00bb<\/b>, a-t-elle r\u00e9v\u00e9l\u00e9, provoquant les applaudissements du public. Louane n&rsquo;a toutefois pas d\u00e9voil\u00e9 la date de son union avec Florian Rossi.<\/p>\n","protected":false},"excerpt":{"rendered":"Apr\u00e8s sa participation \u00e0 l&rsquo;Eurovision, Louane \u00e9tait l&rsquo;invit\u00e9e de Yann Barth\u00e8s dans Quotidien, ce mercredi 21 mai. La&hellip;\n","protected":false},"author":2,"featured_media":117742,"comment_status":"","ping_status":"","sticky":false,"template":"","format":"standard","meta":{"footnotes":""},"categories":[1355],"tags":[244,58,59,14255,1011,27,14254,1930,1361,873,1404,8648,1421],"class_list":{"0":"post-117741","1":"post","2":"type-post","3":"status-publish","4":"format-standard","5":"has-post-thumbnail","7":"category-musique","8":"tag-commentaire","9":"tag-divertissement","10":"tag-entertainment","11":"tag-florian-rossi","12":"tag-fr","13":"tag-france","14":"tag-louane-emera","15":"tag-mariage","16":"tag-music","17":"tag-musique","18":"tag-quotidien","19":"tag-tmc","20":"tag-zap"},"share_on_mastodon":{"url":"https:\/\/pubeurope.com\/@fr\/114547761140474818","error":""},"_links":{"self":[{"href":"https:\/\/www.europesays.com\/fr\/wp-json\/wp\/v2\/posts\/117741","targetHints":{"allow":["GET"]}}],"collection":[{"href":"https:\/\/www.europesays.com\/fr\/wp-json\/wp\/v2\/posts"}],"about":[{"href":"https:\/\/www.europesays.com\/fr\/wp-json\/wp\/v2\/types\/post"}],"author":[{"embeddable":true,"href":"https:\/\/www.europesays.com\/fr\/wp-json\/wp\/v2\/users\/2"}],"replies":[{"embeddable":true,"href":"https:\/\/www.europesays.com\/fr\/wp-json\/wp\/v2\/comments?post=117741"}],"version-history":[{"count":0,"href":"https:\/\/www.europesays.com\/fr\/wp-json\/wp\/v2\/posts\/117741\/revisions"}],"wp:featuredmedia":[{"embeddable":true,"href":"https:\/\/www.europesays.com\/fr\/wp-json\/wp\/v2\/media\/117742"}],"wp:attachment":[{"href":"https:\/\/www.europesays.com\/fr\/wp-json\/wp\/v2\/media?parent=117741"}],"wp:term":[{"taxonomy":"category","embeddable":true,"href":"https:\/\/www.europesays.com\/fr\/wp-json\/wp\/v2\/categories?post=117741"},{"taxonomy":"post_tag","embeddable":true,"href":"https:\/\/www.europesays.com\/fr\/wp-json\/wp\/v2\/tags?post=117741"}],"curies":[{"name":"wp","href":"https:\/\/api.w.org\/{rel}","templated":true}]}}