{"id":117743,"date":"2025-05-21T20:41:14","date_gmt":"2025-05-21T20:41:14","guid":{"rendered":"https:\/\/www.europesays.com\/fr\/117743\/"},"modified":"2025-05-21T20:41:14","modified_gmt":"2025-05-21T20:41:14","slug":"fou-presque-ridicule-les-premiers-spectateurs-de-mission-impossible-the-final-reckoning-divises","status":"publish","type":"post","link":"https:\/\/www.europesays.com\/fr\/117743\/","title":{"rendered":"\u00ab\u00a0Fou\u00a0\u00bb, \u00ab\u00a0Presque ridicule\u00a0\u00bb\u2026 Les premiers spectateurs de \u00ab\u00a0Mission Impossible\u00a0: The Final Reckoning\u00a0\u00bb divis\u00e9s"},"content":{"rendered":"<p class=\"paragraph text_align_left\">Sandrine a un grand sourire aux l\u00e8vres. Cette spectatrice de 53\u00a0ans est venue avec son compagnon Andr\u00e9, 71\u00a0ans, pour le retour tant attendu d\u2019Ethan Hunt au <a href=\"https:\/\/www.leparisien.fr\/culture-loisirs\/cinema\/\" target=\"_blank\" rel=\"noreferrer nofollow noopener\">cin\u00e9ma<\/a>, le h\u00e9ros de \u00ab\u00a0Mission Impossible\u00a0\u00bb incarn\u00e9 par <a href=\"https:\/\/www.leparisien.fr\/culture-loisirs\/cinema\/festival-de-cannes\/quil-me-claque-une-bise-au-festival-de-cannes-2025-tom-cruise-apparait-et-cest-lhysterie-14-05-2025-LBGN2TN6YFAWNLIL4ML7OTP4RM.php\" target=\"_blank\" rel=\"noreferrer nofollow noopener\">Tom Cruise<\/a> dans <a href=\"https:\/\/www.leparisien.fr\/culture-loisirs\/cinema\/festival-de-cannes\/cannes-2025-on-a-vu-mission-impossible-the-final-reckoning-et-tom-cruise-nous-a-encore-bluffes-14-05-2025-PQIIA7JWIFFG5G7IKYEMPQ7FEA.php\" target=\"_blank\" rel=\"noreferrer nofollow noopener\">\u00ab\u00a0The Final Reckoning\u00a0\u00bb<\/a> sorti ce mercredi\u2026 Ils \u00e9taient les derniers \u00e0 quitter les lieux en attendant la fin du g\u00e9n\u00e9rique. Et Sandrine a ador\u00e9\u00a0: \u00ab\u00a0Ce n\u2019\u00e9tait pas tr\u00e8s compliqu\u00e9, tellement je suis fan de <a href=\"https:\/\/www.leparisien.fr\/culture-loisirs\/cinema\/mission-impossible-on-a-classe-les-7-films-de-la-saga-portee-par-tom-cruise-du-pire-au-meilleur-06-07-2023-4TNECBYMZ5CB3LLAKBDKTNKDAY.php\" target=\"_blank\" rel=\"noreferrer nofollow noopener\">la saga<\/a>, confie-t-elle. On voulait le voir hier en avant-premi\u00e8re mais malheureusement on n\u2019a pas r\u00e9ussi \u00e0 avoir de place.\u00a0\u00bb<\/p>\n<p class=\"paragraph text_align_left\">Et pour cause. Le film r\u00e9alis\u00e9 par Christopher McQuarrie est l\u2019\u00e9v\u00e9nement du printemps. Il vient cl\u00f4turer la franchise de films d\u2019action et de cascades \u00e0 gogo mondialement connue, qui dure maintenant depuis trente ans. Dans <a href=\"https:\/\/www.leparisien.fr\/culture-loisirs\/cinema\/festival-de-cannes\/cannes-2025-on-a-vu-mission-impossible-the-final-reckoning-et-tom-cruise-nous-a-encore-bluffes-14-05-2025-PQIIA7JWIFFG5G7IKYEMPQ7FEA.php\" target=\"_blank\" rel=\"noreferrer nofollow noopener\">cette ultime aventure<\/a>, l\u2018agent Hunt et son \u00e9quipe doivent finir ce qui avait \u00e9t\u00e9 laiss\u00e9 en suspens dans le pr\u00e9c\u00e9dent film (Dead Reckoning, partie 1)\u00a0: arr\u00eater \u00ab\u00a0l\u2019Entit\u00e9\u00a0\u00bb, une IA machiav\u00e9lique ayant pour but de d\u00e9truire l\u2019humanit\u00e9.<\/p>\n","protected":false},"excerpt":{"rendered":"Sandrine a un grand sourire aux l\u00e8vres. Cette spectatrice de 53\u00a0ans est venue avec son compagnon Andr\u00e9, 71\u00a0ans,&hellip;\n","protected":false},"author":2,"featured_media":117744,"comment_status":"","ping_status":"","sticky":false,"template":"","format":"standard","meta":{"footnotes":""},"categories":[1354],"tags":[650,872,58,59,1346,1011,27,1360],"class_list":{"0":"post-117743","1":"post","2":"type-post","3":"status-publish","4":"format-standard","5":"has-post-thumbnail","7":"category-films","8":"tag-cinema","9":"tag-culture-et-loisirs","10":"tag-divertissement","11":"tag-entertainment","12":"tag-films","13":"tag-fr","14":"tag-france","15":"tag-movies"},"share_on_mastodon":{"url":"https:\/\/pubeurope.com\/@fr\/114547764994085118","error":""},"_links":{"self":[{"href":"https:\/\/www.europesays.com\/fr\/wp-json\/wp\/v2\/posts\/117743","targetHints":{"allow":["GET"]}}],"collection":[{"href":"https:\/\/www.europesays.com\/fr\/wp-json\/wp\/v2\/posts"}],"about":[{"href":"https:\/\/www.europesays.com\/fr\/wp-json\/wp\/v2\/types\/post"}],"author":[{"embeddable":true,"href":"https:\/\/www.europesays.com\/fr\/wp-json\/wp\/v2\/users\/2"}],"replies":[{"embeddable":true,"href":"https:\/\/www.europesays.com\/fr\/wp-json\/wp\/v2\/comments?post=117743"}],"version-history":[{"count":0,"href":"https:\/\/www.europesays.com\/fr\/wp-json\/wp\/v2\/posts\/117743\/revisions"}],"wp:featuredmedia":[{"embeddable":true,"href":"https:\/\/www.europesays.com\/fr\/wp-json\/wp\/v2\/media\/117744"}],"wp:attachment":[{"href":"https:\/\/www.europesays.com\/fr\/wp-json\/wp\/v2\/media?parent=117743"}],"wp:term":[{"taxonomy":"category","embeddable":true,"href":"https:\/\/www.europesays.com\/fr\/wp-json\/wp\/v2\/categories?post=117743"},{"taxonomy":"post_tag","embeddable":true,"href":"https:\/\/www.europesays.com\/fr\/wp-json\/wp\/v2\/tags?post=117743"}],"curies":[{"name":"wp","href":"https:\/\/api.w.org\/{rel}","templated":true}]}}