{"id":117755,"date":"2025-05-21T20:47:10","date_gmt":"2025-05-21T20:47:10","guid":{"rendered":"https:\/\/www.europesays.com\/fr\/117755\/"},"modified":"2025-05-21T20:47:10","modified_gmt":"2025-05-21T20:47:10","slug":"trump-prend-ramaphosa-en-embuscade-avec-des-accusations-de-genocide-blanc-21-05-2025-a-2051","status":"publish","type":"post","link":"https:\/\/www.europesays.com\/fr\/117755\/","title":{"rendered":"Trump prend Ramaphosa en embuscade avec des accusations de \u00ab\u00a0g\u00e9nocide blanc\u00a0\u00bb &#8211; 21\/05\/2025 \u00e0 20:51"},"content":{"rendered":"<p>        <img fetchpriority=\"high\" decoding=\"async\" src=\"https:\/\/www.europesays.com\/fr\/wp-content\/uploads\/2025\/05\/cd0a09a6016a5553c7f69e185baa0e7a-760x507.jpg\" alt=\"Donald Trump accueille Cyril Ramaphosa \u00e0 la Maison Blanche le 21 mai 2025 ( AFP \/ Mandel NGAN )\" loading=\"eager\" width=\"760\" height=\"507\" style=\"max-width: 100%!important; height: auto;\"\/><\/p>\n<p class=\"c-image-news__legend\">Donald Trump accueille Cyril Ramaphosa \u00e0 la Maison Blanche le 21 mai 2025 ( AFP \/ Mandel NGAN )<\/p>\n<p>\n Donald Trump a pris son homologue sud-africain en embuscade mercredi \u00e0 la Maison Blanche en lui montrant des vid\u00e9os cens\u00e9es \u00e9tayer les accusations am\u00e9ricaines selon lesquelles les agriculteurs blancs sud-africains sont victimes de \u00ab\u00a0g\u00e9nocide\u00a0\u00bb.\n<\/p>\n<p>\n Dans une des mises en sc\u00e8ne dont il est friand, le pr\u00e9sident am\u00e9ricain a interrompu les \u00e9changes avec Cyril Ramaphosa dans le Bureau ovale en faisant diffuser des images montrant selon lui des  \u00ab\u00a0familles enti\u00e8res\u00a0\u00bb d&rsquo;agriculteurs blancs fuyant leurs terres et les expropriations forc\u00e9es ainsi que des \u00ab\u00a0tombes de fermiers\u00a0\u00bb blancs.\n<\/p>\n<p>\n \u00ab\u00a0Ils sont tu\u00e9s\u00a0\u00bb, a lanc\u00e9 le pr\u00e9sident am\u00e9ricain.\n<\/p>\n<p>\n \u00ab\u00a0Ce sont des fermiers blancs qui fuient l&rsquo;Afrique du Sud, et c&rsquo;est tr\u00e8s triste \u00e0 voir\u00a0\u00bb, a-t-il poursuivi. \u00ab\u00a0Mais j&rsquo;esp\u00e8re que nous pourrons avoir une explication \u00e0 ce sujet, parce que je sais que vous ne voulez pas cela\u00a0\u00bb.\n<\/p>\n<p>\n M. Ramaphosa a tent\u00e9 \u00e0 plusieurs reprises de prendre la parole sans succ\u00e8s, demandant m\u00eame \u00e0 moment donn\u00e9 \u00e0 pouvoir parler du sujet \u00ab\u00a0calmement\u00a0\u00bb.\n<\/p>\n<p>\n \u00ab\u00a0Nelson Mandela nous a appris qu&rsquo;en cas de probl\u00e8me, les gens doivent s&rsquo;asseoir autour d&rsquo;une table et en parler\u00a0\u00bb, a-t-il dit.\n<\/p>\n<p>\n Depuis son retour au pouvoir en janvier, Donald Trump a fait de l&rsquo;Afrique du Sud l&rsquo;une de ses cibles favorites, d\u00e9non\u00e7ant la discrimination raciale qui vise selon lui la minorit\u00e9 blanche descendant des premiers colons europ\u00e9ens.\n<\/p>\n<p>\n Le pr\u00e9sident am\u00e9ricain affirme, sans preuves tangibles, que les agriculteurs blancs sont victimes de \u00ab\u00a0g\u00e9nocide\u00a0\u00bb dans l&rsquo;ancien pays de l&rsquo;apartheid, accusations que Pretoria rejette cat\u00e9goriquement.\n<\/p>\n<p> &#8211; Remise \u00e0 z\u00e9ro ? &#8211;<\/p>\n<p>\n Elon Musk, homme le plus riche du monde, proche conseiller de Donald Trump et lui-m\u00eame n\u00e9 en Afrique du Sud, \u00e9tait pr\u00e9sent dans le Bureau ovale. Le patron de<br \/>\n <a href=\"https:\/\/www.boursorama.com\/cours\/TSLA\/\" rel=\"nofollow noopener\" target=\"_blank\"><br \/>\n  Tesla<br \/>\n <\/a><br \/>\n , SpaceX et X est un chantre tr\u00e8s actif des accusations de \u00ab\u00a0lois racistes\u00a0\u00bb qui viseraient la minorit\u00e9 blanche dans son pays natal.\n<\/p>\n<\/p>\n<p>\n La semaine derni\u00e8re, les Etats-Unis ont officiellement accueilli 49 Afrikaners reconnus comme \u00ab\u00a0r\u00e9fugi\u00e9s\u00a0\u00bb, une initiative tr\u00e8s mal re\u00e7ue par Pretoria.\n<\/p>\n<p>\n C&rsquo;est de cette partie de la population blanche que sont issus les dirigeants politiques qui ont institu\u00e9 l&rsquo;apartheid, syst\u00e8me de s\u00e9gr\u00e9gation raciale ayant priv\u00e9 la population noire &#8211; tr\u00e8s majoritaire &#8211; de la plupart de ses droits de 1948 jusqu&rsquo;au d\u00e9but des ann\u00e9es 1990.\n<\/p>\n<p>\n Cet accueil tranche avec le raidissement de la politique d&rsquo;immigration depuis le retour au pouvoir de Donald Trump, qui a promis des expulsions massives d&rsquo;immigr\u00e9s clandestins tandis que les arriv\u00e9es des demandeurs d&rsquo;asile sont quasiment suspendues.\n<\/p>\n<p>\n Donald Trump a \u00e9galement menac\u00e9 de snober le premier sommet du G20 sur le continent africain en novembre \u00e0 Johannesburg et a fait expulser l&rsquo;ambassadeur sud-africain \u00e0 Washington en mars.\n<\/p>\n<p>        <img decoding=\"async\" src=\"https:\/\/www.europesays.com\/fr\/wp-content\/uploads\/2025\/05\/4afd5e257c95b85195afa2267f2699bb-760x506.jpg\" alt=\"Logo du robot conversationnel Grok, d\u00e9velopp\u00e9 par l'entreprise d'IA d'Elon Musk, xAI, le 13 janvier 2025 \u00e0 Toulouse ( AFP \/ Lionel BONAVENTURE )\" loading=\"eager\" width=\"760\" height=\"506\" style=\"max-width: 100%!important; height: auto;\"\/><\/p>\n<p class=\"c-image-news__legend\">Logo du robot conversationnel Grok, d\u00e9velopp\u00e9 par l&rsquo;entreprise d&rsquo;IA d&rsquo;Elon Musk, xAI, le 13 janvier 2025 \u00e0 Toulouse ( AFP \/ Lionel BONAVENTURE )<\/p>\n<p>\n Seuls 7,3% des Sud-Africains sont blancs mais cette minorit\u00e9 poss\u00e8de la plupart des terres agricoles, selon les statistiques officielles.\n<\/p>\n<p>\n Lors de cette visite, l&rsquo;Afrique du Sud cherchera en priorit\u00e9 \u00e0 maintenir ses relations commerciales avec les Etats-Unis face aux droits de douane, afin notamment de prot\u00e9ger ses exportations, avait d\u00e9clar\u00e9 mardi le porte-parole de la pr\u00e9sidence sud-africaine, Vincent Magwenya. Les Etats-Unis sont le deuxi\u00e8me partenaire commercial de Pretoria derri\u00e8re la Chine.\n<\/p>\n<p>\n La rencontre doit permettre de \u00ab\u00a0remettre \u00e0 z\u00e9ro les relations\u00a0\u00bb entre les deux pays, a plaid\u00e9 le pr\u00e9sident sud-africain.\n<\/p>\n<p>\n Cyril Ramaphosa \u00e9tait accompagn\u00e9 pour la rencontre de deux champions de golf, Ernie Els et Retief Goosen, ainsi de l&rsquo;homme d&rsquo;affaires le plus riche d&rsquo;Afrique du Sud, Johann Rupert, tout trois afrikaners.\n<\/p>\n<p>\n Au-del\u00e0 de cette pol\u00e9mique, l&rsquo;administration Trump ne d\u00e9col\u00e8re pas contre Pretoria en raison de sa plainte pour g\u00e9nocide visant Isra\u00ebl devant la Cour internationale de justice (CIJ).<\/p>\n","protected":false},"excerpt":{"rendered":"Donald Trump accueille Cyril Ramaphosa \u00e0 la Maison Blanche le 21 mai 2025 ( AFP \/ Mandel NGAN&hellip;\n","protected":false},"author":2,"featured_media":117756,"comment_status":"","ping_status":"","sticky":false,"template":"","format":"standard","meta":{"footnotes":""},"categories":[5],"tags":[400,11,398,408,405,1011,27,403,14,402,399,404,12,401,406,407,28],"class_list":{"0":"post-117755","1":"post","2":"type-post","3":"status-publish","4":"format-standard","5":"has-post-thumbnail","7":"category-international","8":"tag-action-cac-40","9":"tag-actualites","10":"tag-bourse-de-paris","11":"tag-boursorama","12":"tag-cotations","13":"tag-fr","14":"tag-france","15":"tag-indices-devises","16":"tag-international","17":"tag-investir","18":"tag-investissement","19":"tag-marche-boursier","20":"tag-news","21":"tag-sicav","22":"tag-trackers","23":"tag-warrants","24":"tag-world"},"share_on_mastodon":{"url":"https:\/\/pubeurope.com\/@fr\/114547788628689883","error":""},"_links":{"self":[{"href":"https:\/\/www.europesays.com\/fr\/wp-json\/wp\/v2\/posts\/117755","targetHints":{"allow":["GET"]}}],"collection":[{"href":"https:\/\/www.europesays.com\/fr\/wp-json\/wp\/v2\/posts"}],"about":[{"href":"https:\/\/www.europesays.com\/fr\/wp-json\/wp\/v2\/types\/post"}],"author":[{"embeddable":true,"href":"https:\/\/www.europesays.com\/fr\/wp-json\/wp\/v2\/users\/2"}],"replies":[{"embeddable":true,"href":"https:\/\/www.europesays.com\/fr\/wp-json\/wp\/v2\/comments?post=117755"}],"version-history":[{"count":0,"href":"https:\/\/www.europesays.com\/fr\/wp-json\/wp\/v2\/posts\/117755\/revisions"}],"wp:featuredmedia":[{"embeddable":true,"href":"https:\/\/www.europesays.com\/fr\/wp-json\/wp\/v2\/media\/117756"}],"wp:attachment":[{"href":"https:\/\/www.europesays.com\/fr\/wp-json\/wp\/v2\/media?parent=117755"}],"wp:term":[{"taxonomy":"category","embeddable":true,"href":"https:\/\/www.europesays.com\/fr\/wp-json\/wp\/v2\/categories?post=117755"},{"taxonomy":"post_tag","embeddable":true,"href":"https:\/\/www.europesays.com\/fr\/wp-json\/wp\/v2\/tags?post=117755"}],"curies":[{"name":"wp","href":"https:\/\/api.w.org\/{rel}","templated":true}]}}