{"id":117759,"date":"2025-05-21T20:49:11","date_gmt":"2025-05-21T20:49:11","guid":{"rendered":"https:\/\/www.europesays.com\/fr\/117759\/"},"modified":"2025-05-21T20:49:11","modified_gmt":"2025-05-21T20:49:11","slug":"macron-en-colere-attal-dans-la-surenchere-liberation","status":"publish","type":"post","link":"https:\/\/www.europesays.com\/fr\/117759\/","title":{"rendered":"Macron en col\u00e8re, Attal\u00a0dans la surench\u00e8re \u2013 Lib\u00e9ration"},"content":{"rendered":"<p class=\"sc-ksZaOG ehjQrN text-element\">Pour l\u2019heure, Bruno Retailleau ne pr\u00e9side \u00abque\u00bb le parti Les R\u00e9publicains. Au cours du <a href=\"https:\/\/www.liberation.fr\/societe\/religions\/freres-musulmans-ce-que-lon-sait-du-rapport-sur-lentrisme-presente-en-conseil-de-defense-20250520_RUS4HJ6F55DU7C5WMJ43U7U4L4\/\" target=\"_blank\" rel=\"nofollow noopener\" title=\"https:\/\/www.liberation.fr\/societe\/religions\/freres-musulmans-ce-que-lon-sait-du-rapport-sur-lentrisme-presente-en-conseil-de-defense-20250520_RUS4HJ6F55DU7C5WMJ43U7U4L4\/\">conseil de d\u00e9fense consacr\u00e9 aux Fr\u00e8res musulmans<\/a>, ce mercredi 21 mai dans la matin\u00e9e \u00e0 l\u2019Elys\u00e9e, Emmanuel Macron a pouss\u00e9 un coup de gueule contre la fuite d\u00e8s la veille dans <a href=\"https:\/\/www.lefigaro.fr\/actualite-france\/reseaux-tentaculaires-organisation-secrete-quartiers-islamises-le-rapport-choc-sur-les-freres-musulmans-qui-veulent-instaurer-la-charia-en-france-20250520\" target=\"_blank\" rel=\"noreferrer nofollow noopener\" title=\"https:\/\/www.lefigaro.fr\/actualite-france\/reseaux-tentaculaires-organisation-secrete-quartiers-islamises-le-rapport-choc-sur-les-freres-musulmans-qui-veulent-instaurer-la-charia-en-france-20250520\">le Figaro<\/a> du rapport qui devait servir de base aux discussions. Le ministre de l\u2019Int\u00e9rieur, premier destinataire de <a href=\"https:\/\/www.liberation.fr\/societe\/rapport-sur-les-freres-musulmans-il-ny-a-pas-dagenda-cache-pour-instaurer-un-califat-en-europe-20250521_4DO6GMANLZBARNFPPY2KK4ERN4\/\" target=\"_blank\" rel=\"noreferrer nofollow noopener\" title=\"https:\/\/www.liberation.fr\/societe\/rapport-sur-les-freres-musulmans-il-ny-a-pas-dagenda-cache-pour-instaurer-un-califat-en-europe-20250521_4DO6GMANLZBARNFPPY2KK4ERN4\/\">ce texte command\u00e9 il y a un an \u00e0 un pr\u00e9fet et \u00e0 un ambassadeur<\/a>, \u00e9tait vis\u00e9 par la col\u00e8re pr\u00e9sidentielle. Sans le nommer, Macron a prononc\u00e9 un petit sermon sur \u00able sens de l\u2019Etat\u00bb, incompatible avec les fuites dans la presse \u00absur un sujet aussi grave\u00bb. \u00abIl sait \u00eatre glacial\u00bb, commente un participant.<\/p>\n<p class=\"sc-ksZaOG ehjQrN text-element\">Dans un communiqu\u00e9 tout aussi chaleureux, le Palais a ensuite somm\u00e9 le gouvernement de \u00abformuler de nouvelles propositions\u00bb d\u2019ici juin, insinuant que celles pr\u00e9sent\u00e9es mercredi n\u2019\u00e9taient pas au niveau. Et que c\u2019est bien lui qui reste aux commandes de la lutte contre l\u2019islamisme, malgr\u00e9 sa perte de majorit\u00e9 \u00e0 l\u2019Assembl\u00e9e l\u2019\u00e9t\u00e9 dernier. \u00abC\u2019est un sujet sur l\u2019unit\u00e9 nationale, qui croise les services de renseignement, la d\u00e9fense, l\u2019int\u00e9rieur et les affaires \u00e9trang\u00e8res, donc c\u2019est du domaine r\u00e9serv\u00e9\u00bb, se barricade-t-on \u00e0 l\u2019Elys\u00e9e, o\u00f9 l\u2019on revendique l\u2019ant\u00e9riorit\u00e9 du Pr\u00e9sident sur le sujet : <a href=\"https:\/\/www.liberation.fr\/france\/2020\/10\/02\/separatisme-macron-a-tranche_1801252\/\" target=\"_blank\" rel=\"noreferrer nofollow noopener\" title=\"https:\/\/www.liberation.fr\/france\/2020\/10\/02\/separatisme-macron-a-tranche_1801252\/\">discours en octobre 2020 aux Mureaux<\/a> (Yvelines), <a href=\"https:\/\/www.liberation.fr\/politique\/loi-separatisme-adoption-definitive-dun-texte-controverse-20210723_BWMMU2626VAD5JVB4WSTDIJMVI\/\" target=\"_blank\" rel=\"noreferrer nofollow noopener\" title=\"https:\/\/www.liberation.fr\/politique\/loi-separatisme-adoption-definitive-dun-texte-controverse-20210723_BWMMU2626VAD5JVB4WSTDIJMVI\/\">loi s\u00e9paratisme vot\u00e9e en 2021<\/a>, et commande du fameux rapport sur les Fr\u00e8res musulmans il y a un an.<\/p>\n<p class=\"sc-ksZaOG ehjQrN text-element\">Voil\u00e0 quelques jours que le Pr\u00e9sident et LR se disputent la paternit\u00e9 de la lutte contre un \u00abentrisme islamiste\u00bb. Le pr\u00e9sident de la r\u00e9gion Hauts-de-France, Xavier Bertrand, s\u2019est modestement pr\u00e9sent\u00e9 en \u00ablanceur d\u2019alerte\u00bb sur <a href=\"https:\/\/www.youtube.com\/watch?v=V_vQtEEQGSg\" target=\"_blank\" rel=\"noreferrer nofollow noopener\" title=\"https:\/\/www.youtube.com\/watch?v=V_vQtEEQGSg\">France 2<\/a> pour avoir priv\u00e9 de subsides<a href=\"https:\/\/www.liberation.fr\/societe\/education\/a-lille-le-contrat-avec-letat-du-lycee-musulman-averroes-retabli-par-la-justice-20250423_UZNXAANOLBHDBBVBQRFLDXMSJU\/\" target=\"_blank\" rel=\"noreferrer nofollow noopener\" title=\"https:\/\/www.liberation.fr\/societe\/education\/a-lille-le-contrat-avec-letat-du-lycee-musulman-averroes-retabli-par-la-justice-20250423_UZNXAANOLBHDBBVBQRFLDXMSJU\/\"> le lyc\u00e9e priv\u00e9 sous contrat Averro\u00e8s de Lille<\/a>. Son homologue d\u2019Ile-de-France, Val\u00e9rie P\u00e9cresse, a exhum\u00e9 sur <a href=\"https:\/\/x.com\/vpecresse\/status\/1925093370134741233\" target=\"_blank\" rel=\"noreferrer nofollow\" title=\"https:\/\/x.com\/vpecresse\/status\/1925093370134741233\">X<\/a> une vid\u00e9o d\u2019une interview de 2020 sur BFMTV dans laquelle elle s\u2019en prenait d\u00e9j\u00e0 \u00e0 \u00abl\u2019entrisme islamiste radical\u00bb. Bruno Retailleau a accus\u00e9 les Fr\u00e8res musulmans de vouloir \u00abfaire basculer toute la soci\u00e9t\u00e9 fran\u00e7aise dans la charia\u00bb. \u00abCette fois-ci, l\u2019islamophobie franchit un seuil, a alert\u00e9 Jean-Luc M\u00e9lenchon sur<a href=\"https:\/\/x.com\/JLMelenchon\/status\/1925156451858727230\" target=\"_blank\" rel=\"noreferrer nofollow\" title=\"https:\/\/x.com\/JLMelenchon\/status\/1925156451858727230\"> X<\/a>. Un Conseil de d\u00e9fense autour du Pr\u00e9sident accr\u00e9dite les th\u00e8ses d\u00e9lirantes de Retailleau et de Le Pen. \u00c7a suffit ! Vous allez d\u00e9truire notre pays.\u00bb<\/p>\n<p class=\"sc-ksZaOG ehjQrN text-element\">En rupture avec la macronie, le d\u00e9put\u00e9 et ex-pr\u00e9sident de la commission des lois, Sacha Houli\u00e9 d\u00e9nonce une lecture politique erron\u00e9e du rapport sur l\u2019entrisme. Il y voit au contraire l\u2019efficacit\u00e9 de la loi s\u00e9paratisme, dont il \u00e9tait corapporteur, pointant par exemple la forte baisse des financements \u00e9trangers des Fr\u00e8res musulmans : \u00abOn fait croire aux gens que la R\u00e9publique est assaillie sans aucun moyen de se d\u00e9fendre, alors que \u00e7a a fait l\u2019objet d\u2019un d\u00e9bat parlementaire il y a quatre ans et qu\u2019on s\u2019est dot\u00e9s de toutes les mesures utiles.\u00bb<\/p>\n<p class=\"sc-ksZaOG ehjQrN text-element\">Gabriel Attal veut lui aussi sa part du g\u00e2teau m\u00e9diatique. <a href=\"https:\/\/www.leparisien.fr\/politique\/interdiction-du-voile-chez-les-moins-de-15-ans-delit-de-communautarisme-les-propositions-chocs-dattal-20-05-2025-DJBP2UXZORC6RHCGR7ZLCIM26A.php\" target=\"_blank\" rel=\"noreferrer nofollow noopener\" title=\"https:\/\/www.leparisien.fr\/politique\/interdiction-du-voile-chez-les-moins-de-15-ans-delit-de-communautarisme-les-propositions-chocs-dattal-20-05-2025-DJBP2UXZORC6RHCGR7ZLCIM26A.php\">Le Parisien<\/a> \u00abs\u2019est procur\u00e9\u00bb mardi les propositions r\u00e9galiennes du parti Renaissance, qui doivent \u00eatre d\u00e9taill\u00e9es la semaine prochaine. Avec une mesure choc : <a href=\"https:\/\/www.liberation.fr\/politique\/gabriel-attal-et-renaissance-souhaitent-interdire-le-voile-pour-les-moins-de-15-ans-et-une-nouvelle-loi-separatisme-20250520_SGWPBPDBBNGRJHTAINRW2SPHTI\/?at_creation=NL_Chez_Pol__2025-05-21&amp;at_campaign=NL_Chez_Pol&amp;at_email_type=acquisition&amp;at_medium=email&amp;actId=%7EaiwSC0NGcCziNxF_qLfXlTnwWDgKSwDRFtUhp-Pb1mGERLc1rHzFzzxb714ti8DTTb9D3Ki7dwgkHSOhTTN64Me5E-mKLgHNsoMDHO28CAATQDa95mSeL&amp;actCampaignType=CAMPAIGN_MAIL&amp;actSource=546256\" target=\"_blank\" rel=\"noreferrer nofollow noopener\" title=\"https:\/\/www.liberation.fr\/politique\/gabriel-attal-et-renaissance-souhaitent-interdire-le-voile-pour-les-moins-de-15-ans-et-une-nouvelle-loi-separatisme-20250520_SGWPBPDBBNGRJHTAINRW2SPHTI\/?at_creation=NL_Chez_Pol__2025-05-21&amp;at_campaign=NL_Chez_Pol&amp;at_email_type=acquisition&amp;at_medium=email&amp;actId=%7EaiwSC0NGcCziNxF_qLfXlTnwWDgKSwDRFtUhp-Pb1mGERLc1rHzFzzxb714ti8DTTb9D3Ki7dwgkHSOhTTN64Me5E-mKLgHNsoMDHO28CAATQDa95mSeL&amp;actCampaignType=CAMPAIGN_MAIL&amp;actSource=546256\">l\u2019interdiction du voile dans l\u2019espace public pour les jeunes filles de moins de 15 ans<\/a>. \u00abOn m\u2019a baptis\u00e9 \u00e0 six mois. Est-ce qu\u2019on va interdire le bapt\u00eame parce que c\u2019est impos\u00e9 ?\u00bb a r\u00e9pliqu\u00e9 sur France Info le d\u00e9put\u00e9 Fran\u00e7ois Ruffin, critiquant une \u00aballiance objective avec les islamistes, qui veulent s\u00e9parer les musulmans de la R\u00e9publique\u00bb. Attal, lui, jure que Renaissance travaille avec \u00abdes juristes, des membres du Conseil d\u2019Etat\u00bb. Constitutionnelle ou pas, son id\u00e9e a attir\u00e9 \u00e0 lui une repl\u00e8te meute de cam\u00e9ras ce mercredi \u00e0 l\u2019Assembl\u00e9e. \u00abQu\u2019est-ce qu\u2019on fait ? On dit que ce n\u2019est pas bien que des fillettes de 5ans soient voil\u00e9es et on consid\u00e8re qu\u2019il n\u2019y a pas de mesures pour y r\u00e9pondre ? s\u2019est-il rengorg\u00e9. Moi, je n\u2019ai jamais accept\u00e9 de m\u2019y r\u00e9signer.\u00bb Face \u00e0 la perc\u00e9e sondagi\u00e8re de Bruno Retailleau, qui double en un mois et demi ses intentions de vote pour la pr\u00e9sidentielle selon <a href=\"https:\/\/harris-interactive.fr\/opinion_polls\/intentions-de-vote-a-lelection-presidentielle-de-2027-mai-2025\/\" target=\"_blank\" rel=\"noreferrer nofollow noopener\" title=\"https:\/\/harris-interactive.fr\/opinion_polls\/intentions-de-vote-a-lelection-presidentielle-de-2027-mai-2025\/\">Harris Interactive<\/a>, une surench\u00e8re \u00e0 droite toute est en train de se dessiner. \u00abLa guerre des chefs a commenc\u00e9\u00bb, s\u2019amusait mercredi un proche d\u2019Edouard Philippe face \u00e0 toute cette agitation autour des Fr\u00e8res musulmans.<\/p>\n","protected":false},"excerpt":{"rendered":"Pour l\u2019heure, Bruno Retailleau ne pr\u00e9side \u00abque\u00bb le parti Les R\u00e9publicains. Au cours du conseil de d\u00e9fense consacr\u00e9&hellip;\n","protected":false},"author":2,"featured_media":117760,"comment_status":"","ping_status":"","sticky":false,"template":"","format":"standard","meta":{"footnotes":""},"categories":[2],"tags":[11,1013,1073,1011,27,4410,6269,12],"class_list":{"0":"post-117759","1":"post","2":"type-post","3":"status-publish","4":"format-standard","5":"has-post-thumbnail","7":"category-actualites","8":"tag-actualites","9":"tag-bruno-retailleau","10":"tag-emmanuel-macron","11":"tag-fr","12":"tag-france","13":"tag-gabriel-attal","14":"tag-islamophobie","15":"tag-news"},"share_on_mastodon":{"url":"https:\/\/pubeurope.com\/@fr\/114547796440346075","error":""},"_links":{"self":[{"href":"https:\/\/www.europesays.com\/fr\/wp-json\/wp\/v2\/posts\/117759","targetHints":{"allow":["GET"]}}],"collection":[{"href":"https:\/\/www.europesays.com\/fr\/wp-json\/wp\/v2\/posts"}],"about":[{"href":"https:\/\/www.europesays.com\/fr\/wp-json\/wp\/v2\/types\/post"}],"author":[{"embeddable":true,"href":"https:\/\/www.europesays.com\/fr\/wp-json\/wp\/v2\/users\/2"}],"replies":[{"embeddable":true,"href":"https:\/\/www.europesays.com\/fr\/wp-json\/wp\/v2\/comments?post=117759"}],"version-history":[{"count":0,"href":"https:\/\/www.europesays.com\/fr\/wp-json\/wp\/v2\/posts\/117759\/revisions"}],"wp:featuredmedia":[{"embeddable":true,"href":"https:\/\/www.europesays.com\/fr\/wp-json\/wp\/v2\/media\/117760"}],"wp:attachment":[{"href":"https:\/\/www.europesays.com\/fr\/wp-json\/wp\/v2\/media?parent=117759"}],"wp:term":[{"taxonomy":"category","embeddable":true,"href":"https:\/\/www.europesays.com\/fr\/wp-json\/wp\/v2\/categories?post=117759"},{"taxonomy":"post_tag","embeddable":true,"href":"https:\/\/www.europesays.com\/fr\/wp-json\/wp\/v2\/tags?post=117759"}],"curies":[{"name":"wp","href":"https:\/\/api.w.org\/{rel}","templated":true}]}}