{"id":117761,"date":"2025-05-21T20:50:10","date_gmt":"2025-05-21T20:50:10","guid":{"rendered":"https:\/\/www.europesays.com\/fr\/117761\/"},"modified":"2025-05-21T20:50:10","modified_gmt":"2025-05-21T20:50:10","slug":"saint-chamond-lancienne-cure-dizieux-devenue-un-internat-pour-les-jeunes-de-la-mfr","status":"publish","type":"post","link":"https:\/\/www.europesays.com\/fr\/117761\/","title":{"rendered":"Saint-Chamond. L\u2019ancienne cure d\u2019Izieux\u00a0devenue un internat pour les jeunes de la MFR"},"content":{"rendered":"<p>L\u2019ancienne cure d\u2019Izieux s\u2019est m\u00e9tamorphos\u00e9e en un internat flambant neuf accompagn\u00e9 d\u2019un r\u00e9fectoire pour les jeunes de la Maison familiale et rurale (MFR).<\/p>\n<p>Les travaux, d\u00e9but\u00e9s en octobre\u00a02023, viennent de s\u2019achever, et les premiers \u00e9l\u00e8ves ont pu d\u00e9couvrir leur nouveau lieu de vie d\u00e9but mai\u00a0: \u00ab\u00a0Nous avons conserv\u00e9 les murs et les fen\u00eatres, mais tout l\u2019int\u00e9rieur a \u00e9t\u00e9 enti\u00e8rement refait, ainsi que la charpente\u00a0\u00bb, explique le directeur&#8230;<\/p>\n","protected":false},"excerpt":{"rendered":"L\u2019ancienne cure d\u2019Izieux s\u2019est m\u00e9tamorphos\u00e9e en un internat flambant neuf accompagn\u00e9 d\u2019un r\u00e9fectoire pour les jeunes de la&hellip;\n","protected":false},"author":2,"featured_media":117762,"comment_status":"","ping_status":"","sticky":false,"template":"","format":"standard","meta":{"footnotes":""},"categories":[9653],"tags":[1111,11,2430,7539,1057,1777,674,1011,27,12,25,9669,9670,4001],"class_list":{"0":"post-117761","1":"post","2":"type-post","3":"status-publish","4":"format-standard","5":"has-post-thumbnail","7":"category-saint-etienne","8":"tag-actu","9":"tag-actualites","10":"tag-auvergne-rhone-alpes","11":"tag-edition-loire-sud","12":"tag-education","13":"tag-eu","14":"tag-europe","15":"tag-fr","16":"tag-france","17":"tag-news","18":"tag-republique-francaise","19":"tag-saint-chamond","20":"tag-saint-chamond-ville","21":"tag-saint-etienne"},"share_on_mastodon":{"url":"https:\/\/pubeurope.com\/@fr\/114547800364070029","error":""},"_links":{"self":[{"href":"https:\/\/www.europesays.com\/fr\/wp-json\/wp\/v2\/posts\/117761","targetHints":{"allow":["GET"]}}],"collection":[{"href":"https:\/\/www.europesays.com\/fr\/wp-json\/wp\/v2\/posts"}],"about":[{"href":"https:\/\/www.europesays.com\/fr\/wp-json\/wp\/v2\/types\/post"}],"author":[{"embeddable":true,"href":"https:\/\/www.europesays.com\/fr\/wp-json\/wp\/v2\/users\/2"}],"replies":[{"embeddable":true,"href":"https:\/\/www.europesays.com\/fr\/wp-json\/wp\/v2\/comments?post=117761"}],"version-history":[{"count":0,"href":"https:\/\/www.europesays.com\/fr\/wp-json\/wp\/v2\/posts\/117761\/revisions"}],"wp:featuredmedia":[{"embeddable":true,"href":"https:\/\/www.europesays.com\/fr\/wp-json\/wp\/v2\/media\/117762"}],"wp:attachment":[{"href":"https:\/\/www.europesays.com\/fr\/wp-json\/wp\/v2\/media?parent=117761"}],"wp:term":[{"taxonomy":"category","embeddable":true,"href":"https:\/\/www.europesays.com\/fr\/wp-json\/wp\/v2\/categories?post=117761"},{"taxonomy":"post_tag","embeddable":true,"href":"https:\/\/www.europesays.com\/fr\/wp-json\/wp\/v2\/tags?post=117761"}],"curies":[{"name":"wp","href":"https:\/\/api.w.org\/{rel}","templated":true}]}}