{"id":117763,"date":"2025-05-21T20:51:09","date_gmt":"2025-05-21T20:51:09","guid":{"rendered":"https:\/\/www.europesays.com\/fr\/117763\/"},"modified":"2025-05-21T20:51:09","modified_gmt":"2025-05-21T20:51:09","slug":"lasse-peut-elle-etre-repechee-en-ligue-1","status":"publish","type":"post","link":"https:\/\/www.europesays.com\/fr\/117763\/","title":{"rendered":"l\u2019ASSE peut-elle \u00eatre rep\u00each\u00e9e en Ligue 1\u00a0?"},"content":{"rendered":"<p>\u00ab\u00a0On n\u2019est pas \u00e0 l\u2019abri que des clubs soient rep\u00each\u00e9s\u00a0\u00bb, nous glissait un ex-dirigeant du football fran\u00e7ais r\u00e9cemment. Depuis plusieurs semaines, pour ne pas dire mois, les supporters st\u00e9phanois voyaient la possibilit\u00e9 que l\u2019ASSE fasse l\u2019ascenseur grandir.<\/p>\n<p>Au point que certains envisageaient m\u00eame un maintien administratif. S\u2019ils se seraient certainement \u00e9pargn\u00e9 ce cas, l\u2019hypoth\u00e8se prend d\u00e9sormais de l\u2019\u00e9paisseur au vu de la situation globale du football fran\u00e7ais.<\/p>\n<p>Au cours du mois d\u2019avril, Jean-Marc Mickeler, le pr\u00e9sident de la DNCG (direction nationale de contr\u00f4le de gestion), avait pr\u00e9venu les clubs de football professionnels fran\u00e7ais\u00a0: \u00ab\u00a0la bamboche, c\u2019est termin\u00e9\u00a0\u00bb.<\/p>\n<p>Lors de leur prochain passage devant l\u2019instance r\u00e9gulatrice, les clubs de Ligue 1 et Ligue 2 ne pourront pas int\u00e9grer de revenus li\u00e9s aux droits TV ou des engagements de transferts, pas toujours tenus, dans la construction de leur budget pour la saison 2025-2026.<\/p>\n<p>Une garantie bancaire \u00e0 pr\u00e9senter<\/p>\n<p>Depuis le Covid et la venue de&#8230;<\/p>\n","protected":false},"excerpt":{"rendered":"\u00ab\u00a0On n\u2019est pas \u00e0 l\u2019abri que des clubs soient rep\u00each\u00e9s\u00a0\u00bb, nous glissait un ex-dirigeant du football fran\u00e7ais r\u00e9cemment.&hellip;\n","protected":false},"author":2,"featured_media":117764,"comment_status":"","ping_status":"","sticky":false,"template":"","format":"standard","meta":{"footnotes":""},"categories":[9653],"tags":[1111,11,4000,2430,7539,1777,674,63,1011,27,4002,3367,12,25,4001,7538,517],"class_list":{"0":"post-117763","1":"post","2":"type-post","3":"status-publish","4":"format-standard","5":"has-post-thumbnail","7":"category-saint-etienne","8":"tag-actu","9":"tag-actualites","10":"tag-asse-as-saint-etienne-football","11":"tag-auvergne-rhone-alpes","12":"tag-edition-loire-sud","13":"tag-eu","14":"tag-europe","15":"tag-football","16":"tag-fr","17":"tag-france","18":"tag-haute-loire","19":"tag-loire","20":"tag-news","21":"tag-republique-francaise","22":"tag-saint-etienne","23":"tag-saint-etienne-ville","24":"tag-sport"},"share_on_mastodon":{"url":"https:\/\/pubeurope.com\/@fr\/114547804357535494","error":""},"_links":{"self":[{"href":"https:\/\/www.europesays.com\/fr\/wp-json\/wp\/v2\/posts\/117763","targetHints":{"allow":["GET"]}}],"collection":[{"href":"https:\/\/www.europesays.com\/fr\/wp-json\/wp\/v2\/posts"}],"about":[{"href":"https:\/\/www.europesays.com\/fr\/wp-json\/wp\/v2\/types\/post"}],"author":[{"embeddable":true,"href":"https:\/\/www.europesays.com\/fr\/wp-json\/wp\/v2\/users\/2"}],"replies":[{"embeddable":true,"href":"https:\/\/www.europesays.com\/fr\/wp-json\/wp\/v2\/comments?post=117763"}],"version-history":[{"count":0,"href":"https:\/\/www.europesays.com\/fr\/wp-json\/wp\/v2\/posts\/117763\/revisions"}],"wp:featuredmedia":[{"embeddable":true,"href":"https:\/\/www.europesays.com\/fr\/wp-json\/wp\/v2\/media\/117764"}],"wp:attachment":[{"href":"https:\/\/www.europesays.com\/fr\/wp-json\/wp\/v2\/media?parent=117763"}],"wp:term":[{"taxonomy":"category","embeddable":true,"href":"https:\/\/www.europesays.com\/fr\/wp-json\/wp\/v2\/categories?post=117763"},{"taxonomy":"post_tag","embeddable":true,"href":"https:\/\/www.europesays.com\/fr\/wp-json\/wp\/v2\/tags?post=117763"}],"curies":[{"name":"wp","href":"https:\/\/api.w.org\/{rel}","templated":true}]}}