{"id":117773,"date":"2025-05-21T20:57:09","date_gmt":"2025-05-21T20:57:09","guid":{"rendered":"https:\/\/www.europesays.com\/fr\/117773\/"},"modified":"2025-05-21T20:57:09","modified_gmt":"2025-05-21T20:57:09","slug":"le-defenseur-du-fc-lorient-julien-laporte-vers-montpellier","status":"publish","type":"post","link":"https:\/\/www.europesays.com\/fr\/117773\/","title":{"rendered":"Le d\u00e9fenseur du FC Lorient Julien Laporte vers Montpellier"},"content":{"rendered":"<p>Ligue 1. FC Lorient<\/p>\n<p>Julien Laporte devrait rester en Ligue 2. Le d\u00e9fenseur central de 31 ans signerait trois saisons avec Montpellier, o\u00f9 il est attendu dans les prochaines heures pour passer sa visite m\u00e9dicale, <a href=\"https:\/\/www.midilibre.fr\/2025\/05\/21\/mhsc-le-defenseur-julien-laporte-attendu-a-montpellier-et-tres-proche-de-devenir-la-premiere-recrue-de-lete-12710649.php\" target=\"_blank\" title=\"Site Internet\" rel=\"noopener\">selon nos confr\u00e8res de Midi Libre<\/a>.<\/p>\n<p>En fin de contrat et libre de s\u2019engager o\u00f9 il le souhaite depuis le 1er janvier, le vice-capitaine des Merlus n\u2019a jamais cach\u00e9 son attachement au club et <a href=\"https:\/\/www.letelegramme.fr\/sports\/football\/fc-lorient\/abergel-laporte-la-folle-soiree-de-deux-amis-pour-la-vie-apres-la-montee-du-fc-lorient-en-ligue-1-6806449.php\" target=\"_blank\" title=\"Lire notre article du 27 avril 2025\" rel=\"noopener\">son envie de prolonger l\u2019aventure dans le Morbihan aux c\u00f4t\u00e9s de son ami Laurent Abergel<\/a>. \u00ab\u00a0On lui fera une proposition. Je ne sais pas si elle sera \u00e0 la hauteur de ses attentes. Et il aura peut-\u00eatre aussi d\u2019autres tr\u00e8s belles offres\u00a0\u00bb, pr\u00e9disait le pr\u00e9sident du FC Lorient Lo\u00efc F\u00e9ry en marge des c\u00e9l\u00e9brations du titre de champion de France de Ligue 2, samedi 10 mai.<\/p>\n<p>Six saisons et 150 matchs avec le FCL<\/p>\n<p>C\u2019est donc un chapitre important de sa vie de footballeur que s\u2019appr\u00eate \u00e0 refermer l\u2019Auvergnat n\u00e9 et form\u00e9 \u00e0 Aurillac (Cantal), qui n\u2019avait connu jusqu\u2019ici que deux clubs. Apr\u00e8s des \u00e9tudes d\u2019\u00e9conomie et de gestion, il avait lanc\u00e9 sa carri\u00e8re professionnelle \u00e0 21 ans, \u00e0 Clermont, avec Corinne Diacre, avant de se r\u00e9v\u00e9ler en Ligue 2 avec Pascal Gastien et de rejoindre le FC Lorient de Christophe P\u00e9lissier \u00e0 l\u2019\u00e9t\u00e9 2019. <\/p>\n<p>Fort de 150 matchs sous le maillot lorientais, Julien Laporte aura donc port\u00e9 l\u2019\u00e9quipe \u00e0 deux reprises vers la Ligue 1, en 2020 et 2025.<\/p>\n","protected":false},"excerpt":{"rendered":"Ligue 1. FC Lorient Julien Laporte devrait rester en Ligue 2. Le d\u00e9fenseur central de 31 ans signerait&hellip;\n","protected":false},"author":2,"featured_media":117774,"comment_status":"","ping_status":"","sticky":false,"template":"","format":"standard","meta":{"footnotes":""},"categories":[9599],"tags":[1111,11,3166,1777,674,3317,63,1011,27,66,1781,23838,2208,12,2680,25,60],"class_list":{"0":"post-117773","1":"post","2":"type-post","3":"status-publish","4":"format-standard","5":"has-post-thumbnail","7":"category-montpellier","8":"tag-actu","9":"tag-actualites","10":"tag-en-continu-sports","11":"tag-eu","12":"tag-europe","13":"tag-fc-lorient","14":"tag-football","15":"tag-fr","16":"tag-france","17":"tag-ligue-1","18":"tag-lorient","19":"tag-mercato-fc-lorient","20":"tag-montpellier","21":"tag-news","22":"tag-occitanie","23":"tag-republique-francaise","24":"tag-sports"},"share_on_mastodon":{"url":"https:\/\/pubeurope.com\/@fr\/114547827893187391","error":""},"_links":{"self":[{"href":"https:\/\/www.europesays.com\/fr\/wp-json\/wp\/v2\/posts\/117773","targetHints":{"allow":["GET"]}}],"collection":[{"href":"https:\/\/www.europesays.com\/fr\/wp-json\/wp\/v2\/posts"}],"about":[{"href":"https:\/\/www.europesays.com\/fr\/wp-json\/wp\/v2\/types\/post"}],"author":[{"embeddable":true,"href":"https:\/\/www.europesays.com\/fr\/wp-json\/wp\/v2\/users\/2"}],"replies":[{"embeddable":true,"href":"https:\/\/www.europesays.com\/fr\/wp-json\/wp\/v2\/comments?post=117773"}],"version-history":[{"count":0,"href":"https:\/\/www.europesays.com\/fr\/wp-json\/wp\/v2\/posts\/117773\/revisions"}],"wp:featuredmedia":[{"embeddable":true,"href":"https:\/\/www.europesays.com\/fr\/wp-json\/wp\/v2\/media\/117774"}],"wp:attachment":[{"href":"https:\/\/www.europesays.com\/fr\/wp-json\/wp\/v2\/media?parent=117773"}],"wp:term":[{"taxonomy":"category","embeddable":true,"href":"https:\/\/www.europesays.com\/fr\/wp-json\/wp\/v2\/categories?post=117773"},{"taxonomy":"post_tag","embeddable":true,"href":"https:\/\/www.europesays.com\/fr\/wp-json\/wp\/v2\/tags?post=117773"}],"curies":[{"name":"wp","href":"https:\/\/api.w.org\/{rel}","templated":true}]}}