{"id":117775,"date":"2025-05-21T20:58:14","date_gmt":"2025-05-21T20:58:14","guid":{"rendered":"https:\/\/www.europesays.com\/fr\/117775\/"},"modified":"2025-05-21T20:58:14","modified_gmt":"2025-05-21T20:58:14","slug":"a-quand-le-debut-des-travaux","status":"publish","type":"post","link":"https:\/\/www.europesays.com\/fr\/117775\/","title":{"rendered":"\u00e0 quand le d\u00e9but des travaux\u00a0?"},"content":{"rendered":"\n<p style=\"text-align: left;\" align=\"justify\">Des murs noircis, une odeur de suie qui interpelle&#8230; <strong>Les traces du sinistre qui a conduit \u00e0 la mort d&rsquo;un homme, abattu par la police, le 17 mai 2024, sont toujours pr\u00e9sentes au sein de la synagogue de Rouen<\/strong>. Une journ\u00e9e qui a marqu\u00e9 un coup d&rsquo;arr\u00eat dans la vie de cet \u00e9difice, lieu d&rsquo;accueil et de r\u00e9union de la communaut\u00e9 juive.\u00a0\u00bbC&rsquo;\u00e9tait un lieu de vie, \u00e7a veut dire qu&rsquo;il n&rsquo;y avait pas que les offices, que les parties spirituelles. On faisait des repas communautaires ici dans la salle qu&rsquo;il y a \u00e0 c\u00f4t\u00e9 de la synagogue.<strong> Il y avait les enfants qui jouaient, il y avait vraiment de la vie<\/strong>.<strong> <\/strong>Le dimanche matin, il y avait ce qu&rsquo;on appelle le Talmud Torah, les cours des enfants. Et puis l\u00e0, tout d&rsquo;un coup, vide de chez vide pendant un an, on ne peut rien faire dans cette synagogue et c&rsquo;est assez difficile\u00a0\u00bb constate Chmouel Lubecki, le rabbin de Rouen. <\/p>\n<p> Une r\u00e9union ce mardi 3 juin<\/p>\n<p>Les fid\u00e8les de la synagogue ont depuis trouv\u00e9 un autre lieu pour pratiquer leur culte, mais restent en permanence sur leurs gardes. \u00ab\u00a0Il y a une inqui\u00e9tude, pas une peur, je ne veux pas dire une peur, mais il y a une inqui\u00e9tude, on doit faire attention \u00e0 tout ce qui peut arriver\u00a0\u00bb poursuit-t-il. Et un an apr\u00e8s l&rsquo;incendie, l&rsquo;incertitude demeure toujours quant aux travaux qui permettront \u00e0 la synagogue de disposer d&rsquo;un nouveau visage. Une attente pas toujours facile \u00e0 expliquer, mais qui est en r\u00e9alit\u00e9 assez normale. \u00ab\u00a0Les membres de la communaut\u00e9 nous demandent quand est-ce que \u00e7a va commencer, donc moralement c&rsquo;est tr\u00e8s difficile, mais ce sont des d\u00e9marches assez longues, tr\u00e8s longues, avec des experts d&rsquo;assurance, des contre-experts. <strong>On ne s&rsquo;imaginait pas que \u00e7a allait \u00eatre aussi long que \u00e7a. Le 3 juin, un rendez-vous est pr\u00e9vu. J&rsquo;esp\u00e8re que l\u00e0, les choses vont s&rsquo;acc\u00e9l\u00e9rer et qu&rsquo;on va pouvoir reconstruire tr\u00e8s vite<\/strong>\u00ab\u00a0.<\/p>\n<p>\u00ab\u00a0Qu&rsquo;elle soit plus belle qu&rsquo;avant !\u00a0\u00bb<\/p>\n<p>Les r\u00e9parations comprendront la remise en \u00e9tat des murs, du plafond ou encore du syst\u00e8me d\u2019\u00e9lectricit\u00e9 de la synagogue. \u00ab\u00a0<strong>L&rsquo;espoir, c&rsquo;est que \u00e7a soit plus beau qu&rsquo;avant. Qu&rsquo;il y ait plus de monde qui vienne, que la synagogue jaillisse de lumi\u00e8re et que le mal<\/strong><strong> cache derri\u00e8re lui du bien<\/strong>. Et que ce mal pourra faire qu&rsquo;on aura une belle synagogue avec beaucoup plus de monde dans notre communaut\u00e9\u00a0\u00bb confie Chmouel Lubecki, qui s&rsquo;attend \u00e0 des r\u00e9parations dont le montant pourrait s&rsquo;\u00e9lever \u00e0 un million d&rsquo;euros.<\/p>\n","protected":false},"excerpt":{"rendered":"Des murs noircis, une odeur de suie qui interpelle&#8230; Les traces du sinistre qui a conduit \u00e0 la&hellip;\n","protected":false},"author":2,"featured_media":117776,"comment_status":"","ping_status":"","sticky":false,"template":"","format":"standard","meta":{"footnotes":""},"categories":[9587],"tags":[1111,11,23841,23840,23842,1777,674,1011,27,18559,13526,22461,20560,12,5161,23839,25,9590,5163,15934,18561],"class_list":{"0":"post-117775","1":"post","2":"type-post","3":"status-publish","4":"format-standard","5":"has-post-thumbnail","7":"category-rouen","8":"tag-actu","9":"tag-actualites","10":"tag-chmouel-lubecki","11":"tag-communaute-juive","12":"tag-degats-synagogue","13":"tag-eu","14":"tag-europe","15":"tag-fr","16":"tag-france","17":"tag-incendie-synagogue-rouen","18":"tag-info-rouen","19":"tag-infos-rouen","20":"tag-judaisme","21":"tag-news","22":"tag-normandie","23":"tag-rabbin-de-rouen","24":"tag-republique-francaise","25":"tag-rouen","26":"tag-seine-maritime","27":"tag-synagogue","28":"tag-synagogue-rouen"},"share_on_mastodon":{"url":"https:\/\/pubeurope.com\/@fr\/114547831882255679","error":""},"_links":{"self":[{"href":"https:\/\/www.europesays.com\/fr\/wp-json\/wp\/v2\/posts\/117775","targetHints":{"allow":["GET"]}}],"collection":[{"href":"https:\/\/www.europesays.com\/fr\/wp-json\/wp\/v2\/posts"}],"about":[{"href":"https:\/\/www.europesays.com\/fr\/wp-json\/wp\/v2\/types\/post"}],"author":[{"embeddable":true,"href":"https:\/\/www.europesays.com\/fr\/wp-json\/wp\/v2\/users\/2"}],"replies":[{"embeddable":true,"href":"https:\/\/www.europesays.com\/fr\/wp-json\/wp\/v2\/comments?post=117775"}],"version-history":[{"count":0,"href":"https:\/\/www.europesays.com\/fr\/wp-json\/wp\/v2\/posts\/117775\/revisions"}],"wp:featuredmedia":[{"embeddable":true,"href":"https:\/\/www.europesays.com\/fr\/wp-json\/wp\/v2\/media\/117776"}],"wp:attachment":[{"href":"https:\/\/www.europesays.com\/fr\/wp-json\/wp\/v2\/media?parent=117775"}],"wp:term":[{"taxonomy":"category","embeddable":true,"href":"https:\/\/www.europesays.com\/fr\/wp-json\/wp\/v2\/categories?post=117775"},{"taxonomy":"post_tag","embeddable":true,"href":"https:\/\/www.europesays.com\/fr\/wp-json\/wp\/v2\/tags?post=117775"}],"curies":[{"name":"wp","href":"https:\/\/api.w.org\/{rel}","templated":true}]}}