{"id":117781,"date":"2025-05-21T21:02:25","date_gmt":"2025-05-21T21:02:25","guid":{"rendered":"https:\/\/www.europesays.com\/fr\/117781\/"},"modified":"2025-05-21T21:02:25","modified_gmt":"2025-05-21T21:02:25","slug":"un-risque-grave-et-imminent-dans-le-centre-ville-de-rennes-un-commerce-evacue-durgence","status":"publish","type":"post","link":"https:\/\/www.europesays.com\/fr\/117781\/","title":{"rendered":"\u00ab\u00a0Un risque grave et imminent\u00a0\u00bb\u00a0: dans le centre-ville de Rennes, un commerce \u00e9vacu\u00e9 d\u2019urgence"},"content":{"rendered":"<p>C\u2019est une fragilit\u00e9 d\u00e9tect\u00e9e sur la souche de cet immeuble situ\u00e9 au 9, rue Le Bastard dans le centre-ville de Rennes, qui a conduit la Ville \u00e0 prendre un arr\u00eat\u00e9 d\u2019\u00e9vacuation. Ce mercredi 21 mai, le commerce qui occupe le pied du b\u00e2timent a donc \u00e9t\u00e9 \u00e9vacu\u00e9 en raison d\u2019un \u00ab risque de chute d\u2019\u00e9l\u00e9ments de la souche \u00bb. Pour la Ville, \u00ab la situation pr\u00e9sente un risque grave et imminent pour la s\u00e9curit\u00e9 au pied de l\u2018immeuble, au droit de la cellule commerciale sud \u00ab Caba\u00efa \u00bb. Une \u00e9vacuation d\u2019urgence du commerce a donc \u00e9t\u00e9 engag\u00e9e ce mercredi.<\/p>\n<p>Un p\u00e9rim\u00e8tre de s\u00e9curit\u00e9 doit \u00eatre maintenu sur la voirie \u00ab afin d\u2018\u00a0\u00e9loigner les passants jusqu\u2019\u00e0 la mise en s\u00e9curit\u00e9 de la souche dans les meilleurs d\u00e9lais \u00bb. \u00ab Il y a eu quelques d\u00e9bris qui sont tomb\u00e9s sur la voie publique, on a \u00e9t\u00e9 alert\u00e9 pour s\u00e9curiser la zone. On vient de mettre \u00e0 l\u2019instant des plus grandes barri\u00e8res avant elles n\u2019\u00e9taient pas adapt\u00e9es et trop petites \u00bb, pr\u00e9cise sur place, ce mercredi apr\u00e8s-midi, un agent de la Ville.<\/p>\n<p><img decoding=\"async\" src=\"https:\/\/www.europesays.com\/fr\/wp-content\/uploads\/2025\/05\/682de3b5461f9518ef01bbd4.1.jpeg\" width=\"480\" height=\"300\" class=\"web_golden_m\" loading=\"lazy\" alt=\"\u00ab\u00a0Un risque grave et imminent\u00a0\u00bb\u00a0: dans le centre-ville de Rennes, un commerce \u00e9vacu\u00e9 d\u2019urgence\"\/> (Le T\u00e9l\u00e9gramme\/Sam Delaunay)<\/p>\n<p>Deux passantes qui venaient dans le magasin pour s\u2019acheter \u00ab des paires de chaussettes \u00bb en sont rest\u00e9es surprises : \u00ab Dommage on reviendra quand le magasin sera \u00e0 nouveau ouvert \u00bb, ont-elles comment\u00e9. Le commerce ne pourra pas rouvrir \u00ab sans l\u2019avis d\u2019un homme de l\u2019art \u00bb, pr\u00e9cise l\u2019arr\u00eat\u00e9 municipal.<\/p>\n","protected":false},"excerpt":{"rendered":"C\u2019est une fragilit\u00e9 d\u00e9tect\u00e9e sur la souche de cet immeuble situ\u00e9 au 9, rue Le Bastard dans le&hellip;\n","protected":false},"author":2,"featured_media":117782,"comment_status":"","ping_status":"","sticky":false,"template":"","format":"standard","meta":{"footnotes":""},"categories":[2821],"tags":[1111,11,829,2033,1777,674,1011,27,12,584,25],"class_list":{"0":"post-117781","1":"post","2":"type-post","3":"status-publish","4":"format-standard","5":"has-post-thumbnail","7":"category-rennes","8":"tag-actu","9":"tag-actualites","10":"tag-bretagne","11":"tag-commerces-a-rennes","12":"tag-eu","13":"tag-europe","14":"tag-fr","15":"tag-france","16":"tag-news","17":"tag-rennes","18":"tag-republique-francaise"},"share_on_mastodon":{"url":"https:\/\/pubeurope.com\/@fr\/114547847586552043","error":""},"_links":{"self":[{"href":"https:\/\/www.europesays.com\/fr\/wp-json\/wp\/v2\/posts\/117781","targetHints":{"allow":["GET"]}}],"collection":[{"href":"https:\/\/www.europesays.com\/fr\/wp-json\/wp\/v2\/posts"}],"about":[{"href":"https:\/\/www.europesays.com\/fr\/wp-json\/wp\/v2\/types\/post"}],"author":[{"embeddable":true,"href":"https:\/\/www.europesays.com\/fr\/wp-json\/wp\/v2\/users\/2"}],"replies":[{"embeddable":true,"href":"https:\/\/www.europesays.com\/fr\/wp-json\/wp\/v2\/comments?post=117781"}],"version-history":[{"count":0,"href":"https:\/\/www.europesays.com\/fr\/wp-json\/wp\/v2\/posts\/117781\/revisions"}],"wp:featuredmedia":[{"embeddable":true,"href":"https:\/\/www.europesays.com\/fr\/wp-json\/wp\/v2\/media\/117782"}],"wp:attachment":[{"href":"https:\/\/www.europesays.com\/fr\/wp-json\/wp\/v2\/media?parent=117781"}],"wp:term":[{"taxonomy":"category","embeddable":true,"href":"https:\/\/www.europesays.com\/fr\/wp-json\/wp\/v2\/categories?post=117781"},{"taxonomy":"post_tag","embeddable":true,"href":"https:\/\/www.europesays.com\/fr\/wp-json\/wp\/v2\/tags?post=117781"}],"curies":[{"name":"wp","href":"https:\/\/api.w.org\/{rel}","templated":true}]}}