{"id":117785,"date":"2025-05-21T21:04:10","date_gmt":"2025-05-21T21:04:10","guid":{"rendered":"https:\/\/www.europesays.com\/fr\/117785\/"},"modified":"2025-05-21T21:04:10","modified_gmt":"2025-05-21T21:04:10","slug":"strasbourg-un-coureur-fait-un-arret-cardiaque-quai-des-bateliers","status":"publish","type":"post","link":"https:\/\/www.europesays.com\/fr\/117785\/","title":{"rendered":"Strasbourg. Un coureur fait un arr\u00eat cardiaque quai des Bateliers"},"content":{"rendered":"<p>Mercredi 21\u00a0mai, un jeune homme de 20 ans qui participait \u00e0 une course collective a fait un malaise cardiaque, quai des Bateliers, \u00e0 Strasbourg, vers 19h45. Alors que le jeune homme \u00e9tait en arr\u00eat cardiorespiratoire, les autres coureurs ont imm\u00e9diatement alert\u00e9 les pompiers, tandis que d\u2019autres proc\u00e9daient \u00e0 un massage cardiaque. Les sapeurs-pompiers et le Smur ont pris le relais poursuivant les gestes de r\u00e9animation et faisant repartir le c\u0153ur.<\/p>\n<p>Le jeune homme a ensuite \u00e9t\u00e9 transport\u00e9 en urgence au Nouvel h\u00f4pital civil.<\/p>\n","protected":false},"excerpt":{"rendered":"Mercredi 21\u00a0mai, un jeune homme de 20 ans qui participait \u00e0 une course collective a fait un malaise&hellip;\n","protected":false},"author":2,"featured_media":117786,"comment_status":"","ping_status":"","sticky":false,"template":"","format":"standard","meta":{"footnotes":""},"categories":[2820],"tags":[119,1111,11,2389,2649,2880,1777,674,274,107,1011,27,775,12,25,640,2879],"class_list":{"0":"post-117785","1":"post","2":"type-post","3":"status-publish","4":"format-standard","5":"has-post-thumbnail","7":"category-strasbourg","8":"tag-accident","9":"tag-actu","10":"tag-actualites","11":"tag-alsace","12":"tag-bas-rhin","13":"tag-edition-strasbourg","14":"tag-eu","15":"tag-europe","16":"tag-faits-divers-justice","17":"tag-fil-info","18":"tag-fr","19":"tag-france","20":"tag-grand-est","21":"tag-news","22":"tag-republique-francaise","23":"tag-strasbourg","24":"tag-strasbourg-ville"},"share_on_mastodon":{"url":"https:\/\/pubeurope.com\/@fr\/114547855373585083","error":""},"_links":{"self":[{"href":"https:\/\/www.europesays.com\/fr\/wp-json\/wp\/v2\/posts\/117785","targetHints":{"allow":["GET"]}}],"collection":[{"href":"https:\/\/www.europesays.com\/fr\/wp-json\/wp\/v2\/posts"}],"about":[{"href":"https:\/\/www.europesays.com\/fr\/wp-json\/wp\/v2\/types\/post"}],"author":[{"embeddable":true,"href":"https:\/\/www.europesays.com\/fr\/wp-json\/wp\/v2\/users\/2"}],"replies":[{"embeddable":true,"href":"https:\/\/www.europesays.com\/fr\/wp-json\/wp\/v2\/comments?post=117785"}],"version-history":[{"count":0,"href":"https:\/\/www.europesays.com\/fr\/wp-json\/wp\/v2\/posts\/117785\/revisions"}],"wp:featuredmedia":[{"embeddable":true,"href":"https:\/\/www.europesays.com\/fr\/wp-json\/wp\/v2\/media\/117786"}],"wp:attachment":[{"href":"https:\/\/www.europesays.com\/fr\/wp-json\/wp\/v2\/media?parent=117785"}],"wp:term":[{"taxonomy":"category","embeddable":true,"href":"https:\/\/www.europesays.com\/fr\/wp-json\/wp\/v2\/categories?post=117785"},{"taxonomy":"post_tag","embeddable":true,"href":"https:\/\/www.europesays.com\/fr\/wp-json\/wp\/v2\/tags?post=117785"}],"curies":[{"name":"wp","href":"https:\/\/api.w.org\/{rel}","templated":true}]}}