{"id":117790,"date":"2025-05-21T21:07:09","date_gmt":"2025-05-21T21:07:09","guid":{"rendered":"https:\/\/www.europesays.com\/fr\/117790\/"},"modified":"2025-05-21T21:07:09","modified_gmt":"2025-05-21T21:07:09","slug":"faibles-sanctions-pour-le-chantier-illegal-du-luxueux-hotel-renove-par-les-millions-du-qatar","status":"publish","type":"post","link":"https:\/\/www.europesays.com\/fr\/117790\/","title":{"rendered":"faibles sanctions pour le chantier ill\u00e9gal du luxueux h\u00f4tel r\u00e9nov\u00e9 par les millions du Qatar"},"content":{"rendered":"<p>Condamn\u00e9es mardi par le tribunal correctionnel de Nice pour des travaux ill\u00e9gaux \u00e0 Roquebrune-Cap-Martin, deux soci\u00e9t\u00e9s li\u00e9es au Maybourne Riviera \u00e9copent de sanctions modestes. Le g\u00e9rant, proche de l\u2019\u00e9mir du Qatar, a \u00e9t\u00e9 relax\u00e9.<\/p>\n<p class=\"fig-paragraph\">La d\u00e9cision \u00e9tait attendue dans cette affaire de chantier tout \u00e0 la fois hors-norme et hors-la-loi. Elle n\u2019a gu\u00e8re surpris, mais laisse pour certains un go\u00fbt d\u2019inachev\u00e9. Mardi, le tribunal correctionnel de Nice a reconnu coupables deux soci\u00e9t\u00e9s morales li\u00e9es au luxueux (et tr\u00e8s m\u00e9diatique)\u00a0<a href=\"http:\/\/www.lefigaro.fr\/nice\/sur-la-cote-d-azur-le-luxueux-hotel-maybourne-riviera-renove-grace-aux-millions-d-euros-du-qatar-devant-la-justice-20250323\" data-fig-type=\"NewsFlash\" data-gtm-custom-categorie=\"navigation\" data-gtm-custom-action=\"crossclick\" data-gtm-custom-label=\"Contextuel\" data-gtm-event=\"customEventSPE\" data-fig-domain=\"LEFIGARO\" rel=\"nofollow noopener\" target=\"_blank\">h\u00f4tel Maybourne Riviera<\/a>, \u00e0 Roquebrune-Cap-Martin, de plusieurs infractions au code de l\u2019urbanisme.<\/p>\n<p class=\"fig-paragraph\">Leurs repr\u00e9sentants \u00e9copent chacun de 15.000 euros d\u2019amende, devront remettre les lieux en conformit\u00e9 \u2013 notamment en d\u00e9molissant une annexe b\u00e2tie en zone interdite \u2013 et indemniser la commune \u00e0 hauteur de quelques milliers d\u2019euros. Ils doivent aussi verser 50.000 euros \u00e0 l\u2019association de d\u00e9fense des int\u00e9r\u00eats des riverains, au titre du pr\u00e9judice subi, et indemniser la municipalit\u00e9 de Roquebrune pour des frais de proc\u00e9dure, ainsi que pour le pr\u00e9judice d\u2019image. En revanche, Gilles de Boissieu, g\u00e9rant de l\u2019h\u00f4tel et gestionnaire de la fortune de l\u2019ancien \u00e9mir du Qatar, a \u00e9t\u00e9 relax\u00e9.<\/p>\n<p>Des moyens judiciaires insuffisants<\/p>\n<p class=\"fig-paragraph\">\u00abLe parquet avait requis une relaxe contre le g\u00e9rant, consid\u00e9rant qu\u2019il n\u2019avait pas suffisamment les pouvoirs de contr\u00f4le et de d\u00e9cision&#8230; Donc, de ce point de vue l\u00e0, la d\u00e9cision n\u2019est pas une surprise\u00a0\u00bb, commente Me Cl\u00e9ment Bossis, avocat de Marie-Christine Franc de Ferri\u00e8re, l\u2019ancienne \u00e9lue d\u2019opposition \u00e0 l\u2019origine des poursuites. Du reste, il juge les sanctions prononc\u00e9es tr\u00e8s inf\u00e9rieures aux manquements observ\u00e9s. \u00abIl n\u2019y a qu\u2019un seul parquetier d\u00e9di\u00e9 \u00e0 l\u2019urbanisme \u00e0 Nice. Certaines infractions \u00e9taient tr\u00e8s facilement constatables, d\u2019autres beaucoup moins. Il aurait fallu ouvrir une information judiciaire et mener une enqu\u00eate approfondie. \u00c0 la place, le parquet a choisi de renvoyer sur un p\u00e9rim\u00e8tre limit\u00e9, en pariant sur des condamnations rapides. \u00c9videmment, cette fa\u00e7on de m\u00e9nager la ch\u00e8vre et le chou donne une r\u00e9ponse judiciaire \u00e9troite et d\u00e9cevante\u00bb, analyse-t-il.<\/p>\n<p class=\"fig-paragraph\">Pour le tribunal, le dossier devait se limiter \u00e0 ce qui \u00e9tait objectivement r\u00e9pr\u00e9hensible et document\u00e9. D\u2019o\u00f9, sans doute, cette d\u00e9cision resserr\u00e9e, qui \u00e9vite soigneusement de rouvrir les plaies d\u2019un chantier entach\u00e9 d\u2019incidents techniques, de tensions entre partenaires, et de soup\u00e7ons d\u2019abus de confiance ayant d\u00e9j\u00e0 donn\u00e9 lieu \u00e0 deux plaintes distinctes visant le ma\u00eetre d\u2019ouvrage\u00a0<a href=\"https:\/\/www.lefigaro.fr\/lifestyle\/2016\/11\/16\/30001-20161116ARTFIG00272-paddy-mckillen-irlandais-francophile.php\" data-fig-type=\"Article\" data-gtm-custom-categorie=\"navigation\" data-gtm-custom-action=\"crossclick\" data-gtm-custom-label=\"Contextuel\" data-gtm-event=\"customEventSPE\" data-fig-domain=\"LEFIGARO\" rel=\"nofollow noopener\" target=\"_blank\">Paddy McKillen<\/a>. Un pan entier de l\u2019affaire reste donc dans l\u2019ombre.<\/p>\n<p class=\"fig-paragraph\">Perch\u00e9 sur un promontoire dominant la M\u00e9diterran\u00e9e, l\u2019ex-Vista Palace, acquis en 2014 par le cheikh Hamad ben Khalifa Al Thani, avait rouvert en grande pompe sous pavillon Maybourne en 2021, apr\u00e8s un chantier de 250 millions d\u2019euros. Mais la m\u00e9tamorphose du b\u00e2timent s\u2019\u00e9tait accompagn\u00e9e de multiples \u00e9carts aux r\u00e8gles d\u2019urbanisme\u00a0: pr\u00e8s de 1200 m\u00e8tres carr\u00e9s de surfaces exploit\u00e9es en dehors du cadre l\u00e9gal, dont 200 m\u00e8tres carr\u00e9s en zone rouge du plan de pr\u00e9vention des risques. La justice a tranch\u00e9. Mais le Maybourne Riviera, qui doit encore se plier aux injonctions de d\u00e9molition ordonn\u00e9es par le tribunal, n\u2019en a pas fini de faire parler de lui. Quant aux Roquebrunois, ils devront s\u2019habituer \u00e0 ce paysage modifi\u00e9 \u00e0 jamais.<\/p>\n","protected":false},"excerpt":{"rendered":"Condamn\u00e9es mardi par le tribunal correctionnel de Nice pour des travaux ill\u00e9gaux \u00e0 Roquebrune-Cap-Martin, deux soci\u00e9t\u00e9s li\u00e9es au&hellip;\n","protected":false},"author":2,"featured_media":117791,"comment_status":"","ping_status":"","sticky":false,"template":"","format":"standard","meta":{"footnotes":""},"categories":[2819],"tags":[1111,11,2898,2829,2971,2972,4107,2973,2974,1777,674,2975,1011,27,303,2969,2970,2987,2980,2425,12,2401,2897,2976,2977,2978,2985,2986,2979,2981,2982,2983,2984,2991,2992,2993,2994,2996,2997,2998,2999,3000,3001,3002,2995,3003,3004,3005,3007,2268,882,1463,25,2988,2989,2990,2968,1352,3006],"class_list":{"0":"post-117790","1":"post","2":"type-post","3":"status-publish","4":"format-standard","5":"has-post-thumbnail","7":"category-nice","8":"tag-actu","9":"tag-actualites","10":"tag-alpes-maritimes","11":"tag-baumettes","12":"tag-carabacel","13":"tag-caucade","14":"tag-chantier","15":"tag-cimiez","16":"tag-cremat","17":"tag-eu","18":"tag-europe","19":"tag-fabron","20":"tag-fr","21":"tag-france","22":"tag-justice","23":"tag-larenas","24":"tag-lariane","25":"tag-le-ray","26":"tag-lingostiere","27":"tag-luxe","28":"tag-news","29":"tag-nice","30":"tag-nice-cote-dazur","31":"tag-nice-gairaut","32":"tag-nice-gambetta","33":"tag-nice-jean-medecin","34":"tag-nice-le-piol","35":"tag-nice-le-port","36":"tag-nice-liberation","37":"tag-nice-magnan","38":"tag-nice-mantega-mont-boron","39":"tag-nice-pasteur","40":"tag-nice-pessicart","41":"tag-nice-rue-de-france","42":"tag-nice-saint-antoine","43":"tag-nice-saint-augustin","44":"tag-nice-saint-isidore","45":"tag-nice-saint-maurice","46":"tag-nice-saint-pancrace","47":"tag-nice-saint-philippe","48":"tag-nice-saint-pierre-de-feric","49":"tag-nice-saint-roch","50":"tag-nice-saint-roman-de-bellet","51":"tag-nice-saint-sylvestre","52":"tag-nice-sainte-marguerite","53":"tag-nice-thiers","54":"tag-nice-ventabrun","55":"tag-nice-vernier","56":"tag-nice-vinaigrier","57":"tag-ogc-nice","58":"tag-provence-alpes-cote-dazur","59":"tag-qatar","60":"tag-republique-francaise","61":"tag-rimiez","62":"tag-riquier","63":"tag-roquebilliere","64":"tag-sud-est","65":"tag-urbanisme","66":"tag-vieux-nice"},"share_on_mastodon":{"url":"","error":"Validation failed: Text character limit of 500 exceeded"},"_links":{"self":[{"href":"https:\/\/www.europesays.com\/fr\/wp-json\/wp\/v2\/posts\/117790","targetHints":{"allow":["GET"]}}],"collection":[{"href":"https:\/\/www.europesays.com\/fr\/wp-json\/wp\/v2\/posts"}],"about":[{"href":"https:\/\/www.europesays.com\/fr\/wp-json\/wp\/v2\/types\/post"}],"author":[{"embeddable":true,"href":"https:\/\/www.europesays.com\/fr\/wp-json\/wp\/v2\/users\/2"}],"replies":[{"embeddable":true,"href":"https:\/\/www.europesays.com\/fr\/wp-json\/wp\/v2\/comments?post=117790"}],"version-history":[{"count":0,"href":"https:\/\/www.europesays.com\/fr\/wp-json\/wp\/v2\/posts\/117790\/revisions"}],"wp:featuredmedia":[{"embeddable":true,"href":"https:\/\/www.europesays.com\/fr\/wp-json\/wp\/v2\/media\/117791"}],"wp:attachment":[{"href":"https:\/\/www.europesays.com\/fr\/wp-json\/wp\/v2\/media?parent=117790"}],"wp:term":[{"taxonomy":"category","embeddable":true,"href":"https:\/\/www.europesays.com\/fr\/wp-json\/wp\/v2\/categories?post=117790"},{"taxonomy":"post_tag","embeddable":true,"href":"https:\/\/www.europesays.com\/fr\/wp-json\/wp\/v2\/tags?post=117790"}],"curies":[{"name":"wp","href":"https:\/\/api.w.org\/{rel}","templated":true}]}}