{"id":117800,"date":"2025-05-21T21:12:13","date_gmt":"2025-05-21T21:12:13","guid":{"rendered":"https:\/\/www.europesays.com\/fr\/117800\/"},"modified":"2025-05-21T21:12:13","modified_gmt":"2025-05-21T21:12:13","slug":"la-tension-grandit-avec-les-parents","status":"publish","type":"post","link":"https:\/\/www.europesays.com\/fr\/117800\/","title":{"rendered":"la tension grandit avec les parents"},"content":{"rendered":"<p>            Par<br \/>\n        <strong><br \/>\n            <a href=\"https:\/\/actu.fr\/auteur\/lea-afonso\" title=\"Consulter tous les articles de L\u00e9a Afonso\" target=\"_blank\" rel=\"noopener\">L\u00e9a Afonso<\/a><br \/>\n        <\/strong><\/p>\n<p>        Publi\u00e9 le<\/p>\n<p>            21 mai 2025 \u00e0 18h33        <\/p>\n<p>Depuis le 3 avril 2025, une <strong>classe de CP<\/strong> au sein de<strong> l\u2019\u00e9cole des Sept Deniers<\/strong>, \u00e0 l\u2019ouest de <a href=\"https:\/\/actu.fr\/toulouse\/\" target=\"_blank\" rel=\"noopener\">Toulouse<\/a>, n\u2019a<strong> plus d\u2019institutrice.<\/strong> Une situation qui ne peut plus durer pour les parents d\u2019\u00e9l\u00e8ves qui se sont rassembl\u00e9s ce mercredi 21 mai au matin devant l\u2019\u00e9tablissement. Explications.<\/p>\n<p>    <a href=\"https:\/\/www.google.com\/maps\/embed?pb=!1m18!1m12!1m3!1d6120.556562262678!2d1.4069981822905164!3d43.616576977653864!2m3!1f0!2f0!3f0!3m2!1i1024!2i768!4f13.1!3m3!1m2!1s0x12aebb268bf19505%3A0xb86ec810cf875bfe!2s%C3%89cole%20Primaire%20publique%20Les%20Sept%20Deniers!5e0!3m2!1sfr!2sfr!4v1747821290964!5m2!1sfr!2sfr\" title=\"Ouvrie le lien\" target=\"_blank\" rel=\"noopener\">Cliquez ici pour visualiser le contenu<\/a><\/p>\n<p>\u00ab\u200923 CP en souffrance\u2009\u00bb<\/p>\n<p class=\" wall-content\"><strong>Une petite centaine de parents s\u2019est<\/strong> mobilis\u00e9e ce matin devant l\u2019\u00e9cole des Sept Deniers. Avec une revendication claire\u2009: la n\u00e9cessit\u00e9 pour cette classe de CP de remplacer l\u2019enseignante absente depuis pr\u00e8s de deux mois.<\/p>\n<p class=\" wall-content\">\u00ab<strong>\u2009Depuis le 3\u00a0avril<\/strong> dernier, nos enfants en classe de CP-C n\u2019ont plus d\u2019enseignante et aucune solution n\u2019est trouv\u00e9e. Oui, il y a eu un ou deux remplacements ponctuels, mais rien de p\u00e9renne. La plupart du temps, ces <strong>23\u00a0enfants concern\u00e9s<\/strong> sont r\u00e9partis dans les autres classes de l\u2019\u00e9cole, tous niveaux confondus, amenant parfois \u00e0 40 le nombre d\u2019\u00e9l\u00e8ves \u00e0 la charge d\u2019un professeur\u2009\u00bb, explique une maman d\u2019\u00e9l\u00e8ve.<\/p>\n<p class=\" wall-content\">Les parents accusent un <strong>manquement p\u00e9dagogique<\/strong>, mais aussi un <strong>mal-\u00eatre chez les enfants<\/strong>. \u00ab\u2009Cette situation instable a un impact sur nos petits. Certains sont redevenus sales alors qu\u2019ils \u00e9taient propres, d\u2019autres font des crises le soir\u2026 Ce sont 23 CP en souffrance\u2009\u00bb.<\/p>\n<p>    <img   decoding=\"async\" loading=\"lazy\" src=\"https:\/\/www.europesays.com\/fr\/wp-content\/uploads\/2025\/05\/whatsapp-image-2025-05-21-a-114440-19175c10-960x640.jpg\" alt=\"Une classe de CP sans institutrice depuis pr\u00e8s de deux mois, les parents et les enfants n'en peuvent plus \" width=\"960\" height=\"640\"\/><br \/>\n    Une classe de CP sans institutrice depuis pr\u00e8s de deux mois, les parents et les enfants n\u2019en peuvent plus (\u00a9Maman d\u2019\u00e9l\u00e8ve, DR)Vid\u00e9os : en ce moment sur Actu\u00c0 quand une solution\u2009?<\/p>\n<p class=\" wall-content\"><strong>L\u2019inspectrice acad\u00e9mique<\/strong> a \u00e9t\u00e9 <strong>saisie<\/strong> par les parents d\u2019\u00e9l\u00e8ves. Suite \u00e0 plusieurs \u00e9changes de mail, aucune solution n\u2019a \u00e9t\u00e9 trouv\u00e9e. Prochaine \u00e9ch\u00e9ance, cette fin de semaine\u2009: \u00ab\u2009Elle doit nous apporter <strong>une r\u00e9ponse ce vendredi 23\u00a0mai,<\/strong> c\u2019est ce qu\u2019elle a laiss\u00e9 entendre, mais on a <strong>peur que cela n\u2019aboutisse \u00e0 rien<\/strong> une nouvelle fois et que la situation reste inchang\u00e9e. On a l\u2019impression que le rectorat joue la montre avec la fin de l\u2019ann\u00e9e qui approche\u2009\u00bb, continue la maman.<\/p>\n<p class=\" wall-content\">De son c\u00f4t\u00e9,<strong> l\u2019acad\u00e9mie de Toulouse<\/strong>, affirme que \u00ab\u2009la situation de l\u2019\u00e9cole des Sept Deniers est connue et accompagn\u00e9e par la Direction des Services D\u00e9partementaux de l\u2019\u00c9ducation nationale de la Haute-Garonne. L\u2019inspection acad\u00e9mique est mobilis\u00e9e dans la recherche active de solutions\u2009\u00bb.<\/p>\n<p>Une situation de plus en plus tendue<\/p>\n<p class=\" wall-content\">\u00ab\u2009Alors que nous avions annonc\u00e9 notre volont\u00e9 de <strong>faire \u2018sit-in\u2019 dans la cantine<\/strong> de l\u2019\u00e9cole, la directrice a \u00e9t\u00e9 contact\u00e9e hier \u2014 mardi 20\u00a0mai 2025 \u2014 par la mairie, lui expliquant que<strong> si l\u2019on entrait<\/strong> dans le r\u00e9fectoire, les <strong>repas ne seraient pas livr\u00e9s<\/strong>. Le service a fait valoir les normes d\u2019hygi\u00e8ne et des probl\u00e8mes de nettoyage\u2009\u00bb, poursuit la maman.<\/p>\n<p class=\" wall-content\">La mairie de Toulouse confirme et pr\u00e9cise : \u00ab\u00a0Les parents n\u2019ont pas le droit de rentrer dans l\u2019enceinte d\u2019une \u00e9cole. R\u00e9fectoire ou pas, toute personne non habilit\u00e9e, hors autorisation et \u00e9v\u00e8nement, ne peut p\u00e9n\u00e9trer au sein d\u2019un \u00e9tablissement, c\u2019est une question de r\u00e8glement\u00a0\u00bb.\u00a0<\/p>\n<p class=\" wall-content\">Ce matin, alors que la centaine de parents d\u2019\u00e9l\u00e8ve \u00e9tait rassembl\u00e9e devant l\u2019\u00e9tablissement, aucun d\u2019entre eux n\u2019a donc pu entrer.\u00a0<\/p>\n<p>\u00ab\u2009L\u2019Etat n\u2019est pas au rendez-vous\u2009\u00bb<\/p>\n<p class=\" wall-content\">Une situation qui n\u2019est pas propre \u00e0 l\u2019\u00e9cole des Sept-Deniers, mais plut\u00f4t \u00e0 l\u2019\u00e9chelle de la ville. Toulouse manque d\u2019enseignants dans bon nombre de ses \u00e9tablissements, comme tient \u00e0 le rappeler Marion Lalane-de Laubad\u00e8re, \u00e9lue en charge du bien grandir\u2009: \u00ab\u2009Une des grandes d\u00e9faillances de l\u2019enseignement \u00e0 Toulouse, c\u2019est le<strong> manque d\u2019enseignants et de rempla\u00e7ants<\/strong>. Nous faisons en sorte \u00e0 notre \u00e9chelle d\u2019avoir les am\u00e9nagements et les infrastructures n\u00e9cessaires, mais de son c\u00f4t\u00e9,<strong> l\u2019Etat n\u2019est pas au rendez-vous<\/strong>\u2009\u00bb.<\/p>\n<p class=\" wall-content\">Jean-Luc Moudenc, maire de Toulouse, lance quant \u00e0 lui un appel solennel \u00e0 l\u2019\u00c9tat, \u00ab\u2009pour que d\u2019ici \u00e0 la rentr\u00e9e prochaine, il y ait des changements\u2009\u00bb concernant le nombre d\u2019enseignants.<\/p>\n<p class=\" wall-content\">Suivez toute l\u2019actualit\u00e9 de vos villes et m\u00e9dias favoris en vous inscrivant \u00e0 <a href=\"https:\/\/moncompte.actu.fr\" title=\"D\u00e9couvez Mon Actu\" rel=\"nofollow noopener\" data-trk=\"{&quot;cta&quot;:{&quot;action&quot;:&quot;https:\\\/\\\/moncompte.actu.fr&quot;,&quot;category&quot;:&quot;mon compte&quot;,&quot;from&quot;:&quot;article footer&quot;,&quot;name&quot;:&quot;Mon actu&quot;,&quot;type&quot;:&quot;cta&quot;}}\" target=\"_blank\">Mon Actu<\/a>.<\/p>\n","protected":false},"excerpt":{"rendered":"Par L\u00e9a Afonso Publi\u00e9 le 21 mai 2025 \u00e0 18h33 Depuis le 3 avril 2025, une classe de&hellip;\n","protected":false},"author":2,"featured_media":117801,"comment_status":"","ping_status":"","sticky":false,"template":"","format":"standard","meta":{"footnotes":""},"categories":[2816],"tags":[1111,11,4019,1057,1777,674,1011,27,12,2680,25,104,2312],"class_list":{"0":"post-117800","1":"post","2":"type-post","3":"status-publish","4":"format-standard","5":"has-post-thumbnail","7":"category-toulouse","8":"tag-actu","9":"tag-actualites","10":"tag-ecoles","11":"tag-education","12":"tag-eu","13":"tag-europe","14":"tag-fr","15":"tag-france","16":"tag-news","17":"tag-occitanie","18":"tag-republique-francaise","19":"tag-societe","20":"tag-toulouse"},"share_on_mastodon":{"url":"https:\/\/pubeurope.com\/@fr\/114547887051182891","error":""},"_links":{"self":[{"href":"https:\/\/www.europesays.com\/fr\/wp-json\/wp\/v2\/posts\/117800","targetHints":{"allow":["GET"]}}],"collection":[{"href":"https:\/\/www.europesays.com\/fr\/wp-json\/wp\/v2\/posts"}],"about":[{"href":"https:\/\/www.europesays.com\/fr\/wp-json\/wp\/v2\/types\/post"}],"author":[{"embeddable":true,"href":"https:\/\/www.europesays.com\/fr\/wp-json\/wp\/v2\/users\/2"}],"replies":[{"embeddable":true,"href":"https:\/\/www.europesays.com\/fr\/wp-json\/wp\/v2\/comments?post=117800"}],"version-history":[{"count":0,"href":"https:\/\/www.europesays.com\/fr\/wp-json\/wp\/v2\/posts\/117800\/revisions"}],"wp:featuredmedia":[{"embeddable":true,"href":"https:\/\/www.europesays.com\/fr\/wp-json\/wp\/v2\/media\/117801"}],"wp:attachment":[{"href":"https:\/\/www.europesays.com\/fr\/wp-json\/wp\/v2\/media?parent=117800"}],"wp:term":[{"taxonomy":"category","embeddable":true,"href":"https:\/\/www.europesays.com\/fr\/wp-json\/wp\/v2\/categories?post=117800"},{"taxonomy":"post_tag","embeddable":true,"href":"https:\/\/www.europesays.com\/fr\/wp-json\/wp\/v2\/tags?post=117800"}],"curies":[{"name":"wp","href":"https:\/\/api.w.org\/{rel}","templated":true}]}}