{"id":117813,"date":"2025-05-21T21:19:24","date_gmt":"2025-05-21T21:19:24","guid":{"rendered":"https:\/\/www.europesays.com\/fr\/117813\/"},"modified":"2025-05-21T21:19:24","modified_gmt":"2025-05-21T21:19:24","slug":"la-commission-du-senat-freine-la-reforme-de-la-loi-plm","status":"publish","type":"post","link":"https:\/\/www.europesays.com\/fr\/117813\/","title":{"rendered":"la commission du S\u00e9nat freine la r\u00e9forme de la loi PLM"},"content":{"rendered":"<p>Municipales 2026 \u00e0 Lyon : la commission du S\u00e9nat freine la r\u00e9forme de la loi PLM<\/p>\n<p itemprop=\"description\"><strong>Le projet de r\u00e9forme \u00e9lectorale pour les villes de Lyon, Paris et Marseille a \u00e9t\u00e9 rejet\u00e9 ce mercredi 21 mai en commission des Lois au S\u00e9nat, \u00e0 moins d\u2019un an des municipales.<\/strong><\/p>\n<p>Adopt\u00e9e en premi\u00e8re lecture \u00e0 l\u2019Assembl\u00e9e nationale d\u00e9but avril, la proposition de loi port\u00e9e par plusieurs d\u00e9put\u00e9s Renaissance visait \u00e0 modifier en profondeur le mode de scrutin en vigueur dans les trois plus grandes villes fran\u00e7aises : Paris-Lyon-Marseille.<\/p>\n<p>Mais la commission des Lois du S\u00e9nat a unanimement repouss\u00e9 le texte, seules les composantes macroniste et centriste s\u2019\u00e9tant abstenues.<\/p>\n<p>Soutenue par le gouvernement, la r\u00e9forme pr\u00e9voit de supprimer le syst\u00e8me \u00e9lectoral mis en place en 1982, o\u00f9 les \u00e9lecteurs votent par arrondissement. Elle entend instaurer deux scrutins distincts : l\u2019un pour les conseillers d\u2019arrondissement, l\u2019autre pour le conseil municipal, \u00e9lu \u00e0 l\u2019\u00e9chelle de la ville enti\u00e8re.<\/p>\n<p>Si le rejet en commission ne signifie pas l\u2019abandon automatique de la r\u00e9forme, il envoie un signal politique fort avant le passage du texte dans l\u2019h\u00e9micycle, pr\u00e9vu le mardi 3 juin. Au S\u00e9nat, domin\u00e9 par Les R\u00e9publicains et le Parti socialiste, les oppositions sont tr\u00e8s majoritaires. Le Rassemblement national et La France insoumise, qui avaient soutenu le texte \u00e0 l\u2019Assembl\u00e9e, sont absents ou peu repr\u00e9sent\u00e9s \u00e0 la chambre haute.<\/p>\n<p>Le gouvernement conserve toutefois la possibilit\u00e9 de faire adopter la r\u00e9forme en derni\u00e8re lecture \u00e0 l\u2019Assembl\u00e9e, au prix d\u2019un allongement du calendrier l\u00e9gislatif. Une perspective qui pourrait peser sur les \u00e9quilibres politiques locaux, notamment \u00e0 Lyon, o\u00f9 ce changement de r\u00e8gles \u00e9lectorales est loin de faire consensus.<\/p>\n","protected":false},"excerpt":{"rendered":"Municipales 2026 \u00e0 Lyon : la commission du S\u00e9nat freine la r\u00e9forme de la loi PLM Le projet&hellip;\n","protected":false},"author":2,"featured_media":117814,"comment_status":"","ping_status":"","sticky":false,"template":"","format":"standard","meta":{"footnotes":""},"categories":[1889],"tags":[1111,11,2813,2190,2430,1109,251,1112,2811,1777,674,118,1011,27,1922,1110,1114,2428,2810,12,241,316,25,2812,517,800],"class_list":{"0":"post-117813","1":"post","2":"type-post","3":"status-publish","4":"format-standard","5":"has-post-thumbnail","7":"category-lyon","8":"tag-actu","9":"tag-actualites","10":"tag-article","11":"tag-asvel","12":"tag-auvergne-rhone-alpes","13":"tag-breves","14":"tag-culture","15":"tag-depeches","16":"tag-economique","17":"tag-eu","18":"tag-europe","19":"tag-faits-divers","20":"tag-fr","21":"tag-france","22":"tag-info","23":"tag-informations","24":"tag-infos","25":"tag-lyon","26":"tag-lyonmag","27":"tag-news","28":"tag-ol","29":"tag-politique","30":"tag-republique-francaise","31":"tag-sociale","32":"tag-sport","33":"tag-transports"},"share_on_mastodon":{"url":"https:\/\/pubeurope.com\/@fr\/114547914300964304","error":""},"_links":{"self":[{"href":"https:\/\/www.europesays.com\/fr\/wp-json\/wp\/v2\/posts\/117813","targetHints":{"allow":["GET"]}}],"collection":[{"href":"https:\/\/www.europesays.com\/fr\/wp-json\/wp\/v2\/posts"}],"about":[{"href":"https:\/\/www.europesays.com\/fr\/wp-json\/wp\/v2\/types\/post"}],"author":[{"embeddable":true,"href":"https:\/\/www.europesays.com\/fr\/wp-json\/wp\/v2\/users\/2"}],"replies":[{"embeddable":true,"href":"https:\/\/www.europesays.com\/fr\/wp-json\/wp\/v2\/comments?post=117813"}],"version-history":[{"count":0,"href":"https:\/\/www.europesays.com\/fr\/wp-json\/wp\/v2\/posts\/117813\/revisions"}],"wp:featuredmedia":[{"embeddable":true,"href":"https:\/\/www.europesays.com\/fr\/wp-json\/wp\/v2\/media\/117814"}],"wp:attachment":[{"href":"https:\/\/www.europesays.com\/fr\/wp-json\/wp\/v2\/media?parent=117813"}],"wp:term":[{"taxonomy":"category","embeddable":true,"href":"https:\/\/www.europesays.com\/fr\/wp-json\/wp\/v2\/categories?post=117813"},{"taxonomy":"post_tag","embeddable":true,"href":"https:\/\/www.europesays.com\/fr\/wp-json\/wp\/v2\/tags?post=117813"}],"curies":[{"name":"wp","href":"https:\/\/api.w.org\/{rel}","templated":true}]}}