{"id":117817,"date":"2025-05-21T21:22:09","date_gmt":"2025-05-21T21:22:09","guid":{"rendered":"https:\/\/www.europesays.com\/fr\/117817\/"},"modified":"2025-05-21T21:22:09","modified_gmt":"2025-05-21T21:22:09","slug":"laurent-nunez-prevoit-un-dispositif-de-securite-exceptionnel","status":"publish","type":"post","link":"https:\/\/www.europesays.com\/fr\/117817\/","title":{"rendered":"Laurent Nu\u00f1ez pr\u00e9voit un \u00ab\u00a0dispositif de s\u00e9curit\u00e9 exceptionnel\u00a0\u00bb"},"content":{"rendered":"<p>            Par<br \/>\n        <strong><br \/>\n            <a href=\"https:\/\/actu.fr\/auteur\/antoine-grotteria02\" title=\"Consulter tous les articles de Antoine Grotteria\" rel=\"nofollow noopener\" target=\"_blank\">Antoine Grotteria<\/a><br \/>\n        <\/strong><\/p>\n<p>        Publi\u00e9 le<\/p>\n<p>            21 mai 2025 \u00e0 14h48        <\/p>\n<p>\u00ab\u2009Les choses sont faisables, nous sommes tr\u00e8s sereins\u2009\u00bb. Engonc\u00e9 dans un fauteuil de de l\u2019H\u00f4tel de Ville de <a href=\"https:\/\/actu.fr\/paris\/\" rel=\"nofollow noopener\" target=\"_blank\">Paris<\/a>, <a href=\"https:\/\/actu.fr\/ile-de-france\/paris_75056\/ciblage-discriminatoire-et-controles-a-repetition-a-paris-laurent-nunez-denonce-une-etude-a-charge_62539728.html\" rel=\"nofollow noopener\" target=\"_blank\">Laurent Nu\u00f1ez<\/a> semble peu inquiet. Ce mercredi 21\u00a0mai 2025, le pr\u00e9fet de Police de Paris a d\u00e9voil\u00e9 la trame g\u00e9n\u00e9rale du <strong>dispositif de s\u00e9curit\u00e9<\/strong> qui sera mis en place lors de la derni\u00e8re \u00e9tape du prochain <a href=\"https:\/\/actu.fr\/tag\/tour-de-france\" rel=\"nofollow noopener\" target=\"_blank\">Tour de France<\/a>, dimanche 27\u00a0juillet, dont l\u2019arriv\u00e9e sera fix\u00e9e sur les <strong>Champs-\u00c9lys\u00e9es<\/strong>.<\/p>\n<p>Un dispositif similaire aux JO\u2009?<\/p>\n<p class=\" wall-content\">Alors que le trac\u00e9 livre une version in\u00e9dite, eu \u00e9gard aux trois passages sur <a href=\"https:\/\/actu.fr\/ile-de-france\/paris_75056\/ca-va-reveiller-le-quartier-a-paris-la-butte-montmartre-impatiente-d-accueillir-le-tour-de-france_62486291.html\" rel=\"nofollow noopener\" target=\"_blank\">la butte Montmartre<\/a>, les autorit\u00e9s pr\u00e9voient un \u00ab\u2009dispositif exceptionnel\u2009\u00bb. \u00ab<strong>\u2009Plusieurs milliers de fonctionnaires de police et de militaires de la gendarmerie<\/strong>\u2009\u00bb seront pr\u00e9sents pour assurer la s\u00e9curit\u00e9 du circuit, a indiqu\u00e9 Laurent Nu\u00f1ez lors d\u2019une conf\u00e9rence de presse commune avec la maire de Paris <a href=\"https:\/\/actu.fr\/tag\/anne-hidalgo\" rel=\"nofollow noopener\" target=\"_blank\">Anne Hidalgo<\/a> et le directeur du Tour <a href=\"https:\/\/actu.fr\/sports\/cyclisme\/beau-haletant-spectaculaire-pour-christian-prudhomme-le-tour-de-france-2025-va-faire-rever-les-gamins_62071997.html\" rel=\"nofollow noopener\" target=\"_blank\">Christian Prudhomme<\/a>. Des \u00ab\u2009zones de barri\u00e8res\u2009\u00bb ont d\u00e9j\u00e0 \u00e9t\u00e9 rep\u00e9r\u00e9es.<\/p>\n<p class=\" wall-content\">\n<p class=\" wall-content\">Si la <strong>liesse populaire<\/strong> suscit\u00e9e par le Tour de France risque de compliquer la donne, la pr\u00e9fecture de police compte s\u2019appuyer sur le souvenir des <a href=\"https:\/\/actu.fr\/jeux-olympiques-2024\/\" rel=\"nofollow noopener\" target=\"_blank\">Jeux olympiques<\/a> pour reproduire le m\u00eame sch\u00e9ma dans le quartier du 18e arrondissement. \u00ab\u2009C\u2019est un secteur que nous connaissons d\u00e9j\u00e0\u2009\u00bb, a rappel\u00e9 le haut fonctionnaire, qui a valid\u00e9 le trac\u00e9 propos\u00e9 par l\u2019organisateur, Amaury Sport Organisation, et \u00e9troitement surveill\u00e9 par la Ville de Paris.<\/p>\n<p>    <img   decoding=\"async\" loading=\"lazy\" src=\"https:\/\/www.europesays.com\/fr\/wp-content\/uploads\/2025\/05\/tour-de-france-paris-presentation-13-960x640.jpg\" alt=\"Le pr\u00e9fet de police Laurent Nu\u00f1ez \u00e9tait pr\u00e9sent \u00e0 la conf\u00e9rence de presse de pr\u00e9sentation de la derni\u00e8re \u00e9tape du Tour de France 2025 \u00e0 Paris. \" width=\"960\" height=\"640\"\/><br \/>\n    Le pr\u00e9fet de police Laurent Nu\u00f1ez \u00e9tait pr\u00e9sent \u00e0 la conf\u00e9rence de presse de pr\u00e9sentation de la derni\u00e8re \u00e9tape du Tour de France 2025 \u00e0 Paris. (\u00a9AG\/ actu Paris)<\/p>\n<p class=\" wall-content\">En avril, l\u2019adjoint \u00e0 la maire en charge du sport<a href=\"https:\/\/actu.fr\/ile-de-france\/paris_75056\/pierre-rabadan-adjoint-aux-jo-de-paris-2024-l-ambition-est-de-reussir-les-jeux-et-leur-heritage_37732653.html\" rel=\"nofollow noopener\" target=\"_blank\"> Pierre Rabadan<\/a> avait indiqu\u00e9 \u00e0 actu Paris que le \u00ab\u2009travail n'(\u00e9tait) <strong>pas abouti<\/strong>\u2009\u00bb. Ce mercredi, l\u2019ex-rugybman a pr\u00e9cis\u00e9 qu\u2019il \u00ab\u2009fallait s\u2019assurer de la faisabilit\u00e9 avec beaucoup de prudence\u2009\u00bb. Finalement, le dossier a bien re\u00e7u le feu vert de la pr\u00e9fecture de police.<\/p>\n<p>Vid\u00e9os : en ce moment sur ActuVers une inscription de Montmartre dans le temps<\/p>\n<p class=\" wall-content\">Les diff\u00e9rentes parties prenantes ont ainsi valid\u00e9 un parcours de 132,3 kilom\u00e8tres entre Mantes-la-Jolie et Paris. Le peloton gravira \u00e0 <strong>trois reprises<\/strong> la butte Montmartre, lors d\u2019un circuit de 16,8 km. L\u2019ultime passage sera situ\u00e9 \u00e0 6 km de la ligne d\u2019arriv\u00e9e. De quoi nourrir les espoirs d\u2019une course anim\u00e9e, diff\u00e9rente des habituelles parades parisiennes.<\/p>\n<p class=\" wall-content\">\n<p class=\" wall-content\">Mais avant cette \u00e9ch\u00e9ance, la pr\u00e9fecture de Police doit convaincre les <strong>riverains<\/strong>. \u00ab\u2009Comme pour les JO, on va organiser des <strong>r\u00e9unions publiques<\/strong>\u2009\u00bb, a pr\u00e9venu Laurent Nu\u00f1ez. Les riverains et les commer\u00e7ants seront convi\u00e9s \u00e0 ces rendez-vous qui pourraient pr\u00e9parer le terrain \u00e0 d\u2019autres passages dans les prochaines ann\u00e9es. \u00ab\u2009On s\u2019attend \u00e0 s\u2019inscrire dans la dur\u00e9e\u2009\u00bb \u00e0 Montmartre, a d\u00e9clar\u00e9 le pr\u00e9fet de Police.<\/p>\n<p class=\" wall-content\">Suivez toute l\u2019actualit\u00e9 de vos villes et m\u00e9dias favoris en vous inscrivant \u00e0 <a href=\"https:\/\/moncompte.actu.fr\" title=\"D\u00e9couvez Mon Actu\" rel=\"nofollow noopener\" data-trk=\"{&quot;cta&quot;:{&quot;action&quot;:&quot;https:\\\/\\\/moncompte.actu.fr&quot;,&quot;category&quot;:&quot;mon compte&quot;,&quot;from&quot;:&quot;article footer&quot;,&quot;name&quot;:&quot;Mon actu&quot;,&quot;type&quot;:&quot;cta&quot;}}\" target=\"_blank\">Mon Actu<\/a>.<\/p>\n","protected":false},"excerpt":{"rendered":"Par Antoine Grotteria Publi\u00e9 le 21 mai 2025 \u00e0 14h48 \u00ab\u2009Les choses sont faisables, nous sommes tr\u00e8s sereins\u2009\u00bb.&hellip;\n","protected":false},"author":2,"featured_media":117818,"comment_status":"","ping_status":"","sticky":false,"template":"","format":"standard","meta":{"footnotes":""},"categories":[1888],"tags":[1111,1928,11,1927,207,1777,674,1011,27,12,1926,626,1925,25,60,2116],"class_list":{"0":"post-117817","1":"post","2":"type-post","3":"status-publish","4":"format-standard","5":"has-post-thumbnail","7":"category-paris","8":"tag-actu","9":"tag-actu-paris","10":"tag-actualites","11":"tag-actualites-paris","12":"tag-cyclisme","13":"tag-eu","14":"tag-europe","15":"tag-fr","16":"tag-france","17":"tag-news","18":"tag-news-paris","19":"tag-paris","20":"tag-paris-news","21":"tag-republique-francaise","22":"tag-sports","23":"tag-tour-de-france-2025"},"share_on_mastodon":{"url":"https:\/\/pubeurope.com\/@fr\/114547926137273566","error":""},"_links":{"self":[{"href":"https:\/\/www.europesays.com\/fr\/wp-json\/wp\/v2\/posts\/117817","targetHints":{"allow":["GET"]}}],"collection":[{"href":"https:\/\/www.europesays.com\/fr\/wp-json\/wp\/v2\/posts"}],"about":[{"href":"https:\/\/www.europesays.com\/fr\/wp-json\/wp\/v2\/types\/post"}],"author":[{"embeddable":true,"href":"https:\/\/www.europesays.com\/fr\/wp-json\/wp\/v2\/users\/2"}],"replies":[{"embeddable":true,"href":"https:\/\/www.europesays.com\/fr\/wp-json\/wp\/v2\/comments?post=117817"}],"version-history":[{"count":0,"href":"https:\/\/www.europesays.com\/fr\/wp-json\/wp\/v2\/posts\/117817\/revisions"}],"wp:featuredmedia":[{"embeddable":true,"href":"https:\/\/www.europesays.com\/fr\/wp-json\/wp\/v2\/media\/117818"}],"wp:attachment":[{"href":"https:\/\/www.europesays.com\/fr\/wp-json\/wp\/v2\/media?parent=117817"}],"wp:term":[{"taxonomy":"category","embeddable":true,"href":"https:\/\/www.europesays.com\/fr\/wp-json\/wp\/v2\/categories?post=117817"},{"taxonomy":"post_tag","embeddable":true,"href":"https:\/\/www.europesays.com\/fr\/wp-json\/wp\/v2\/tags?post=117817"}],"curies":[{"name":"wp","href":"https:\/\/api.w.org\/{rel}","templated":true}]}}