{"id":117821,"date":"2025-05-21T21:24:22","date_gmt":"2025-05-21T21:24:22","guid":{"rendered":"https:\/\/www.europesays.com\/fr\/117821\/"},"modified":"2025-05-21T21:24:22","modified_gmt":"2025-05-21T21:24:22","slug":"quinte-quinte-du-jeudi-22-mai-a-parislongchamp-times-warrior-a-la-pointure","status":"publish","type":"post","link":"https:\/\/www.europesays.com\/fr\/117821\/","title":{"rendered":"Quint\u00e9+: Quint\u00e9+ du jeudi 22 mai \u00e0 ParisLongchamp : Times Warrior a la pointure"},"content":{"rendered":"<p><strong>Les partants du Quint\u00e9+ de ce jeudi 22 mai.<\/strong><strong style=\"float: left;margin-left: 2%;\">PRIX DE L&rsquo;ORANGERIE<\/strong><strong style=\"float: right;margin-right: 2%;\">JEUDI 22 MAI<\/strong><br \/>ParisLongchamp &#8211; 1400 METRES &#8211; \u00a0<img decoding=\"async\" alt=\"picto_galop\" class=\"img2\" src=\"https:\/\/www.europesays.com\/fr\/wp-content\/uploads\/2025\/04\/galop.svg.svg+xml\"\/>D\u00c9PART : 20H15<\/p>\n<tr class=\"row1\" style=\"border: thin solid #020338; width: 50%; padding: 5px; background-color: #020338; color: #FFFFFF; text-align: left; line-height: 15px;\">N\u00b0\u00a0CHEVALCORDE\u00a0JOCKEYPOIDS\u00a0ENTRA\u00ceNEURVALEURGAINS<\/tr>\n<tr class=\"row2\" style=\"text-align: left; background-color: #FFFFFF; line-height: 15px;\">\n<td class=\"col1\" style=\"text-align: center; width: 65px;font-weight: bold;\">1<\/td>\n<td class=\"col2\"><a href=\"https:\/\/www.equidia.fr\/chevaux\/ci-mer?horse_uuid=06212559-9bae-4afb-b2ff-bcc8ec30128e\" target=\"_blank\" rel=\"noopener\">CI MER<\/a><\/td>\n<td class=\"col3\" style=\"text-align: center;\">12<\/td>\n<td class=\"col4\">A.MADAMET<\/td>\n<td class=\"col5\">60.0 kg<\/td>\n<td class=\"col6\">M.SEROR (S)<\/td>\n<td class=\"col7\" style=\"text-align: center;\">43.0<\/td>\n<td class=\"col8\" style=\"text-align: right;\">42400 \u20ac<\/td>\n<\/tr>\n<tr class=\"row3\" style=\"text-align: left; background-color: rgb(218, 218, 226); line-height: 15px;\">\n<td class=\"col1\" style=\"text-align: center; width: 65px;font-weight: bold;\">2<\/td>\n<td class=\"col2\"><a href=\"https:\/\/www.equidia.fr\/chevaux\/amedras?horse_uuid=d8ab669a-9595-4656-8b45-23d77858e09c\" target=\"_blank\" rel=\"noopener\">AMEDRAS<\/a><\/td>\n<td class=\"col3\" style=\"text-align: center;\">16<\/td>\n<td class=\"col4\">C.DEMURO<\/td>\n<td class=\"col5\">59.5 kg<\/td>\n<td class=\"col6\">C.ESCUDER<\/td>\n<td class=\"col7\" style=\"text-align: center;\">42.5<\/td>\n<td class=\"col8\" style=\"text-align: right;\">265350 \u20ac<\/td>\n<\/tr>\n<tr class=\"row2\" style=\"text-align: left; background-color: #FFFFFF; line-height: 15px;\">\n<td class=\"col1\" style=\"text-align: center; width: 65px;font-weight: bold;\">3<\/td>\n<td class=\"col2\"><a href=\"https:\/\/www.equidia.fr\/chevaux\/durythme?horse_uuid=82b36c15-d26b-4a82-ae1f-f5a47b901b9c\" target=\"_blank\" rel=\"noopener\">DURYTHME<\/a><\/td>\n<td class=\"col3\" style=\"text-align: center;\">3<\/td>\n<td class=\"col4\">A.LEMAITRE<\/td>\n<td class=\"col5\">59.5 kg<\/td>\n<td class=\"col6\">CHR.HEAD (S)<\/td>\n<td class=\"col7\" style=\"text-align: center;\">42.5<\/td>\n<td class=\"col8\" style=\"text-align: right;\">68160 \u20ac<\/td>\n<\/tr>\n<tr class=\"row3\" style=\"text-align: left; background-color: rgb(218, 218, 226); line-height: 15px;\">\n<td class=\"col1\" style=\"text-align: center; width: 65px;font-weight: bold;\">4<\/td>\n<td class=\"col2\"><a href=\"https:\/\/www.equidia.fr\/chevaux\/times-warrior?horse_uuid=b9b85934-b1d0-49f5-a4b2-c73525e23d13\" target=\"_blank\" rel=\"noopener\">TIMES WARRIOR<\/a><\/td>\n<td class=\"col3\" style=\"text-align: center;\">13<\/td>\n<td class=\"col4\">M.GUYON<\/td>\n<td class=\"col5\">58.0 kg<\/td>\n<td class=\"col6\">C.FERLAND (S)<\/td>\n<td class=\"col7\" style=\"text-align: center;\">41.0<\/td>\n<td class=\"col8\" style=\"text-align: right;\">69870 \u20ac<\/td>\n<\/tr>\n<tr class=\"row2\" style=\"text-align: left; background-color: #FFFFFF; line-height: 15px;\">\n<td class=\"col1\" style=\"text-align: center; width: 65px;font-weight: bold;\">5<\/td>\n<td class=\"col2\"><a href=\"https:\/\/www.equidia.fr\/chevaux\/tortisambert?horse_uuid=c9f6d50d-f058-4002-9192-655435999692\" target=\"_blank\" rel=\"noopener\">TORTISAMBERT<\/a><\/td>\n<td class=\"col3\" style=\"text-align: center;\">4<\/td>\n<td class=\"col4\">S.PASQUIER<\/td>\n<td class=\"col5\">58.0 kg<\/td>\n<td class=\"col6\">F.CHAPPET (S)<\/td>\n<td class=\"col7\" style=\"text-align: center;\">41.0<\/td>\n<td class=\"col8\" style=\"text-align: right;\">70620 \u20ac<\/td>\n<\/tr>\n<tr class=\"row3\" style=\"text-align: left; background-color: rgb(218, 218, 226); line-height: 15px;\">\n<td class=\"col1\" style=\"text-align: center; width: 65px;font-weight: bold;\">6<\/td>\n<td class=\"col2\"><a href=\"https:\/\/www.equidia.fr\/chevaux\/lanaken?horse_uuid=61ac2597-89f2-4e77-a83f-03c609fe3942\" target=\"_blank\" rel=\"noopener\">LANAKEN<\/a><\/td>\n<td class=\"col3\" style=\"text-align: center;\">14<\/td>\n<td class=\"col4\">A.POUCHIN<\/td>\n<td class=\"col5\">58.0 kg<\/td>\n<td class=\"col6\">E.LIBAUD (S)<\/td>\n<td class=\"col7\" style=\"text-align: center;\">41.0<\/td>\n<td class=\"col8\" style=\"text-align: right;\">194952 \u20ac<\/td>\n<\/tr>\n<tr class=\"row2\" style=\"text-align: left; background-color: #FFFFFF; line-height: 15px;\">\n<td class=\"col1\" style=\"text-align: center; width: 65px;font-weight: bold;\">7<\/td>\n<td class=\"col2\"><a href=\"https:\/\/www.equidia.fr\/chevaux\/centenario-1?horse_uuid=f784c546-883c-475c-b530-dd3b4d75bd0b\" target=\"_blank\" rel=\"noopener\">CENTENARIO<\/a><\/td>\n<td class=\"col3\" style=\"text-align: center;\">7<\/td>\n<td class=\"col4\">M.BARZALONA<\/td>\n<td class=\"col5\">57.5 kg<\/td>\n<td class=\"col6\">G.MOSSE (S)<\/td>\n<td class=\"col7\" style=\"text-align: center;\">40.5<\/td>\n<td class=\"col8\" style=\"text-align: right;\">132780 \u20ac<\/td>\n<\/tr>\n<tr class=\"row3\" style=\"text-align: left; background-color: rgb(218, 218, 226); line-height: 15px;\">\n<td class=\"col1\" style=\"text-align: center; width: 65px;font-weight: bold;\">8<\/td>\n<td class=\"col2\"><a href=\"https:\/\/www.equidia.fr\/chevaux\/chirimiri?horse_uuid=f7ae9029-5de1-4cca-a4de-1afc0889fcaa\" target=\"_blank\" rel=\"noopener\">CHIRIMIRI<\/a><\/td>\n<td class=\"col3\" style=\"text-align: center;\">15<\/td>\n<td class=\"col4\">E.CORALLO<\/td>\n<td class=\"col5\">57.5 kg<\/td>\n<td class=\"col6\">C.FERLAND (S)<\/td>\n<td class=\"col7\" style=\"text-align: center;\">40.5<\/td>\n<td class=\"col8\" style=\"text-align: right;\">167535 \u20ac<\/td>\n<\/tr>\n<tr class=\"row2\" style=\"text-align: left; background-color: #FFFFFF; line-height: 15px;\">\n<td class=\"col1\" style=\"text-align: center; width: 65px;font-weight: bold;\">9<\/td>\n<td class=\"col2\"><a href=\"https:\/\/www.equidia.fr\/chevaux\/swing-for-me?horse_uuid=4f454293-1ecf-46d5-9f09-46cadb8f3fb9\" target=\"_blank\" rel=\"noopener\">SWING FOR ME<\/a><\/td>\n<td class=\"col3\" style=\"text-align: center;\">9<\/td>\n<td class=\"col4\">V.ALONSO VIDAL DE LA PENA<\/td>\n<td class=\"col5\">57.0 kg<\/td>\n<td class=\"col6\">C.ALONSO PENA<\/td>\n<td class=\"col7\" style=\"text-align: center;\">40.0<\/td>\n<td class=\"col8\" style=\"text-align: right;\">117135 \u20ac<\/td>\n<\/tr>\n<tr class=\"row3\" style=\"text-align: left; background-color: rgb(218, 218, 226); line-height: 15px;\">\n<td class=\"col1\" style=\"text-align: center; width: 65px;font-weight: bold;\">10<\/td>\n<td class=\"col2\"><a href=\"https:\/\/www.equidia.fr\/chevaux\/fou-furieux?horse_uuid=f40db185-d81a-4e44-bd8b-a609ab88ba4c\" target=\"_blank\" rel=\"noopener\">FOU FURIEUX<\/a><\/td>\n<td class=\"col3\" style=\"text-align: center;\">11<\/td>\n<td class=\"col4\">T.BACHELOT<\/td>\n<td class=\"col5\">55.5 kg<\/td>\n<td class=\"col6\">N.CAULLERY<\/td>\n<td class=\"col7\" style=\"text-align: center;\">38.5<\/td>\n<td class=\"col8\" style=\"text-align: right;\">77270 \u20ac<\/td>\n<\/tr>\n<tr class=\"row2\" style=\"text-align: left; background-color: #FFFFFF; line-height: 15px;\">\n<td class=\"col1\" style=\"text-align: center; width: 65px;font-weight: bold;\">11<\/td>\n<td class=\"col2\"><a href=\"https:\/\/www.equidia.fr\/chevaux\/scarface-1?horse_uuid=d671cf88-6763-42cf-8312-a22c105e1a3e\" target=\"_blank\" rel=\"noopener\">SCARFACE<\/a><\/td>\n<td class=\"col3\" style=\"text-align: center;\">10<\/td>\n<td class=\"col4\">H.BOUTIN<\/td>\n<td class=\"col5\">55.0 kg<\/td>\n<td class=\"col6\">C.BOUTIN (S)<\/td>\n<td class=\"col7\" style=\"text-align: center;\">38.0<\/td>\n<td class=\"col8\" style=\"text-align: right;\">227600 \u20ac<\/td>\n<\/tr>\n<tr class=\"row3\" style=\"text-align: left; background-color: rgb(218, 218, 226); line-height: 15px;\">\n<td class=\"col1\" style=\"text-align: center; width: 65px;font-weight: bold;\">12<\/td>\n<td class=\"col2\"><a href=\"https:\/\/www.equidia.fr\/chevaux\/abelard-f?horse_uuid=5f60a2c6-1a1a-4107-856b-a5ad0dae99c0\" target=\"_blank\" rel=\"noopener\">ABELARD F<\/a><\/td>\n<td class=\"col3\" style=\"text-align: center;\">8<\/td>\n<td class=\"col4\">B.MARIE<\/td>\n<td class=\"col5\">55.0 kg<\/td>\n<td class=\"col6\">MME A.KARKOSA<\/td>\n<td class=\"col7\" style=\"text-align: center;\">38.0<\/td>\n<td class=\"col8\" style=\"text-align: right;\">109627 \u20ac<\/td>\n<\/tr>\n<tr class=\"row2\" style=\"text-align: left; background-color: #FFFFFF; line-height: 15px;\">\n<td class=\"col1\" style=\"text-align: center; width: 65px;font-weight: bold;\">13<\/td>\n<td class=\"col2\"><a href=\"https:\/\/www.equidia.fr\/chevaux\/forchester?horse_uuid=79708aa1-f959-444d-a513-b84c3fed69a9\" target=\"_blank\" rel=\"noopener\">FORCHESTER<\/a><\/td>\n<td class=\"col3\" style=\"text-align: center;\">5<\/td>\n<td class=\"col4\">C.LECOEUVRE<\/td>\n<td class=\"col5\">54.5 kg<\/td>\n<td class=\"col6\">ED.MONFORT (S)<\/td>\n<td class=\"col7\" style=\"text-align: center;\">37.5<\/td>\n<td class=\"col8\" style=\"text-align: right;\">108700 \u20ac<\/td>\n<\/tr>\n<tr class=\"row3\" style=\"text-align: left; background-color: rgb(218, 218, 226); line-height: 15px;\">\n<td class=\"col1\" style=\"text-align: center; width: 65px;font-weight: bold;\">14<\/td>\n<td class=\"col2\"><a href=\"https:\/\/www.equidia.fr\/chevaux\/etel-du-ninian?horse_uuid=f25b9e51-7186-4abe-bfc1-d5950f949b42\" target=\"_blank\" rel=\"noopener\">ETEL DU NINIAN<\/a><\/td>\n<td class=\"col3\" style=\"text-align: center;\">1<\/td>\n<td class=\"col4\">L.BOISSEAU<\/td>\n<td class=\"col5\">54.5 kg<\/td>\n<td class=\"col6\">C.GUYON<\/td>\n<td class=\"col7\" style=\"text-align: center;\">37.5<\/td>\n<td class=\"col8\" style=\"text-align: right;\">102690 \u20ac<\/td>\n<\/tr>\n<tr class=\"row2\" style=\"text-align: left; background-color: #FFFFFF; line-height: 15px;\">\n<td class=\"col1\" style=\"text-align: center; width: 65px;font-weight: bold;\">15<\/td>\n<td class=\"col2\"><a href=\"https:\/\/www.equidia.fr\/chevaux\/wonder-boy?horse_uuid=05ad13da-084b-4ae8-97ef-2355da2b60a8\" target=\"_blank\" rel=\"noopener\">WONDER BOY<\/a><\/td>\n<td class=\"col3\" style=\"text-align: center;\">6<\/td>\n<td class=\"col4\">R.MANGIONE<\/td>\n<td class=\"col5\">54.0 kg<\/td>\n<td class=\"col6\">ED.MONFORT (S)<\/td>\n<td class=\"col7\" style=\"text-align: center;\">37.0<\/td>\n<td class=\"col8\" style=\"text-align: right;\">287506 \u20ac<\/td>\n<\/tr>\n<tr class=\"row3\" style=\"text-align: left; background-color: rgb(218, 218, 226); line-height: 15px;\">\n<td class=\"col1\" style=\"text-align: center; width: 65px;font-weight: bold;\">16<\/td>\n<td class=\"col2\"><a href=\"https:\/\/www.equidia.fr\/chevaux\/simply-striking?horse_uuid=0b289f38-43b1-4217-9754-b41cd20c2cdb\" target=\"_blank\" rel=\"noopener\">SIMPLY STRIKING<\/a><\/td>\n<td class=\"col3\" style=\"text-align: center;\">2<\/td>\n<td class=\"col4\">G.MEURY<\/td>\n<td class=\"col5\">53.0 kg<\/td>\n<td class=\"col6\">M.DELCHER SANCHEZ<\/td>\n<td class=\"col7\" style=\"text-align: center;\">36.0<\/td>\n<td class=\"col8\" style=\"text-align: right;\">336407 \u20ac<\/td>\n<\/tr>\n<p><strong>Les forces en pr\u00e9sence<\/strong><\/p>\n<p style=\"text-align: justify;\">Auteur d&rsquo;une superbe fin de course dans le Super Handicap de R\u00e9ouverture (2e), <a href=\"https:\/\/www.equidia.fr\/chevaux\/times-warrior?horse_uuid=b9b85934-b1d0-49f5-a4b2-c73525e23d13\" target=\"_blank\" rel=\"noopener\">TIMES WARRIOR (4)<\/a> n&rsquo;a pu b\u00e9n\u00e9ficier de circonstances favorables ensuite dans le Prix de Chevilly (11e). Il est tr\u00e8s comp\u00e9titif \u00e0 cette valeur et retrouvera un terrain \u00e0 sa convenance. S&rsquo;il b\u00e9n\u00e9ficie d&rsquo;un parcours fluide, il a largement les moyens de devancer <a href=\"https:\/\/www.equidia.fr\/chevaux\/tortisambert?horse_uuid=c9f6d50d-f058-4002-9192-655435999692\" target=\"_blank\" rel=\"noopener\">TORTISAMBERT (5)<\/a>, troisi\u00e8me des deux \u00e9preuves de r\u00e9f\u00e9rence, <a href=\"https:\/\/www.equidia.fr\/chevaux\/durythme?horse_uuid=82b36c15-d26b-4a82-ae1f-f5a47b901b9c\" target=\"_blank\" rel=\"noopener\">DURYTHME (3)<\/a>, invaincu en deux tentatives sur 1 400 m\u00e8tres, et <a href=\"https:\/\/www.equidia.fr\/chevaux\/lanaken?horse_uuid=61ac2597-89f2-4e77-a83f-03c609fe3942\" target=\"_blank\" rel=\"noopener\">LANAKEN (6)<\/a>, qui aura simplement contre lui sa position en dehors dans les stalles de d\u00e9part. <a href=\"https:\/\/www.equidia.fr\/chevaux\/centenario-1?horse_uuid=f784c546-883c-475c-b530-dd3b4d75bd0b\" target=\"_blank\" rel=\"noopener\">CENTENARIO (7)<\/a> est irr\u00e9prochable depuis qu&rsquo;il a rejoint l&rsquo;effectif de G\u00e9rald Moss\u00e9 et semble en mesure de surmonter la p\u00e9nalisation de trois kilos encourue suite \u00e0 son succ\u00e8s du 27 avril. Vite sur jambes, <a href=\"https:\/\/www.equidia.fr\/chevaux\/forchester?horse_uuid=79708aa1-f959-444d-a513-b84c3fed69a9\" target=\"_blank\" rel=\"noopener\">FORCHESTER (13)<\/a> est mieux plac\u00e9 dans les stalles qu&rsquo;en dernier lieu et devrait encore aller tr\u00e8s loin. <a href=\"https:\/\/www.equidia.fr\/chevaux\/wonder-boy?horse_uuid=05ad13da-084b-4ae8-97ef-2355da2b60a8\" target=\"_blank\" rel=\"noopener\">WONDER BOY (15)<\/a>, capable de finir fort lorsqu&rsquo;il b\u00e9n\u00e9ficie d&rsquo;un parcours sans encombre, et <a href=\"https:\/\/www.equidia.fr\/chevaux\/simply-striking?horse_uuid=0b289f38-43b1-4217-9754-b41cd20c2cdb\" target=\"_blank\" rel=\"noopener\">SIMPLY STRIKING (16)<\/a>, th\u00e9oriquement tr\u00e8s bien plac\u00e9 en valeur 36, compl\u00e8tent notre choix.<\/p>\n<p><strong>Le prono de Micka\u00ebl AFRIAT<\/strong><\/p>\n<tr cellpadding=\"0\" cellspacing=\"10\" class=\"row5\" style=\"text-align: left; background-color: #FFFFFF; font-size: 130%;\">\n<td style=\"text-align: center;\">4<\/td>\n<td style=\"text-align: center;\">5<\/td>\n<td style=\"text-align: center;\">3<\/td>\n<td style=\"text-align: center;\">6<\/td>\n<td style=\"text-align: center;\">7<\/td>\n<td style=\"text-align: center;\">13<\/td>\n<td style=\"text-align: center;\">15<\/td>\n<td style=\"text-align: center;\">16<\/td>\n<\/tr>\n<tr class=\"row6\" style=\"text-align: center; background-color: #FFFFFF; column-width: 6rem;\">\n<td class=\"col4\"><img decoding=\"async\" alt=\"casaque_TIMES WARRIOR\" class=\"cas\" src=\"https:\/\/www.europesays.com\/fr\/wp-content\/uploads\/2025\/05\/20250522-r1c7p4-png.png\" style=\" width: 70%;\"\/><\/p>\n<p class=\"col10\" style=\"font-size: x-small; line-height: 11px;;\">TIMES WARRIOR<\/p>\n<\/td>\n<td class=\"col5\"><img decoding=\"async\" alt=\"casaque_TORTISAMBERT\" class=\"cas\" src=\"https:\/\/www.europesays.com\/fr\/wp-content\/uploads\/2025\/05\/20250522-r1c7p5-png.png\" style=\" width: 70%;\"\/><\/p>\n<p class=\"col10\" style=\"font-size: x-small; line-height: 11px;;\">TORTISAMBERT<\/p>\n<\/td>\n<td class=\"col3\"><img decoding=\"async\" alt=\"casaque_DURYTHME\" class=\"cas\" src=\"https:\/\/www.europesays.com\/fr\/wp-content\/uploads\/2025\/05\/20250522-r1c7p3-png.png\" style=\" width: 70%;\"\/><\/p>\n<p class=\"col10\" style=\"font-size: x-small; line-height: 11px;;\">DURYTHME<\/p>\n<\/td>\n<td class=\"col6\"><img decoding=\"async\" alt=\"casaque_LANAKEN\" class=\"cas\" src=\"https:\/\/www.europesays.com\/fr\/wp-content\/uploads\/2025\/05\/20250522-r1c7p6-png.png\" style=\" width: 70%;\"\/><\/p>\n<p class=\"col10\" style=\"font-size: x-small; line-height: 11px;;\">LANAKEN<\/p>\n<\/td>\n<td class=\"col7\"><img decoding=\"async\" alt=\"casaque_CENTENARIO\" class=\"cas\" src=\"https:\/\/www.europesays.com\/fr\/wp-content\/uploads\/2025\/05\/20250522-r1c7p7-png.png\" style=\" width: 70%;\"\/><\/p>\n<p class=\"col10\" style=\"font-size: x-small; line-height: 11px;;\">CENTENARIO<\/p>\n<\/td>\n<td class=\"col13\"><img decoding=\"async\" alt=\"casaque_FORCHESTER\" class=\"cas\" src=\"https:\/\/www.europesays.com\/fr\/wp-content\/uploads\/2025\/05\/20250522-r1c7p13-png.png\" style=\" width: 70%;\"\/><\/p>\n<p class=\"col10\" style=\"font-size: x-small; line-height: 11px;;\">FORCHESTER<\/p>\n<\/td>\n<td class=\"col15\"><img decoding=\"async\" alt=\"casaque_WONDER BOY\" class=\"cas\" src=\"https:\/\/www.europesays.com\/fr\/wp-content\/uploads\/2025\/05\/20250522-r1c7p15-png.png\" style=\" width: 70%;\"\/><\/p>\n<p class=\"col10\" style=\"font-size: x-small; line-height: 11px;;\">WONDER BOY<\/p>\n<\/td>\n<td class=\"col16\"><img decoding=\"async\" alt=\"casaque_SIMPLY STRIKING\" class=\"cas\" src=\"https:\/\/www.europesays.com\/fr\/wp-content\/uploads\/2025\/05\/20250522-r1c7p16-png.png\" style=\" width: 70%;\"\/><\/p>\n<p class=\"col10\" style=\"font-size: x-small; line-height: 11px;;\">SIMPLY STRIKING<\/p>\n<\/td>\n<\/tr>\n<p><a href=\"https:\/\/servedby.revive-adserver.net\/ck.php?n=a3265498&amp;cb=1234\" target=\"_blank\" rel=\"noopener\"><img decoding=\"async\" alt=\"\" border=\"0\" src=\"https:\/\/www.europesays.com\/fr\/wp-content\/uploads\/2025\/05\/1747862655_368_avw\"\/><\/a><\/p>\n<p><strong>Les partants en d\u00e9tail (par M. AFRIAT) et l&rsquo;avis des pros (par F. BOERSCH)<\/strong><\/p>\n<p id=\"ch_CI MER\" style=\"margin-bottom: 1%;\"><a href=\"https:\/\/www.equidia.fr\/chevaux\/ci-mer?horse_uuid=06212559-9bae-4afb-b2ff-bcc8ec30128e\" target=\"_blank\" rel=\"noopener\">1 &#8211; \u00a0<img decoding=\"async\" alt=\"casaque_CI MER\" src=\"https:\/\/www.europesays.com\/fr\/wp-content\/uploads\/2025\/05\/20250522-r1c7p1-png.png\" style=\"width: 4.5%; margin :0; vertical-align : middle;\"\/>\u00a0\u00a0CI MER<\/a><\/p>\n<p style=\"text-align: justify;\">Pass\u00e9e des boxes de Yann Barberot \u00e0 ceux de Micka\u00ebl Seror durant l&rsquo;hiver, cette fille de Siyouni vient de signer une r\u00e9apparition plut\u00f4t encourageante dans une Classe 2 bien compos\u00e9e (5e). Toutefois, elle d\u00e9bute dans les handicaps \u00e0 une valeur tr\u00e8s \u00e9lev\u00e9e et n&rsquo;a jamais couru sur une distance aussi courte. Du pour et du contre.<\/p>\n<p><strong>Micka\u00ebl Seror, entra\u00eeneur : <\/strong><\/p>\n<p style=\"text-align: justify;\">\u00ab Ci Mer (1) a h\u00e9rit\u00e9 d&rsquo;un mauvais num\u00e9ro de corde et n&rsquo;aura donc pas la partie facile pour sa premi\u00e8re tentative sur 1 400 m\u00e8tres. Elle n&rsquo;a qu&rsquo;une seule course dans les jambes, et je pense qu&rsquo;elle sera plus comp\u00e9titive \u00e0 l&rsquo;avenir, d&rsquo;autant plus qu&rsquo;elle me semble prise un peu haute en valeur 43. \u00bb<\/p>\n<p id=\"ch_AMEDRAS\" style=\"margin-bottom: 1%;\"><a href=\"https:\/\/www.equidia.fr\/chevaux\/amedras?horse_uuid=d8ab669a-9595-4656-8b45-23d77858e09c\" target=\"_blank\" rel=\"noopener\">2 &#8211; \u00a0<img decoding=\"async\" alt=\"casaque_AMEDRAS\" src=\"https:\/\/www.europesays.com\/fr\/wp-content\/uploads\/2025\/05\/20250522-r1c7p2-png.png\" style=\"width: 4.5%; margin :0; vertical-align : middle;\"\/>\u00a0\u00a0AMEDRAS<\/a><\/p>\n<p style=\"text-align: justify;\">Cet \u00e9l\u00e8ve de Christophe Escuder appr\u00e9cie ce parcours puisqu&rsquo;il y a d\u00e9j\u00e0 remport\u00e9 un Quint\u00e9+. Il n&rsquo;a absolument pas d\u00e9m\u00e9rit\u00e9 dans la course cl\u00e9 du 27 avril (8e), malgr\u00e9 la corde 16, mais il reste plus \u00e0 l&rsquo;aise en terrain profond et devra encore partir en dehors&#8230; Pour la cinqui\u00e8me place.<\/p>\n<p><strong>Christophe Escuder, entra\u00eeneur : <\/strong><\/p>\n<p style=\"text-align: justify;\">\u00ab Comme la derni\u00e8re fois, Amedras (2) a h\u00e9rit\u00e9 de la corde 16. Avec cette position initiale et 59,5 kg sur le dos, la mission s&rsquo;annonce quasiment impossible, surtout sur ce parcours. \u00bb<\/p>\n<p id=\"ch_DURYTHME\" style=\"margin-bottom: 1%;\"><a href=\"https:\/\/www.equidia.fr\/chevaux\/durythme?horse_uuid=82b36c15-d26b-4a82-ae1f-f5a47b901b9c\" target=\"_blank\" rel=\"noopener\">3 &#8211; \u00a0<img decoding=\"async\" alt=\"casaque_DURYTHME\" src=\"https:\/\/www.europesays.com\/fr\/wp-content\/uploads\/2025\/05\/1747862656_348_20250522-r1c7p3-png.png\" style=\"width: 4.5%; margin :0; vertical-align : middle;\"\/>\u00a0\u00a0DURYTHME<\/a><\/p>\n<p style=\"text-align: justify;\">Apr\u00e8s huit mois d&rsquo;absence, ce repr\u00e9sentant de la famille Head a d\u00e9sormais deux courses dans les jambes. Ses deux essais sur 1 400 m\u00e8tres se sont sold\u00e9s par des succ\u00e8s, et sa valeur a \u00e9t\u00e9 l\u00e9g\u00e8rement revue \u00e0 la baisse. M\u00eame s&rsquo;il aurait pr\u00e9f\u00e9r\u00e9 une piste bien souple, il a son mot \u00e0 dire.<\/p>\n<p><strong>L&rsquo;avis du reporter : <\/strong><\/p>\n<p style=\"text-align: justify;\">\u00ab Pour son retour dans les Quint\u00e9+, Durythme (3) a pris une courageuse septi\u00e8me place. Certainement sur la montante, il a en plus h\u00e9rit\u00e9 d&rsquo;un bon num\u00e9ro de corde. Si tout se passe bien, il est en mesure de refaire parler de lui. \u00bb<\/p>\n<p id=\"ch_TIMES WARRIOR\" style=\"margin-bottom: 1%;\"><a href=\"https:\/\/www.equidia.fr\/chevaux\/times-warrior?horse_uuid=b9b85934-b1d0-49f5-a4b2-c73525e23d13\" target=\"_blank\" rel=\"noopener\">4 &#8211; \u00a0<img decoding=\"async\" alt=\"casaque_TIMES WARRIOR\" src=\"https:\/\/www.europesays.com\/fr\/wp-content\/uploads\/2025\/05\/1747862656_211_20250522-r1c7p4-png.png\" style=\"width: 4.5%; margin :0; vertical-align : middle;\"\/>\u00a0\u00a0TIMES WARRIOR<\/a><\/p>\n<p style=\"text-align: justify;\">Deuxi\u00e8me du Super Handicap de R\u00e9ouverture d\u00e9but avril, cet excellent finisseur n&rsquo;a pu avoir ses aises ensuite dans le Prix de Chevilly (11e). Il a un peu de marge \u00e0 cette valeur et ne devrait pas \u00eatre loin de la v\u00e9rit\u00e9 \u00e0 l&rsquo;issue d&rsquo;un parcours sans encombre.<\/p>\n<p><strong>Maxime Guyon, jockey : <\/strong><\/p>\n<p style=\"text-align: justify;\">\u00ab Times Warrior (4) est un vrai cheval de bon terrain. En dernier lieu, il n&rsquo;a pas \u00e9t\u00e9 tr\u00e8s heureux. Auparavant, il avait toutefois r\u00e9alis\u00e9 deux bonnes performances dans des Quint\u00e9+. Je pense qu&rsquo;il reste comp\u00e9titif en valeur 41 et qu&rsquo;il d\u00e9tient une tr\u00e8s belle chance \u00e0 d\u00e9fendre. \u00bb<\/p>\n<p id=\"ch_TORTISAMBERT\" style=\"margin-bottom: 1%;\"><a href=\"https:\/\/www.equidia.fr\/chevaux\/tortisambert?horse_uuid=c9f6d50d-f058-4002-9192-655435999692\" target=\"_blank\" rel=\"noopener\">5 &#8211; \u00a0<img decoding=\"async\" alt=\"casaque_TORTISAMBERT\" src=\"https:\/\/www.europesays.com\/fr\/wp-content\/uploads\/2025\/05\/1747862656_661_20250522-r1c7p5-png.png\" style=\"width: 4.5%; margin :0; vertical-align : middle;\"\/>\u00a0\u00a0TORTISAMBERT<\/a><\/p>\n<p style=\"text-align: justify;\">Cet attentiste a remarquablement tenu sa partie \u00e0 l&rsquo;occasion des deux courses cl\u00e9s du mois d&rsquo;avril. D&rsquo;ailleurs, notons qu&rsquo;il a termin\u00e9 troisi\u00e8me lors de ses trois essais sur ce parcours pr\u00e9cis. S&rsquo;il a l&rsquo;ouverture au moment opportun, sa place est encore sur le podium.<\/p>\n<p><strong>L&rsquo;avis du reporter : <\/strong><\/p>\n<p style=\"text-align: justify;\">\u00ab Tortisambert (5) r\u00e9alise un bon d\u00e9but d&rsquo;ann\u00e9e et a prouv\u00e9 \u00e0 plusieurs reprises qu&rsquo;il \u00e9tait comp\u00e9titif \u00e0 cette valeur. Il a h\u00e9rit\u00e9 d&rsquo;un bon num\u00e9ro de corde et conna\u00eet une tr\u00e8s belle r\u00e9ussite sur ce parcours, puisqu&rsquo;il y compte trois podiums en autant de tentatives. \u00bb<\/p>\n<p id=\"ch_LANAKEN\" style=\"margin-bottom: 1%;\"><a href=\"https:\/\/www.equidia.fr\/chevaux\/lanaken?horse_uuid=61ac2597-89f2-4e77-a83f-03c609fe3942\" target=\"_blank\" rel=\"noopener\">6 &#8211; \u00a0<img decoding=\"async\" alt=\"casaque_LANAKEN\" src=\"https:\/\/www.europesays.com\/fr\/wp-content\/uploads\/2025\/05\/1747862657_984_20250522-r1c7p6-png.png\" style=\"width: 4.5%; margin :0; vertical-align : middle;\"\/>\u00a0\u00a0LANAKEN<\/a><\/p>\n<p style=\"text-align: justify;\">Apr\u00e8s une excellente r\u00e9apparition au Val d&rsquo;Or (3e), cet adepte de la course en t\u00eate d\u00e9couvrait une t\u00e2che trop difficile dans le Super Handicap de R\u00e9ouverture avec la corde 20. Il est comp\u00e9titif \u00e0 cette valeur et n&rsquo;a plus \u00e0 faire ses preuves sur ce parcours. Rachat attendu.<\/p>\n<p><strong>Eric Libaud, entra\u00eeneur : <\/strong><\/p>\n<p style=\"text-align: justify;\">\u00ab Lanaken (6) a une nouvelle fois h\u00e9rit\u00e9 d&rsquo;un num\u00e9ro de corde peu enviable avec le 14, mais ce sont les al\u00e9as des courses. Il n&rsquo;a rien d&rsquo;autre \u00e0 courir, c&rsquo;est pourquoi j&rsquo;insiste \u00e0 ce niveau. Il est comp\u00e9titif \u00e0 cette valeur, mais je pense qu&rsquo;il le serait davantage sur un terrain profond. Malgr\u00e9 tout, sachez que le cheval est en bonne forme. \u00bb<\/p>\n<p id=\"ch_CENTENARIO\" style=\"margin-bottom: 1%;\"><a href=\"https:\/\/www.equidia.fr\/chevaux\/centenario-1?horse_uuid=f784c546-883c-475c-b530-dd3b4d75bd0b\" target=\"_blank\" rel=\"noopener\">7 &#8211; \u00a0<img decoding=\"async\" alt=\"casaque_CENTENARIO\" src=\"https:\/\/www.europesays.com\/fr\/wp-content\/uploads\/2025\/05\/1747862657_842_20250522-r1c7p7-png.png\" style=\"width: 4.5%; margin :0; vertical-align : middle;\"\/>\u00a0\u00a0CENTENARIO<\/a><\/p>\n<p style=\"text-align: justify;\">Irr\u00e9prochable depuis qu&rsquo;il a rejoint l&rsquo;effectif de G\u00e9rald Moss\u00e9, ce hongre de 6 ans a b\u00e9n\u00e9fici\u00e9 d&rsquo;un parcours id\u00e9al pour remporter la course cl\u00e9 du 27 avril. Sa t\u00e2che se complique avec trois kilos de surcharge, mais sa forme et celle de son entourage incitent \u00e0 la plus grande m\u00e9fiance.<\/p>\n<p><strong>G\u00e9rald Moss\u00e9, entra\u00eeneur : <\/strong><\/p>\n<p style=\"text-align: justify;\">\u00ab Il n&rsquo;est bien s\u00fbr jamais \u00e9vident de surmonter les diff\u00e9rentes p\u00e9nalisations, mais Centenario (7) a vraiment bien gagn\u00e9 l&rsquo;autre fois. C&rsquo;est un chic cheval et il est rest\u00e9 bien \u00e0 l&rsquo;entra\u00eenement. Il appr\u00e9cie ce parcours et a encore son mot \u00e0 dire. \u00bb<\/p>\n<p id=\"ch_CHIRIMIRI\" style=\"margin-bottom: 1%;\"><a href=\"https:\/\/www.equidia.fr\/chevaux\/chirimiri?horse_uuid=f7ae9029-5de1-4cca-a4de-1afc0889fcaa\" target=\"_blank\" rel=\"noopener\">8 &#8211; \u00a0<img decoding=\"async\" alt=\"casaque_CHIRIMIRI\" src=\"https:\/\/www.europesays.com\/fr\/wp-content\/uploads\/2025\/05\/20250522-r1c7p8-png.png\" style=\"width: 4.5%; margin :0; vertical-align : middle;\"\/>\u00a0\u00a0CHIRIMIRI<\/a><\/p>\n<p style=\"text-align: justify;\">Pour sa r\u00e9apparition, sur la ligne droite cantilienne, il a fourni un effort final int\u00e9ressant en l\u00e9ger retrait (9e). Des progr\u00e8s sont logiquement attendus et il retrouve ici une distance qu&rsquo;il appr\u00e9cie. \u00c0 cette valeur, il peut compl\u00e9ter la combinaison gagnante du Quint\u00e9+.<\/p>\n<p><strong>Enzo Corallo, jockey : <\/strong><\/p>\n<p style=\"text-align: justify;\">\u00ab En dernier lieu, Chirimiri (8) a r\u00e9alis\u00e9 une rentr\u00e9e encourageante. C&rsquo;est un \u00ab\u00a0vieux tonton\u00a0\u00bb qui sait un peu tout faire. Le parcours ne va pas lui poser de probl\u00e8me et il est rompu \u00e0 ce type d&rsquo;exercice. Maintenant, le plus difficile sera de g\u00e9rer son mauvais num\u00e9ro de corde. \u00bb<\/p>\n<p id=\"ch_SWING FOR ME\" style=\"margin-bottom: 1%;\"><a href=\"https:\/\/www.equidia.fr\/chevaux\/swing-for-me?horse_uuid=4f454293-1ecf-46d5-9f09-46cadb8f3fb9\" target=\"_blank\" rel=\"noopener\">9 &#8211; \u00a0<img decoding=\"async\" alt=\"casaque_SWING FOR ME\" src=\"https:\/\/www.europesays.com\/fr\/wp-content\/uploads\/2025\/05\/20250522-r1c7p9-png.png\" style=\"width: 4.5%; margin :0; vertical-align : middle;\"\/>\u00a0\u00a0SWING FOR ME<\/a><\/p>\n<p style=\"text-align: justify;\">Apr\u00e8s deux essais mitig\u00e9s \u00e0 Meydan, cet ex-pensionnaire de Jean-Claude Rouget n&rsquo;a pu convaincre lors de son retour en France, le 24 avril \u00e0 La Teste (6e). Il a \u00e9t\u00e9 d\u00e9lest\u00e9 d&rsquo;un kilo, mais doit surtout rassurer \u00e0 l&rsquo;heure actuelle. Gros outsider.<\/p>\n<p><strong>C\u00e9sar Alonso Pena, entra\u00eeneur : <\/strong><\/p>\n<p style=\"text-align: justify;\">\u00ab Swing For Me (9) est en bonne forme, mais j&rsquo;aurais aim\u00e9 une piste un peu souple pour lui. La distance ne sera pas un probl\u00e8me, puisqu&rsquo;il avait bien couru sur 1 400 m\u00e8tres \u00e0 Duba\u00ef. Cependant, je pense qu&rsquo;il est pris un peu haut sur l&rsquo;\u00e9chelle des valeurs. \u00bb<\/p>\n<p id=\"ch_FOU FURIEUX\" style=\"margin-bottom: 1%;\"><a href=\"https:\/\/www.equidia.fr\/chevaux\/fou-furieux?horse_uuid=f40db185-d81a-4e44-bd8b-a609ab88ba4c\" target=\"_blank\" rel=\"noopener\">10 &#8211; \u00a0<img decoding=\"async\" alt=\"casaque_FOU FURIEUX\" src=\"https:\/\/www.europesays.com\/fr\/wp-content\/uploads\/2025\/05\/20250522-r1c7p10-png.png\" style=\"width: 4.5%; margin :0; vertical-align : middle;\"\/>\u00a0\u00a0FOU FURIEUX<\/a><\/p>\n<p style=\"text-align: justify;\">Depuis son succ\u00e8s du 3 f\u00e9vrier \u00e0 Cagnes-sur-Mer, ce prot\u00e9g\u00e9 de Nicolas Caullery aligne les \u00e9checs. Il est encore pris \u00e0 une valeur assez \u00e9lev\u00e9e et semble nettement barr\u00e9 par les principaux favoris. Il aura probablement du mal \u00e0 jouer un r\u00f4le.<\/p>\n<p><strong>Nicolas Caullery, entra\u00eeneur : <\/strong><\/p>\n<p style=\"text-align: justify;\">\u00ab Apr\u00e8s avoir remport\u00e9 un handicap cet hiver \u00e0 Cagnes-sur-Mer, j&rsquo;ai tent\u00e9 de pr\u00e9senter Fou Furieux (10) dans la cat\u00e9gorie sup\u00e9rieure, mais force est de constater qu&rsquo;il n&rsquo;a pas la moindre marge \u00e0 ce niveau. M\u00eame si la distance et le terrain seront parfaits pour lui, cela ne s&rsquo;annonce pas \u00e9vident. S&rsquo;il venait \u00e0 prendre la quatri\u00e8me ou cinqui\u00e8me place, je serais satisfait. \u00bb<\/p>\n<p id=\"ch_SCARFACE\" style=\"margin-bottom: 1%;\"><a href=\"https:\/\/www.equidia.fr\/chevaux\/scarface-1?horse_uuid=d671cf88-6763-42cf-8312-a22c105e1a3e\" target=\"_blank\" rel=\"noopener\">11 &#8211; \u00a0<img decoding=\"async\" alt=\"casaque_SCARFACE\" src=\"https:\/\/www.europesays.com\/fr\/wp-content\/uploads\/2025\/05\/20250522-r1c7p11-png.png\" style=\"width: 4.5%; margin :0; vertical-align : middle;\"\/>\u00a0\u00a0SCARFACE<\/a><\/p>\n<p style=\"text-align: justify;\">Ce v\u00e9ritable sprinteur souffle le chaud et le froid depuis qu&rsquo;il \u00e9volue en valeur 38. Il s&rsquo;est d\u00e9j\u00e0 plac\u00e9 sur ce parcours mais n&rsquo;a pas de marge face \u00e0 de tels comp\u00e9titeurs. Sur sa forme, il peut tout de m\u00eame accrocher un petit lot.<\/p>\n<p><strong>Hugo Boutin, jockey : <\/strong><\/p>\n<p style=\"text-align: justify;\">\u00ab Scarface (11) reste sur une bonne performance, mais c&rsquo;est un cheval de 1 200 m\u00e8tres qui pr\u00e9f\u00e8re les pistes souples. Cela risque donc d&rsquo;\u00eatre un peu long pour lui. Il \u00e9volue toutefois en forme. A l&rsquo;issue d&rsquo;un bon parcours, il est en mesure de se placer en bout de combinaison. \u00bb<\/p>\n<p id=\"ch_ABELARD F\" style=\"margin-bottom: 1%;\"><a href=\"https:\/\/www.equidia.fr\/chevaux\/abelard-f?horse_uuid=5f60a2c6-1a1a-4107-856b-a5ad0dae99c0\" target=\"_blank\" rel=\"noopener\">12 &#8211; \u00a0<img decoding=\"async\" alt=\"casaque_ABELARD F\" src=\"https:\/\/www.europesays.com\/fr\/wp-content\/uploads\/2025\/05\/20250522-r1c7p12-png.png\" style=\"width: 4.5%; margin :0; vertical-align : middle;\"\/>\u00a0\u00a0ABELARD F<\/a><\/p>\n<p style=\"text-align: justify;\">Ce fils de Belardo a glan\u00e9 l&rsquo;essentiel de ses gains sur des pistes en sable et n&rsquo;a jamais brill\u00e9 dans les handicaps \u00e0 une valeur sup\u00e9rieure \u00e0 35,5. Pr\u00e9sent\u00e9 ici en 38, il semble donc confront\u00e9 \u00e0 une t\u00e2che difficile, d&rsquo;autant que son ultime tentative s&rsquo;est av\u00e9r\u00e9e tr\u00e8s d\u00e9cevante.<\/p>\n<p><strong>Alicja Karkosa, entra\u00eeneur : <\/strong><\/p>\n<p style=\"text-align: justify;\">\u00ab Abelard F (12) est en bonne forme, m\u00eame si la derni\u00e8re fois, je m&rsquo;attendais \u00e0 ce qu&rsquo;il coure un peu mieux. Nous revenons dans les handicaps avec une p\u00e9nalisation, ce qui complique sa t\u00e2che. Cela dit, la distance de 1 400 m\u00e8tres est parfaite pour lui. Nous verrons bien. \u00bb<\/p>\n<p id=\"ch_FORCHESTER\" style=\"margin-bottom: 1%;\"><a href=\"https:\/\/www.equidia.fr\/chevaux\/forchester?horse_uuid=79708aa1-f959-444d-a513-b84c3fed69a9\" target=\"_blank\" rel=\"noopener\">13 &#8211; \u00a0<img decoding=\"async\" alt=\"casaque_FORCHESTER\" src=\"https:\/\/www.europesays.com\/fr\/wp-content\/uploads\/2025\/05\/1747862658_318_20250522-r1c7p13-png.png\" style=\"width: 4.5%; margin :0; vertical-align : middle;\"\/>\u00a0\u00a0FORCHESTER<\/a><\/p>\n<p style=\"text-align: justify;\">Cet \u00e9l\u00e8ve d&rsquo;Edouard Monfort monte en puissance et s&rsquo;est montr\u00e9 courageux dans la course cl\u00e9 du 27 avril (4e), remport\u00e9e par CENTENARIO (7). Id\u00e9alement situ\u00e9 dans les stalles de d\u00e9part, il devrait encore occuper les avant-postes et aller loin. Dans le coup.<\/p>\n<p><strong>Edouard Montfort, entra\u00eeneur : <\/strong><\/p>\n<p style=\"text-align: justify;\">\u00ab Pour sa premi\u00e8re tentative sur le \u00ab toboggan \u00bb, Forchester (13) a r\u00e9alis\u00e9 une tr\u00e8s belle performance. Il s&rsquo;est, en effet, retrouv\u00e9 aux avant-postes, ce qui n&rsquo;est pas sa tactique favorite. Malgr\u00e9 tout, il s&rsquo;est bien relanc\u00e9 pour finir et aurait m\u00eame pu terminer plus pr\u00e8s s&rsquo;il avait \u00e9t\u00e9 lanc\u00e9 un peu plus t\u00f4t. Cette fois, il devrait y avoir des chevaux pour occuper les premi\u00e8res places, et je pense que cela va l&rsquo;avantager. Il a la pointure d&rsquo;une telle \u00e9preuve. \u00bb<\/p>\n<p id=\"ch_ETEL DU NINIAN\" style=\"margin-bottom: 1%;\"><a href=\"https:\/\/www.equidia.fr\/chevaux\/etel-du-ninian?horse_uuid=f25b9e51-7186-4abe-bfc1-d5950f949b42\" target=\"_blank\" rel=\"noopener\">14 &#8211; \u00a0<img decoding=\"async\" alt=\"casaque_ETEL DU NINIAN\" src=\"https:\/\/www.europesays.com\/fr\/wp-content\/uploads\/2025\/05\/20250522-r1c7p14-png.png\" style=\"width: 4.5%; margin :0; vertical-align : middle;\"\/>\u00a0\u00a0ETEL DU NINIAN<\/a><\/p>\n<p style=\"text-align: justify;\">Partie tr\u00e8s bas sur l&rsquo;\u00e9chelle des valeurs (19), cette jument \u00e9patante fait vivre un conte de f\u00e9e \u00e0 Charles Guyon. Elle a retrouv\u00e9 une valeur similaire \u00e0 celle qui lui avait permis de remporter un Quint\u00e9+, il y a tout juste un an \u00e0 Saint-Cloud. Performante en bon terrain et bien lotie dans les stalles, elle peut tenter les amateurs d&rsquo;outsiders.<\/p>\n<p><strong>Charles Guyon, entra\u00eeneur : <\/strong><\/p>\n<p style=\"text-align: justify;\">\u00ab Les derni\u00e8res fois, nous avons tent\u00e9 de d\u00e9tendre Etel du Ninian (14) durant les parcours, et je ne pense pas que cela lui ait \u00e9t\u00e9 profitable. Apr\u00e8s sa derni\u00e8re course, nous avons donc d\u00e9cid\u00e9, avec Ludovic, de changer de tactique et, cette fois-ci, il va tenter de la concerner d&rsquo;entr\u00e9e de jeu. Nous avons un petit poids et la corde 1, et il n&rsquo;y aura donc aucune excuse si elle venait \u00e0 mal courir. C&rsquo;est jeudi que l&rsquo;on va savoir si elle est aussi performante que l&rsquo;an dernier, m\u00eame si je suis convaincu que c&rsquo;est le cas. \u00bb<\/p>\n<p id=\"ch_WONDER BOY\" style=\"margin-bottom: 1%;\"><a href=\"https:\/\/www.equidia.fr\/chevaux\/wonder-boy?horse_uuid=05ad13da-084b-4ae8-97ef-2355da2b60a8\" target=\"_blank\" rel=\"noopener\">15 &#8211; \u00a0<img decoding=\"async\" alt=\"casaque_WONDER BOY\" src=\"https:\/\/www.europesays.com\/fr\/wp-content\/uploads\/2025\/05\/1747862659_166_20250522-r1c7p15-png.png\" style=\"width: 4.5%; margin :0; vertical-align : middle;\"\/>\u00a0\u00a0WONDER BOY<\/a><\/p>\n<p style=\"text-align: justify;\">Ce v\u00e9n\u00e9rable hongre de 10 ans a un peu tard\u00e9 \u00e0 trouver l&rsquo;ouverture le 27 avril avant de placer un tr\u00e8s bon coup de reins (5e). S&rsquo;il est moins loin \u00e0 l&rsquo;entr\u00e9e de la ligne droite cette fois, il peut faire un peu mieux ce jeudi. \u00c0 surveiller de pr\u00e8s.<\/p>\n<p><strong>Edouard Montfort, entra\u00eeneur : <\/strong><\/p>\n<p style=\"text-align: justify;\">\u00ab Wonder Boy (15) est un super cheval. Lors de ses trois derni\u00e8res tentatives, il a \u00e9t\u00e9 quelque peu malchanceux. Il a tir\u00e9 un bon num\u00e9ro, et je m&rsquo;attends \u00e0 une bonne performance de sa part. Comme Forchester (13), il devrait gagner son Quint\u00e9+ durant l&rsquo;ann\u00e9e. \u00bb<\/p>\n<p id=\"ch_SIMPLY STRIKING\" style=\"margin-bottom: 1%;\"><a href=\"https:\/\/www.equidia.fr\/chevaux\/simply-striking?horse_uuid=0b289f38-43b1-4217-9754-b41cd20c2cdb\" target=\"_blank\" rel=\"noopener\">16 &#8211; \u00a0<img decoding=\"async\" alt=\"casaque_SIMPLY STRIKING\" src=\"https:\/\/www.europesays.com\/fr\/wp-content\/uploads\/2025\/05\/1747862659_463_20250522-r1c7p16-png.png\" style=\"width: 4.5%; margin :0; vertical-align : middle;\"\/>\u00a0\u00a0SIMPLY STRIKING<\/a><\/p>\n<p style=\"text-align: justify;\">Apr\u00e8s une r\u00e9apparition obscure, il a montr\u00e9 un bien meilleur visage dans une course \u00e0 r\u00e9clamer de luxe disput\u00e9e sur le sable cantilien (2e). Il monte en puissance et ses meilleures prestations lui conf\u00e8rent une tr\u00e8s belle chance en valeur 36. Attention !<\/p>\n<p><strong>Mauricio Delcher Sanchez, entra\u00eeneur : <\/strong><\/p>\n<p style=\"text-align: justify;\">\u00ab Simply Striking (16) \u00e9volue sur la montante et vient d&rsquo;ailleurs de tr\u00e8s bien courir dans une \u00e9preuve \u00e0 r\u00e9clamer. Il fait bien la distance de 1 400 m\u00e8tres et nous avons h\u00e9rit\u00e9 d&rsquo;un bon num\u00e9ro de corde. Cependant, je m&rsquo;attendais \u00e0 le voir courir la deuxi\u00e8me \u00e9preuve, et cela s&rsquo;annonce plus difficile dans le Quint\u00e9+. \u00bb<\/p>\n<p><strong>Les favoris de la presse<\/strong><\/p>\n<p class=\"synthese\"><strong>SYNTH\u00c8SE \u00a0\u00a0\u00a0\u00a05\u00a0\u00a0&#8211;\u00a0\u00a04\u00a0\u00a0&#8211;\u00a0\u00a03\u00a0\u00a0&#8211;\u00a0\u00a013\u00a0\u00a0&#8211;\u00a0\u00a07\u00a0\u00a0&#8211;\u00a0\u00a015\u00a0\u00a0&#8211;\u00a0\u00a01\u00a0\u00a0&#8211;\u00a0\u00a010<\/strong><\/p>\n<p><a href=\"https:\/\/servedby.revive-adserver.net\/ck.php?n=aa10a822&amp;cb=1234\" target=\"_blank\" rel=\"noopener\"><img decoding=\"async\" alt=\"\" border=\"0\" src=\"https:\/\/www.europesays.com\/fr\/wp-content\/uploads\/2025\/05\/1747862660_600_avw\"\/><\/a><\/p>\n<p><strong>Les stats du jour<\/strong><\/p>\n<p><img decoding=\"async\" src=\"https:\/\/www.europesays.com\/fr\/wp-content\/uploads\/2025\/05\/0522_stats-web_2025-jpg\"\/><\/p>\n<p><strong>Nos \u00e9missions de pronos<\/strong><a href=\"https:\/\/www.equidia.fr\/emissions\/3-mn-q-2023\" target=\"_blank\" rel=\"noopener\"><img decoding=\"async\" alt=\"3min-pronos\" class=\"img_prono\" src=\"https:\/\/www.europesays.com\/fr\/wp-content\/uploads\/2025\/04\/vignette-article-3min-pronos-jpg-1.jpeg\"\/><\/a>3 mn PRONOS du 22\/05<br \/>(Disponible mercredi 21 mai 2025, \u00e0 partir de 17h55)<a href=\"https:\/\/www.equidia.fr\/emissions\/ticket-gagnant-2023\" target=\"_blank\" rel=\"noopener\"><img decoding=\"async\" alt=\"ticket-gagnant\" class=\"img_prono\" src=\"https:\/\/www.europesays.com\/fr\/wp-content\/uploads\/2025\/04\/vignette-article-ticket-gagnant-jpg-1.jpeg\"\/><\/a>TICKET GAGNANT du 22\/05<br \/>(Disponible mercredi 21 mai 2025, \u00e0 partir de 18h00)<\/p>\n","protected":false},"excerpt":{"rendered":"Les partants du Quint\u00e9+ de ce jeudi 22 mai.PRIX DE L&rsquo;ORANGERIEJEUDI 22 MAIParisLongchamp &#8211; 1400 METRES &#8211; \u00a0D\u00c9PART&hellip;\n","protected":false},"author":2,"featured_media":117822,"comment_status":"","ping_status":"","sticky":false,"template":"","format":"standard","meta":{"footnotes":""},"categories":[1888],"tags":[11,1777,674,1011,27,3014,12,626,3016,1821,3015,25],"class_list":{"0":"post-117821","1":"post","2":"type-post","3":"status-publish","4":"format-standard","5":"has-post-thumbnail","7":"category-paris","8":"tag-actualites","9":"tag-eu","10":"tag-europe","11":"tag-fr","12":"tag-france","13":"tag-galop","14":"tag-news","15":"tag-paris","16":"tag-plat","17":"tag-pronostics","18":"tag-qrcode","19":"tag-republique-francaise"},"share_on_mastodon":{"url":"https:\/\/pubeurope.com\/@fr\/114547934761379072","error":""},"_links":{"self":[{"href":"https:\/\/www.europesays.com\/fr\/wp-json\/wp\/v2\/posts\/117821","targetHints":{"allow":["GET"]}}],"collection":[{"href":"https:\/\/www.europesays.com\/fr\/wp-json\/wp\/v2\/posts"}],"about":[{"href":"https:\/\/www.europesays.com\/fr\/wp-json\/wp\/v2\/types\/post"}],"author":[{"embeddable":true,"href":"https:\/\/www.europesays.com\/fr\/wp-json\/wp\/v2\/users\/2"}],"replies":[{"embeddable":true,"href":"https:\/\/www.europesays.com\/fr\/wp-json\/wp\/v2\/comments?post=117821"}],"version-history":[{"count":0,"href":"https:\/\/www.europesays.com\/fr\/wp-json\/wp\/v2\/posts\/117821\/revisions"}],"wp:featuredmedia":[{"embeddable":true,"href":"https:\/\/www.europesays.com\/fr\/wp-json\/wp\/v2\/media\/117822"}],"wp:attachment":[{"href":"https:\/\/www.europesays.com\/fr\/wp-json\/wp\/v2\/media?parent=117821"}],"wp:term":[{"taxonomy":"category","embeddable":true,"href":"https:\/\/www.europesays.com\/fr\/wp-json\/wp\/v2\/categories?post=117821"},{"taxonomy":"post_tag","embeddable":true,"href":"https:\/\/www.europesays.com\/fr\/wp-json\/wp\/v2\/tags?post=117821"}],"curies":[{"name":"wp","href":"https:\/\/api.w.org\/{rel}","templated":true}]}}