{"id":117823,"date":"2025-05-21T21:25:08","date_gmt":"2025-05-21T21:25:08","guid":{"rendered":"https:\/\/www.europesays.com\/fr\/117823\/"},"modified":"2025-05-21T21:25:08","modified_gmt":"2025-05-21T21:25:08","slug":"les-gardes-a-vue-des-dix-militants-nationalistes-se-poursuivent-a-paris","status":"publish","type":"post","link":"https:\/\/www.europesays.com\/fr\/117823\/","title":{"rendered":"les gardes \u00e0 vue des dix militants nationalistes se poursuivent \u00e0 Paris"},"content":{"rendered":"<p>Les gardes \u00e0 vue se poursuivent \u00e0 Paris pour les dix militants nationalistes interpell\u00e9s mardi en Haute-Corse, par des policiers de la sous-direction antiterroriste (SDAT) et de la brigade de recherches et d&rsquo;intervention (BRI).<\/p>\n<p>Un rassemblement de plusieurs dizaines de personnes, organis\u00e9 par le mouvement ind\u00e9pendantiste Nazione et des associations de soutien aux \u00ab\u00a0prisonniers politiques\u00a0\u00bb comme Sulidarit\u00e0 ou Patriotti, a eu lieu, ce mercredi 21 mai, devant le palais de justice de Bastia.<\/p>\n<p>Les soutiens d\u00e9noncent des violences polici\u00e8res lors des interpellations<\/p>\n<p>Les manifestants ont apport\u00e9 leur soutien aux personnes arr\u00eat\u00e9es et ont d\u00e9nonc\u00e9 les conditions de leur interpellation : \u00ab\u00a0Coup de bouclier au visage d&rsquo;un p\u00e8re, enfant attach\u00e9 avec des serflex, portes explos\u00e9es \u00e0 6 heures du matin, maisons endommag\u00e9es, d\u00e9ploiement de forces massif, mise en sc\u00e8ne des perquisitions, provocations en tout genre des agents de la SDAT, parents menott\u00e9s devant leurs enfants, vols d&rsquo;effets personnels, ces violences ont \u00e9t\u00e9 commises \u00e0 l&rsquo;encontre de membres des familles des personnes interpell\u00e9es.\u00a0\u00bb<\/p>\n<p>Selon le parquet national antiterroriste (PNAT), ces arrestations interviennent dans le cadre d&rsquo;une commission rogatoire d\u00e9livr\u00e9e par un juge d&rsquo;instruction antiterroriste du tribunal judiciaire de Paris, dans le cadre de l&rsquo;enqu\u00eate sur une s\u00e9rie d&rsquo;attentats commise en Corse. Selon nos informations, ces attentats auraient eu lieu entre 2021 et 2025.<\/p>\n<p>Les gardes \u00e0 vue peuvent durer jusqu&rsquo;\u00e0 96 heures.<\/p>\n","protected":false},"excerpt":{"rendered":"Les gardes \u00e0 vue se poursuivent \u00e0 Paris pour les dix militants nationalistes interpell\u00e9s mardi en Haute-Corse, par&hellip;\n","protected":false},"author":2,"featured_media":117824,"comment_status":"","ping_status":"","sticky":false,"template":"","format":"standard","meta":{"footnotes":""},"categories":[1888],"tags":[17,11,23846,1102,2517,154,1067,1777,674,274,1011,27,23847,151,12,626,25,3356],"class_list":{"0":"post-117823","1":"post","2":"type-post","3":"status-publish","4":"format-standard","5":"has-post-thumbnail","7":"category-paris","8":"tag-17","9":"tag-actualites","10":"tag-attentats","11":"tag-breakingnews","12":"tag-corse","13":"tag-des","14":"tag-enquete","15":"tag-eu","16":"tag-europe","17":"tag-faits-divers-justice","18":"tag-fr","19":"tag-france","20":"tag-gardes","21":"tag-les","22":"tag-news","23":"tag-paris","24":"tag-republique-francaise","25":"tag-sur"},"share_on_mastodon":{"url":"","error":""},"_links":{"self":[{"href":"https:\/\/www.europesays.com\/fr\/wp-json\/wp\/v2\/posts\/117823","targetHints":{"allow":["GET"]}}],"collection":[{"href":"https:\/\/www.europesays.com\/fr\/wp-json\/wp\/v2\/posts"}],"about":[{"href":"https:\/\/www.europesays.com\/fr\/wp-json\/wp\/v2\/types\/post"}],"author":[{"embeddable":true,"href":"https:\/\/www.europesays.com\/fr\/wp-json\/wp\/v2\/users\/2"}],"replies":[{"embeddable":true,"href":"https:\/\/www.europesays.com\/fr\/wp-json\/wp\/v2\/comments?post=117823"}],"version-history":[{"count":0,"href":"https:\/\/www.europesays.com\/fr\/wp-json\/wp\/v2\/posts\/117823\/revisions"}],"wp:featuredmedia":[{"embeddable":true,"href":"https:\/\/www.europesays.com\/fr\/wp-json\/wp\/v2\/media\/117824"}],"wp:attachment":[{"href":"https:\/\/www.europesays.com\/fr\/wp-json\/wp\/v2\/media?parent=117823"}],"wp:term":[{"taxonomy":"category","embeddable":true,"href":"https:\/\/www.europesays.com\/fr\/wp-json\/wp\/v2\/categories?post=117823"},{"taxonomy":"post_tag","embeddable":true,"href":"https:\/\/www.europesays.com\/fr\/wp-json\/wp\/v2\/tags?post=117823"}],"curies":[{"name":"wp","href":"https:\/\/api.w.org\/{rel}","templated":true}]}}