{"id":117825,"date":"2025-05-21T21:26:13","date_gmt":"2025-05-21T21:26:13","guid":{"rendered":"https:\/\/www.europesays.com\/fr\/117825\/"},"modified":"2025-05-21T21:26:13","modified_gmt":"2025-05-21T21:26:13","slug":"des-images-satellites-montrent-une-intense-activite-militaire-russe-a-la-frontiere-avec-la-finlande","status":"publish","type":"post","link":"https:\/\/www.europesays.com\/fr\/117825\/","title":{"rendered":"Des images satellites montrent une intense activit\u00e9 militaire russe \u00e0 la fronti\u00e8re avec la Finlande"},"content":{"rendered":"<p>De r\u00e9centes images satellites montrent une activit\u00e9 militaire intense du c\u00f4t\u00e9 russe de la fronti\u00e8re avec la Finlande. Pour des responsables de l&rsquo;Otan, que la Finlande vient d\u2019int\u00e9grer, c\u2019est le signe d\u2019une Russie qui se pr\u00e9pare \u00e0 l&rsquo;apr\u00e8s-guerre en Ukraine et qui, pour ce faire, se d\u00e9ploie \u00e0 long terme dans le Nord.<\/p>\n<p>Avec notre correspondante r\u00e9gionale, <strong>Ottilia F\u00e9rey <\/strong><\/p>\n<p>Tentes neuves, abris pour avions de chasse et entrep\u00f4ts de v\u00e9hicules militaires fleurissent tout pr\u00e8s de la <strong><a href=\"https:\/\/www.rfi.fr\/fr\/tag\/finlande\/\" class=\"link \" rel=\"nofollow noopener\" target=\"_blank\" data-ylk=\"slk:Finlande;elm:context_link;itc:0;sec:content-canvas\">Finlande<\/a><\/strong>. \u00c0 l\u2019heure des pourparlers pour la paix en Ukraine, Moscou avance ses pions face \u00e0 l\u2019<strong><a href=\"https:\/\/www.rfi.fr\/fr\/tag\/otan\/\" rel=\"nofollow noopener\" target=\"_blank\" data-ylk=\"slk:Otan;elm:context_link;itc:0;sec:content-canvas\" class=\"link \">Otan<\/a><\/strong>.<\/p>\n<p>C&rsquo;est une situation que l&rsquo;analyste militaire finlandais Emil Kastehelmi surveille de pr\u00e8s. \u00ab On peut s\u2019attendre \u00e0 voir des dizaines de milliers de nouvelles troupes stationn\u00e9es \u00e0 nos fronti\u00e8res de mani\u00e8re permanente. On a observ\u00e9 beaucoup d\u2019entrainements. La situation ressemble \u00e0 celle qu\u2019on avait pendant la Guerre froide \u00bb, estime-t-il.<\/p>\n<p>Pas de pr\u00e9paration d&rsquo;attaque pour le moment<\/p>\n<p>Les 1 300 km de fronti\u00e8re avec la Finlande est la plus longue ligne de contact entre l&rsquo;Otan et la Russie. Une zone qui est donc hautement strat\u00e9gique.<\/p>\n<p>\u00c0 lire aussi<a href=\"https:\/\/www.rfi.fr\/fr\/vid\u00e9o\/20240529-finlande-russie-une-fronti\u00e8re-sous-tension\" class=\"link \" rel=\"nofollow noopener\" target=\"_blank\" data-ylk=\"slk:Finlande-Russie, une fronti\u00e8re sous tension;elm:context_link;itc:0;sec:content-canvas\">Finlande-Russie, une fronti\u00e8re sous tension<\/a><\/p>\n<p><a href=\"https:\/\/www.rfi.fr\/fr\/europe\/20250521-des-images-satellites-montrent-une-intense-activit%C3%A9-militaire-russe-%C3%A0-la-fronti%C3%A8re-avec-la-finlande\" rel=\"nofollow noopener\" target=\"_blank\" data-ylk=\"slk:Lire la suite sur RFI;elm:context_link;itc:0;sec:content-canvas\" class=\"link \">Lire la suite sur RFI<\/a><\/p>\n","protected":false},"excerpt":{"rendered":"De r\u00e9centes images satellites montrent une activit\u00e9 militaire intense du c\u00f4t\u00e9 russe de la fronti\u00e8re avec la Finlande.&hellip;\n","protected":false},"author":2,"featured_media":117826,"comment_status":"","ping_status":"","sticky":false,"template":"","format":"standard","meta":{"footnotes":""},"categories":[1591],"tags":[11,23848,23850,1887,219,23849,8514,12,1885,1886,132],"class_list":{"0":"post-117825","1":"post","2":"type-post","3":"status-publish","4":"format-standard","5":"has-post-thumbnail","7":"category-russie","8":"tag-actualites","9":"tag-correspondante-regionale","10":"tag-emil-kastehelmi","11":"tag-federation-de-russie","12":"tag-finlande","13":"tag-images-satellites","14":"tag-la-frontiere","15":"tag-news","16":"tag-russia","17":"tag-russian-federation","18":"tag-russie"},"share_on_mastodon":{"url":"","error":""},"_links":{"self":[{"href":"https:\/\/www.europesays.com\/fr\/wp-json\/wp\/v2\/posts\/117825","targetHints":{"allow":["GET"]}}],"collection":[{"href":"https:\/\/www.europesays.com\/fr\/wp-json\/wp\/v2\/posts"}],"about":[{"href":"https:\/\/www.europesays.com\/fr\/wp-json\/wp\/v2\/types\/post"}],"author":[{"embeddable":true,"href":"https:\/\/www.europesays.com\/fr\/wp-json\/wp\/v2\/users\/2"}],"replies":[{"embeddable":true,"href":"https:\/\/www.europesays.com\/fr\/wp-json\/wp\/v2\/comments?post=117825"}],"version-history":[{"count":0,"href":"https:\/\/www.europesays.com\/fr\/wp-json\/wp\/v2\/posts\/117825\/revisions"}],"wp:featuredmedia":[{"embeddable":true,"href":"https:\/\/www.europesays.com\/fr\/wp-json\/wp\/v2\/media\/117826"}],"wp:attachment":[{"href":"https:\/\/www.europesays.com\/fr\/wp-json\/wp\/v2\/media?parent=117825"}],"wp:term":[{"taxonomy":"category","embeddable":true,"href":"https:\/\/www.europesays.com\/fr\/wp-json\/wp\/v2\/categories?post=117825"},{"taxonomy":"post_tag","embeddable":true,"href":"https:\/\/www.europesays.com\/fr\/wp-json\/wp\/v2\/tags?post=117825"}],"curies":[{"name":"wp","href":"https:\/\/api.w.org\/{rel}","templated":true}]}}