{"id":117827,"date":"2025-05-21T21:27:14","date_gmt":"2025-05-21T21:27:14","guid":{"rendered":"https:\/\/www.europesays.com\/fr\/117827\/"},"modified":"2025-05-21T21:27:14","modified_gmt":"2025-05-21T21:27:14","slug":"le-kremlin-repond-aux-critiques-kiev-arrete-massivement-ses-deserteurs","status":"publish","type":"post","link":"https:\/\/www.europesays.com\/fr\/117827\/","title":{"rendered":"Le Kremlin r\u00e9pond aux critiques, Kiev arr\u00eate massivement ses d\u00e9serteurs"},"content":{"rendered":"<p>Vous avez rat\u00e9 les derniers \u00e9v\u00e9nements sur la <a href=\"https:\/\/www.20minutes.fr\/monde\/ukraine\/\" class=\"color-ultramarine c-link\" target=\"_blank\" rel=\"noopener\">guerre en Ukraine<\/a>\u00a0? 20 Minutes fait le point pour vous tous les soirs. Entre les d\u00e9clarations fortes, les avanc\u00e9es sur le front et le bilan des combats, voici l\u2019essentiel de ce mercredi 21\u00a0mai, au 1.183e jour de la guerre.<\/p>\n<p>Le fait du jour<\/p>\n<p>Accus\u00e9 de faire tra\u00eener les pourparlers sur le r\u00e8glement du conflit en Ukraine, le <a href=\"https:\/\/www.20minutes.fr\/dossier\/kremlin\" class=\"color-ultramarine c-link\" target=\"_blank\" rel=\"noopener\">Kremlin<\/a> a formellement d\u00e9menti ce mercredi, alors que la Russie et l\u2019Ukraine doivent pr\u00e9senter leurs conditions en vue d\u2019un hypoth\u00e9tique cessez-le-feu, sur fond d\u2019efforts diplomatiques sous l\u2019\u00e9gide des Etats-Unis.<\/p>\n<p>\u00ab\u00a0Personne n\u2019a int\u00e9r\u00eat \u00e0 faire tra\u00eener le processus\u00a0\u00bb, assure-t-il, promettant que \u00ab\u00a0tout le monde travaille de mani\u00e8re dynamique\u00a0\u00bb. Moscou privil\u00e9gie un travail \u00ab\u00a0discret\u00a0\u00bb en coulisses, et \u00ab\u00a0une liste de conditions pour un cessez-le-feu sera \u00e9tablie s\u00e9par\u00e9ment\u00a0\u00bb, dit-il, comme \u00ab\u00a0convenu \u00e0 <a href=\"https:\/\/www.20minutes.fr\/monde\/istanbul\/\" class=\"color-ultramarine c-link\" target=\"_blank\" rel=\"noopener\">Istanbul<\/a>\u00a0\u00bb le 16\u00a0mai.<\/p>\n<p>Mardi, le pr\u00e9sident russe Vladimir Poutine s\u2019est rendu lors d\u2019une visite surprise dans la r\u00e9gion frontali\u00e8re de Koursk, reprise en avril aux forces ukrainiennes apr\u00e8s neuf mois de combats sur le sol russe. Ce d\u00e9placement, annonc\u00e9 uniquement ce mercredi par le Kremlin, intervenait au lendemain de <a href=\"https:\/\/www.20minutes.fr\/monde\/ukraine\/4154358-20250519-guerre-ukraine-conversation-utile-veritable-annonce-entre-trump-poutine\" class=\"color-ultramarine c-link\" target=\"_blank\" rel=\"noopener\">l\u2019appel entre Vladimir Poutine et son homologue am\u00e9ricain<\/a> Donald Trump, qui n\u2019a <a href=\"https:\/\/www.20minutes.fr\/monde\/ukraine\/4154393-20250520-direct-guerre-ukraine-trump-annonce-negociations-immediates-entre-ukraine-russie\" class=\"color-ultramarine c-link\" target=\"_blank\" rel=\"noopener\">abouti sur aucune avanc\u00e9e significative<\/a>.<\/p>\n<p>Le pr\u00e9sident russe, dont l\u2019arm\u00e9e est \u00e0 l\u2019avantage sur le front, avait toutefois affirm\u00e9 que Moscou allait \u00ab\u00a0proposer\u00a0\u00bb \u00e0 Kiev de travailler sur un \u00ab\u00a0m\u00e9morandum\u00a0\u00bb, \u00e9tape pr\u00e9alable, selon ses explications, \u00e0 \u00ab\u00a0un \u00e9ventuel futur trait\u00e9 de paix\u00a0\u00bb.<\/p>\n<p>Le chiffre du jour<\/p>\n<p>6. C\u2019est le nombre de soldats ukrainiens tu\u00e9s mardi par une attaque de missile russe sur un terrain d\u2019entra\u00eenement dans la r\u00e9gion de Soumy (nord-est), frontali\u00e8re de la Russie, a annonc\u00e9 la garde nationale ukrainienne ce mercredi. Dix autres soldats ont \u00e9t\u00e9 bless\u00e9s. Le commandant de l\u2019unit\u00e9 militaire touch\u00e9e a \u00e9t\u00e9 suspendu de ses fonctions et une enqu\u00eate interne a \u00e9t\u00e9 ouverte, a-t-elle ajout\u00e9.<\/p>\n<p>Le minist\u00e8re de la D\u00e9fense russe avait d\u00e9clar\u00e9 mardi soir avoir effectu\u00e9 une \u00ab\u00a0frappe de missile\u00a0\u00bb balistique Iskander, sur \u00ab\u00a0un camp d\u2019entra\u00eenement\u00a0\u00bb de l\u2019arm\u00e9e ukrainienne. \u00ab\u00a0Soixante-dix militaires dont 20 instructeurs, ainsi qu\u2019un d\u00e9p\u00f4t de munitions et 10 pi\u00e8ces d\u2019\u00e9quipement ont \u00e9t\u00e9 d\u00e9truits\u00a0\u00bb, a assur\u00e9 le minist\u00e8re de la D\u00e9fense russe dans son communiqu\u00e9.<\/p>\n<p>Des images a\u00e9riennes de la frappe montrent qu\u2019elle a d\u00e9clench\u00e9 un grand incendie et envoy\u00e9 un panache d\u2019\u00e9paisse fum\u00e9e noire dans l\u2019air.<\/p>\n<\/p>\n<p>La d\u00e9claration du jour<\/p>\n<blockquote class=\"mx-m@xs mx-xxl@md color-ultramarine c-citation\">\n<p class=\"font-weight-regular@xs text-italic font-source-serif-pro text-l@xs c-citation__content\">\u00ab\u00a0Un effort syst\u00e9matique pour d\u00e9manteler le secteur agricole de l\u2019Ukraine par l\u2019occupation, la destruction des infrastructures et l\u2019extraction ill\u00e9gale\u00a0\u00bb<\/p>\n<\/blockquote>\n<p>Les paroles sont sign\u00e9es ce mercredi de la fondation juridique n\u00e9erlandaise <a href=\"https:\/\/globalrightscompliance.org\/\" rel=\"nofollow noopener\" target=\"_blank\" class=\"color-ultramarine c-link\">Global Rights Compliance<\/a> (GRC). Dans un rapport valid\u00e9 par les autorit\u00e9s ukrainiennes, GRC \u00e9tudie les frappes russes dans la province d\u2019Odessa, sur la mer Noire, entre juillet et octobre\u00a02023, notamment \u00ab\u00a0sur les ports de Tchornomorsk, Reni, et Izma\u00efl\u00a0\u00bb, et ayant vis\u00e9 \u00e0 la fois les infrastructures et les r\u00e9coltes c\u00e9r\u00e9ali\u00e8res. Sa conclusion\u00a0: la Russie cible d\u00e9lib\u00e9r\u00e9ment et m\u00e9thodiquement les infrastructures agricoles de l\u2019Ukraine pour, \u00e0 terme, renforcer sa position d\u2019exportateur mondial majeur de c\u00e9r\u00e9ales. Avant l\u2019invasion russe en f\u00e9vrier\u00a02022, l\u2019Ukraine \u00e9tait en effet le quatri\u00e8me exportateur mondial de bl\u00e9 et de ma\u00efs.<\/p>\n<p>Les op\u00e9rations militaires russes \u00ab\u00a0forment un sch\u00e9ma qui s\u2019\u00e9tend, au-del\u00e0 des ports, aux syst\u00e8mes \u00e9nerg\u00e9tiques, hydriques et environnementaux, provoquant des cons\u00e9quences humanitaires, environnementales et de s\u00e9curit\u00e9 alimentaire mondiale\u00a0\u00bb, affirme le rapport, qui sera bient\u00f4t partag\u00e9 \u00e0 la cour p\u00e9nale internationale (CPI).<\/p>\n<p>La responsabilit\u00e9 des plus hautes autorit\u00e9s civiles et militaires russes est \u00e9vidente, aux yeux des auteurs du rapport. Le niveau de coordination des frappes requ\u00e9rait l\u2019aval de l\u2019\u00e9tat-major et, dans certains cas, une \u00ab\u00a0d\u00e9cision\u00a0\u00bb relevant du pr\u00e9sident russe Vladimir Poutine lui-m\u00eame. \u00ab\u00a0Le ciblage des infrastructures agricoles\u00a0\u00bb justifie le recours au terme juridique de \u00ab\u00a0crime de guerre\u00a0\u00bb dans le cadre des enqu\u00eates internationales, insiste Catriona Murdoch, la vice-pr\u00e9sidente de GRC.<\/p>\n<p>La tendance<\/p>\n<p>Pr\u00e8s de 50.000 personnes <a href=\"https:\/\/www.20minutes.fr\/monde\/ukraine\/4154617-20250521-direct-guerre-ukraine-washington-attend-moscou-presente-rapidement-conditions\" class=\"color-ultramarine c-link\" target=\"_blank\" rel=\"noopener\">ont \u00e9t\u00e9 arr\u00eat\u00e9es en Ukraine<\/a> pour avoir tent\u00e9 de fuir le pays en franchissant ill\u00e9galement la fronti\u00e8re depuis le d\u00e9but de la loi martiale impos\u00e9e en\u00a02022 en raison de l\u2019invasion russe, a rapport\u00e9 mercredi le service des gardes-fronti\u00e8res.<\/p>\n<p>\u00ab\u00a0Depuis le 24\u00a0f\u00e9vrier 2022, environ 45.000 citoyens ukrainiens, des hommes \u00e2g\u00e9s de 18 \u00e0 60 ans, ont \u00e9t\u00e9 arr\u00eat\u00e9s par le Service national des gardes-fronti\u00e8res\u00a0\u00bb alors qu\u2019ils tentaient de quitter le pays en secret, a indiqu\u00e9 \u00e0 l\u2019AFP son porte-parole, Andri\u00ef Demtchenko. \u00ab\u00a0Pr\u00e8s de 4.000\u00a0\u00bb personnes suppl\u00e9mentaires ont aussi \u00e9t\u00e9 arr\u00eat\u00e9es pour avoir tent\u00e9 de franchir la fronti\u00e8re via des points de passage l\u00e9gaux mais \u00ab\u00a0\u00e0 l\u2019aide de faux documents\u00a0\u00bb, a pr\u00e9cis\u00e9 ce responsable.<\/p>\n<p>Les hommes ukrainiens \u00e2g\u00e9s de 18 \u00e0 60 ans ont interdiction de quitter leur pays, sauf exception. Ceux qui veulent \u00e9chapper \u00e0 la mobilisation militaire franchissent donc la fronti\u00e8re ill\u00e9galement, parfois au p\u00e9ril de leur vie. La plupart des Ukrainiens tentant de fuir passent par la r\u00e9gion occidentale de Transcarpatie, recouverte de montagnes et de for\u00eats, frontali\u00e8re de la Roumanie et de la Hongrie.<\/p>\n","protected":false},"excerpt":{"rendered":"Vous avez rat\u00e9 les derniers \u00e9v\u00e9nements sur la guerre en Ukraine\u00a0? 20 Minutes fait le point pour vous&hellip;\n","protected":false},"author":2,"featured_media":117828,"comment_status":"","ping_status":"","sticky":false,"template":"","format":"standard","meta":{"footnotes":""},"categories":[1590],"tags":[47,11,5887,75,1777,674,131,804,4998,74,1916,12,23851,4868,132,220,135,134],"class_list":{"0":"post-117827","1":"post","2":"type-post","3":"status-publish","4":"format-standard","5":"has-post-thumbnail","7":"category-ukraine","8":"tag-actualite","9":"tag-actualites","10":"tag-cour-penale-internationale","11":"tag-donald-trump","12":"tag-eu","13":"tag-europe","14":"tag-guerre-en-ukraine","15":"tag-hongrie","16":"tag-kremlin","17":"tag-monde","18":"tag-moscou","19":"tag-news","20":"tag-odessa","21":"tag-roumanie","22":"tag-russie","23":"tag-ukraine","24":"tag-vladimir-poutine","25":"tag-volodymyr-zelensky"},"share_on_mastodon":{"url":"https:\/\/pubeurope.com\/@fr\/114547945958929346","error":""},"_links":{"self":[{"href":"https:\/\/www.europesays.com\/fr\/wp-json\/wp\/v2\/posts\/117827","targetHints":{"allow":["GET"]}}],"collection":[{"href":"https:\/\/www.europesays.com\/fr\/wp-json\/wp\/v2\/posts"}],"about":[{"href":"https:\/\/www.europesays.com\/fr\/wp-json\/wp\/v2\/types\/post"}],"author":[{"embeddable":true,"href":"https:\/\/www.europesays.com\/fr\/wp-json\/wp\/v2\/users\/2"}],"replies":[{"embeddable":true,"href":"https:\/\/www.europesays.com\/fr\/wp-json\/wp\/v2\/comments?post=117827"}],"version-history":[{"count":0,"href":"https:\/\/www.europesays.com\/fr\/wp-json\/wp\/v2\/posts\/117827\/revisions"}],"wp:featuredmedia":[{"embeddable":true,"href":"https:\/\/www.europesays.com\/fr\/wp-json\/wp\/v2\/media\/117828"}],"wp:attachment":[{"href":"https:\/\/www.europesays.com\/fr\/wp-json\/wp\/v2\/media?parent=117827"}],"wp:term":[{"taxonomy":"category","embeddable":true,"href":"https:\/\/www.europesays.com\/fr\/wp-json\/wp\/v2\/categories?post=117827"},{"taxonomy":"post_tag","embeddable":true,"href":"https:\/\/www.europesays.com\/fr\/wp-json\/wp\/v2\/tags?post=117827"}],"curies":[{"name":"wp","href":"https:\/\/api.w.org\/{rel}","templated":true}]}}