{"id":11785,"date":"2025-04-09T04:27:10","date_gmt":"2025-04-09T04:27:10","guid":{"rendered":"https:\/\/www.europesays.com\/fr\/11785\/"},"modified":"2025-04-09T04:27:10","modified_gmt":"2025-04-09T04:27:10","slug":"toulon-toulouse-a-quelle-heure-et-sur-quelle-chaine-suivre-le-quart-de-finale-de-champions-cup","status":"publish","type":"post","link":"https:\/\/www.europesays.com\/fr\/11785\/","title":{"rendered":"Toulon-Toulouse, \u00e0 quelle heure et sur quelle cha\u00eene suivre le quart de finale de Champions Cup ?"},"content":{"rendered":"<p>Dimanche, le RCT accueille les champions d\u2019Europe pour une place en demi-finale de la coupe d\u2019Europe de rugby.<\/p>\n<p class=\"fig-paragraph\">Un duel franco-fran\u00e7ais, certes, mais surtout une immense affiche entre des Toulonnais de retour au sommet et des Toulousains, leaders du Top 14 et avides de conserver leur couronne continentale.<\/p>\n<p class=\"fig-paragraph\">\u00abJe suis content d\u2019affronter ce qui se fait de mieux en Europe, jure le manager varois, Pierre Mignoni. Plus on jouera des affiches comme celle-l\u00e0, plus on grandira\u2026\u00bb Une volont\u00e9 de s\u2019inviter \u00e0 nouveau \u00e0 la table des grands dont se m\u00e9fie son homologue toulousain, Ugo Mola\u00a0: \u00abOn va avoir un gros challenge \u00e0 relever sur le d\u00e9fi physique et collectif.\u00bb<\/p>\n<p class=\"fig-body-link\">\n            \u00c0 lire aussi<br \/>\n        <a class=\"fig-body-link__link\" href=\"http:\/\/www.lefigaro.fr\/sports\/rugby\/coupe-d-europe\/champions-cup-le-programme-complet-des-quarts-de-finale-20250406\" data-fig-type=\"NewsFlash\" data-gtm-custom-categorie=\"navigation\" data-gtm-custom-action=\"crossclick\" data-gtm-custom-label=\"Contextuel\" data-gtm-event=\"customEventSPE\" data-fig-domain=\"LEFIGARO\" target=\"_blank\" rel=\"noopener\">Champions Cup\u00a0: UBB-Munster, Toulon-Toulouse&#8230;, le programme complet des quarts de finale<br \/>\n    <\/a>\n<\/p>\n<p class=\"fig-paragraph\">Ce choc estampill\u00e9 Top 14,\u00a0<a href=\"http:\/\/www.lefigaro.fr\/sports\/rugby\/coupe-d-europe\/champions-cup-les-arbitres-des-quarts-de-finale-designes-20250407\" data-fig-type=\"NewsFlash\" data-gtm-custom-categorie=\"navigation\" data-gtm-custom-action=\"crossclick\" data-gtm-custom-label=\"Contextuel\" data-gtm-event=\"customEventSPE\" data-fig-domain=\"LEFIGARO\" target=\"_blank\" rel=\"noopener\">arbitr\u00e9 par l\u2019Anglais Matthew Carley<\/a>, sera \u00e0 suivre le dimanche 13 avril \u00e0 partir de 16h, sur France 2 et beIN Sports, ainsi qu\u2019en direct comment\u00e9 sur le site du Figaro.<\/p>\n","protected":false},"excerpt":{"rendered":"Dimanche, le RCT accueille les champions d\u2019Europe pour une place en demi-finale de la coupe d\u2019Europe de rugby.&hellip;\n","protected":false},"author":2,"featured_media":11786,"comment_status":"","ping_status":"","sticky":false,"template":"","format":"standard","meta":{"footnotes":""},"categories":[2816],"tags":[1111,11,3463,525,2211,3460,1089,814,1777,674,2396,1011,27,3462,955,2411,12,2680,3464,2311,3461,25,1980,479,2259,476,2310,2312],"class_list":{"0":"post-11785","1":"post","2":"type-post","3":"status-publish","4":"format-standard","5":"has-post-thumbnail","7":"category-toulouse","8":"tag-actu","9":"tag-actualites","10":"tag-biarritz","11":"tag-calendrier","12":"tag-championnat-deurope","13":"tag-champions-cup","14":"tag-coupe-deurope","15":"tag-direct","16":"tag-eu","17":"tag-europe","18":"tag-finale","19":"tag-fr","20":"tag-france","21":"tag-leinster","22":"tag-match","23":"tag-munster","24":"tag-news","25":"tag-occitanie","26":"tag-perpignan","27":"tag-racing","28":"tag-rct","29":"tag-republique-francaise","30":"tag-resultats","31":"tag-rugby","32":"tag-score","33":"tag-stade-toulousain","34":"tag-toulon","35":"tag-toulouse"},"share_on_mastodon":{"url":"","error":""},"_links":{"self":[{"href":"https:\/\/www.europesays.com\/fr\/wp-json\/wp\/v2\/posts\/11785","targetHints":{"allow":["GET"]}}],"collection":[{"href":"https:\/\/www.europesays.com\/fr\/wp-json\/wp\/v2\/posts"}],"about":[{"href":"https:\/\/www.europesays.com\/fr\/wp-json\/wp\/v2\/types\/post"}],"author":[{"embeddable":true,"href":"https:\/\/www.europesays.com\/fr\/wp-json\/wp\/v2\/users\/2"}],"replies":[{"embeddable":true,"href":"https:\/\/www.europesays.com\/fr\/wp-json\/wp\/v2\/comments?post=11785"}],"version-history":[{"count":0,"href":"https:\/\/www.europesays.com\/fr\/wp-json\/wp\/v2\/posts\/11785\/revisions"}],"wp:featuredmedia":[{"embeddable":true,"href":"https:\/\/www.europesays.com\/fr\/wp-json\/wp\/v2\/media\/11786"}],"wp:attachment":[{"href":"https:\/\/www.europesays.com\/fr\/wp-json\/wp\/v2\/media?parent=11785"}],"wp:term":[{"taxonomy":"category","embeddable":true,"href":"https:\/\/www.europesays.com\/fr\/wp-json\/wp\/v2\/categories?post=11785"},{"taxonomy":"post_tag","embeddable":true,"href":"https:\/\/www.europesays.com\/fr\/wp-json\/wp\/v2\/tags?post=11785"}],"curies":[{"name":"wp","href":"https:\/\/api.w.org\/{rel}","templated":true}]}}