{"id":117855,"date":"2025-05-21T21:45:09","date_gmt":"2025-05-21T21:45:09","guid":{"rendered":"https:\/\/www.europesays.com\/fr\/117855\/"},"modified":"2025-05-21T21:45:09","modified_gmt":"2025-05-21T21:45:09","slug":"festival-de-cannes-2025-nabilla-enflamme-la-croisette-avec-une-robe-tres-osee-decollete-xxl-au-bras-de-son-mari-thomas","status":"publish","type":"post","link":"https:\/\/www.europesays.com\/fr\/117855\/","title":{"rendered":"Festival de Cannes 2025 : Nabilla enflamme la Croisette avec une robe tr\u00e8s os\u00e9e, d\u00e9collet\u00e9 XXL au bras de son mari Thomas"},"content":{"rendered":"<p>Elle a rassur\u00e9 tout le monde il y a quelques. <a href=\"https:\/\/www.public.fr\/tag\/nabilla-benattia\" target=\"_blank\" rel=\"noopener\">Nabilla<\/a> a bel et bien trouv\u00e9 une robe apr\u00e8s sa r\u00e9cente m\u00e9saventure, et a pu monter les marches du Palais des Festivals, comme pr\u00e9vu. Pourtant, ce n\u2019\u00e9tait pas gagn\u00e9.<\/p>\n<p>En effet, il y a quelques jours, <a href=\"https:\/\/vsd.fr\/tag\/nabilla\/\" target=\"_blank\" rel=\"noopener\">la jeune maman<\/a> prenait la parole sur ses r\u00e9seaux sociaux pour annoncer une tr\u00e8s mauvaise nouvelle ce mardi 20 mai 2025. L\u2019ancienne candidate de t\u00e9l\u00e9r\u00e9alit\u00e9 venait tout juste d\u2019atterrir \u00e0 Cannes, en provenance de Duba\u00ef, lorsqu\u2019elle a appris que <a href=\"https:\/\/www.public.fr\/je-vais-mourir-nabilla-benattia-avant-son-arrivee-au-festival-de-cannes-drame-et-triste-annonce\" target=\"_blank\" rel=\"noopener\">sa valise avait disparu.<\/a><\/p>\n<p>Nabilla Benattia a enfin trouv\u00e9 sa robe pour le Festival de Cannes<\/p>\n<p>\u00ab\u00a0<strong>POV: tu perds ta valise avec ta robe pour le festival de Cannes. Je vais dead<\/strong>\u00ab\u00a0, a-t-elle d\u00e9clar\u00e9 dans une vid\u00e9o publi\u00e9e sur ses r\u00e9seaux sociaux. De quoi inqui\u00e9ter la compagne de Thomas Vergara, \u00e0 quelques heures de sa mont\u00e9e des marches, mais aussi \u00e0 deux jours du Gala de l&rsquo;Amfar, o\u00f9 Nabilla devrait faire une apparition.<\/p>\n<p>De fait, ce mercredi 21 mai, tout le monde se demandait si la maman de Milann et Leyann avait r\u00e9ussi \u00e0 d\u00e9nicher une tenue pour faire sa traditionnelle mont\u00e9e des marches. Ils ont eu la r\u00e9ponse, il y a peu, lorsqu\u2019elle d\u00e9barquait sur le tapis rouge, avec <strong>une robe tr\u00e8s os\u00e9e<\/strong>. En effet, Nabilla a fait son apparition dans <strong>une sublime robe blanche, au d\u00e9collet\u00e9 XXL<\/strong>, n\u2019enlevant rien \u00e0 sa classe et sa beaut\u00e9.<\/p>\n<p>Pl\u00e9iade de stars pour deux projections attendues<\/p>\n<p>Mais la compagne de Thomas Vergara n\u2019a pas \u00e9t\u00e9 seule \u00e0 monter les marches du Palais des Festivals. En effet, au m\u00eame moment, l\u2019actrice Teri Tacher, le mannequin Cara Delevingne, L\u00e9na Situations, Adriana Karembeu\u00a0Iris Law, Naomi Campbell ou encore Cl\u00e9mentine C\u00e9lari\u00e9, ont foul\u00e9 le tapis rouge.<\/p>\n<p>Ce mercredi 21 mai 2025 avait lieu deux projections tr\u00e8s attendues. <strong>\u00ab\u00a0The History of Sound\u00a0\u00bb<\/strong> d&rsquo;Olivier Hermanus et <strong>\u00ab\u00a0Connemara\u00a0\u00bb<\/strong> du fran\u00e7ais Alex Lutz. Deux projections attendues avec h\u00e2te, qui ont visiblement attir\u00e9 de nombreuses personnalit\u00e9s du c\u00f4t\u00e9 de la Croisette.<\/p>\n<p>Si tous les invit\u00e9s ont opt\u00e9 pour des tenues os\u00e9es, que ce soit par le style ou le c\u00f4t\u00e9 \u00ab\u00a0sexy\u00a0\u00bb, celle de Nabilla fait partie des robes ayant le plus retenu l\u2019attention.\u00a0<\/p>\n<p>      Mentionn\u00e9s dans cet article<\/p>\n<p>\u00c0 lire aussi<\/p>\n","protected":false},"excerpt":{"rendered":"Elle a rassur\u00e9 tout le monde il y a quelques. Nabilla a bel et bien trouv\u00e9 une robe&hellip;\n","protected":false},"author":2,"featured_media":117856,"comment_status":"","ping_status":"","sticky":false,"template":"","format":"standard","meta":{"footnotes":""},"categories":[1359],"tags":[58,59,5634,1011,27,23482,973,23852],"class_list":{"0":"post-117855","1":"post","2":"type-post","3":"status-publish","4":"format-standard","5":"has-post-thumbnail","7":"category-people","8":"tag-divertissement","9":"tag-entertainment","10":"tag-festival-de-cannes","11":"tag-fr","12":"tag-france","13":"tag-nabilla-benattia","14":"tag-people","15":"tag-thomas-vergara"},"share_on_mastodon":{"url":"https:\/\/pubeurope.com\/@fr\/114548016603620843","error":""},"_links":{"self":[{"href":"https:\/\/www.europesays.com\/fr\/wp-json\/wp\/v2\/posts\/117855","targetHints":{"allow":["GET"]}}],"collection":[{"href":"https:\/\/www.europesays.com\/fr\/wp-json\/wp\/v2\/posts"}],"about":[{"href":"https:\/\/www.europesays.com\/fr\/wp-json\/wp\/v2\/types\/post"}],"author":[{"embeddable":true,"href":"https:\/\/www.europesays.com\/fr\/wp-json\/wp\/v2\/users\/2"}],"replies":[{"embeddable":true,"href":"https:\/\/www.europesays.com\/fr\/wp-json\/wp\/v2\/comments?post=117855"}],"version-history":[{"count":0,"href":"https:\/\/www.europesays.com\/fr\/wp-json\/wp\/v2\/posts\/117855\/revisions"}],"wp:featuredmedia":[{"embeddable":true,"href":"https:\/\/www.europesays.com\/fr\/wp-json\/wp\/v2\/media\/117856"}],"wp:attachment":[{"href":"https:\/\/www.europesays.com\/fr\/wp-json\/wp\/v2\/media?parent=117855"}],"wp:term":[{"taxonomy":"category","embeddable":true,"href":"https:\/\/www.europesays.com\/fr\/wp-json\/wp\/v2\/categories?post=117855"},{"taxonomy":"post_tag","embeddable":true,"href":"https:\/\/www.europesays.com\/fr\/wp-json\/wp\/v2\/tags?post=117855"}],"curies":[{"name":"wp","href":"https:\/\/api.w.org\/{rel}","templated":true}]}}