{"id":117861,"date":"2025-05-21T21:48:15","date_gmt":"2025-05-21T21:48:15","guid":{"rendered":"https:\/\/www.europesays.com\/fr\/117861\/"},"modified":"2025-05-21T21:48:15","modified_gmt":"2025-05-21T21:48:15","slug":"lun-des-restaurants-de-la-guerre-des-restos-de-top-chef-2025-pourrait-voir-le-jour-jai-demande-les-droits","status":"publish","type":"post","link":"https:\/\/www.europesays.com\/fr\/117861\/","title":{"rendered":"L&rsquo;un des restaurants de La Guerre des restos de Top Chef 2025 pourrait voir le jour : \u00ab\u00a0J&rsquo;ai demand\u00e9 les droits\u00a0\u00bb"},"content":{"rendered":"<p>Ce mercredi 21 mai, M6 diffusait La guerre des restos, \u00e9preuve mythique de Top Chef. Les six candidats encore en lice ont affront\u00e9 trois anciens candidats venus en d\u00e9coudre : Norbert Tarayre, Mallory Gabsi et Matthias Marc. \u00c0 l&rsquo;issue de l&rsquo;\u00e9pisode, l&rsquo;un d&rsquo;entre eux esp\u00e8re ouvrir l&rsquo;\u00e9tablissement pour de vrai !<\/p>\n<p>Les t\u00e9l\u00e9spectateurs se sont r\u00e9gal\u00e9s ce mercredi soir sur M6, devant La Guerre des restos de <a href=\"https:\/\/www.programme-tv.net\/news\/tv\/365451-top-chef-2025-jury-tournage-pas-d-objectif-top-chef-les-premieres-infos-de-la-saison-16\/\" data-api-deeplink=\"teleloisirs:\/\/news\/365451\" target=\"_blank\" rel=\"noopener\">Top Chef <\/a>2025. En \u00e9quipe de trois, les candidats devaient cr\u00e9er un restaurant, de l&rsquo;assiette \u00e0 la d\u00e9co, en proposant un concept original. <b>Pour pimenter le jeu, trois anciens participants ont remis le tablier<\/b>\u00a0: Matthias Marc, de la saison 12, <a href=\"https:\/\/www.programme-tv.net\/news\/tv\/378656-pourquoi-mallory-gabsi-nest-plus-dans-cauchemar-en-cuisine-on-a-la-reponse\/\" data-api-deeplink=\"teleloisirs:\/\/news\/378656\" target=\"_blank\" rel=\"noopener\">Mallory Gabsi, demi-finaliste de la saison 11 <\/a>(\u00e9toil\u00e9s depuis) et Norbert Tarayre qui n&rsquo;avait pas s\u00e9duit le jury sur cette \u00e9preuve en saison 3. Les trois chefs ont choisi d&rsquo;ouvrir \u00ab\u00a0un relais de chasse moderne\u00a0\u00bb qui pourrait bien voir le jour en dehors de l&rsquo;\u00e9mission\u00a0!<\/p>\n<p>Trois anciens candidats ouvrent un relais de chasse dans Top Chef 2025\u00a0: \u00ab\u00a0<b>On savait tr\u00e8s bien que \u00e7a allait faire un choc\u00a0\u00bb<\/b><\/p>\n<p>\u00ab\u00a0C\u2019est \u00e9vident qu\u2019on n\u2019allait pas servir que du chevreuil ou du sanglier\u00a0\u00bb, temporisait Matthias Marc en conf\u00e9rence de presse il y a quelques semaines. \u00ab\u00a0Pan Pan, relais de chasse v\u00e9g\u00e9tal et animal\u00a0\u00bb, (c&rsquo;est le nom choisi par le trio) a pris vie en m\u00ealant les univers des trois chefs. \u00ab\u00a0Le plus dur dans cette \u00e9preuve, c\u2019est que chacun a son affaire et qu\u2019on a chacun notre vision de la cuisine. <b>On a des visions \u00e9cart\u00e9es mais on s\u2019est fait confiance<\/b> sur les propositions les uns des autres, on a cru \u00e0 l\u2019unisson dans notre projet. Quoi qu\u2019il arrive, on n\u2019a pas de regret\u00a0\u00bb, expliquait Norbert Tarayre. En ouvrant ce \u00ab\u00a0relais de chasse moderne\u00a0\u00bb, l&rsquo;ambition des anciens candidats \u00e9tait claire\u00a0: \u00ab\u00a0<b>On savait tr\u00e8s bien que \u00e7a allait faire un choc<\/b>, mais ce qui est important c\u2019est de cr\u00e9er une \u00e9motion, bonne ou mauvaise, il faut cr\u00e9er une interrogation. Quand tu arrives \u00e0 faire \u00e7a en 2025, d\u00e9j\u00e0, c\u2019est que tu es bon. On est arriv\u00e9s \u00e0 faire un trait d\u2019union entre l\u2019animal et le v\u00e9g\u00e9tal\u00a0\u00bb, souriait Norbert Tarayre.<\/p>\n<p>                        Norbert Tarayre fait une grande annonce apr\u00e8s son passage dans Top Chef 2025\u00a0: \u00ab\u00a0C&rsquo;est un restaurant que je vais garder\u00a0\u00bb<\/p>\n<p>Norbert Tarayre a tellement aim\u00e9 le concept cr\u00e9\u00e9 avec ses camarades qu&rsquo;il a pens\u00e9 \u00e0 lui donner vie en dehors de Top Chef\u00a0! \u00ab\u00a0<a href=\"https:\/\/www.programme-tv.net\/news\/tv\/372347-jai-demande-a-la-production-norbert-tarayre-devoile-sa-demande-particuliere-apres-pekin-express\/\" data-api-deeplink=\"teleloisirs:\/\/news\/372347\" target=\"_blank\" rel=\"noopener\">J\u2019ai demand\u00e9 \u00e0 la production, <\/a>je me suis rapproch\u00e9 du styliste qui a fait tout \u00e7a, j\u2019ai demand\u00e9 \u00e0 Matthias, Mallory et Studio89 s\u2019ils pouvaient me laisser les droits. C\u2019est un restaurant Pan Pan que je vais garder, bien s\u00fbr. <b>J\u2019ai ador\u00e9 l\u2019id\u00e9e, je me garde en t\u00eate de le cr\u00e9er<\/b>\u00ab\u00a0, a d\u00e9voil\u00e9 le candidat en conf\u00e9rence de presse. \u00ab\u00a0J\u2019ai pris contact avec le graphiste. Je travaille dessus. Il y a des choses in\u00e9vitables. Quand on a eu l\u2019id\u00e9e, on s\u2019est dit c\u2019est Poissy, en banlieue parisienne, il n\u2019y a pas de chasse, dans un c\u00f4t\u00e9 tr\u00e8s urbain, il y a le nouveau centre du PSG\u2026 Les gens s\u2019attendent plut\u00f4t \u00e0 manger de la street food, pas un relais de chasse\u00a0!\u00a0\u00bb, d\u00e9veloppait-il.<\/p>\n","protected":false},"excerpt":{"rendered":"Ce mercredi 21 mai, M6 diffusait La guerre des restos, \u00e9preuve mythique de Top Chef. Les six candidats&hellip;\n","protected":false},"author":2,"featured_media":117862,"comment_status":"","ping_status":"","sticky":false,"template":"","format":"standard","meta":{"footnotes":""},"categories":[1356],"tags":[244,58,59,1011,27,494,23854,23855,23853,252,492,1364],"class_list":{"0":"post-117861","1":"post","2":"type-post","3":"status-publish","4":"format-standard","5":"has-post-thumbnail","7":"category-television","8":"tag-commentaire","9":"tag-divertissement","10":"tag-entertainment","11":"tag-fr","12":"tag-france","13":"tag-m6","14":"tag-mallory-gabsi","15":"tag-matthias-marc","16":"tag-norbert-tarayre","17":"tag-television","18":"tag-top-chef","19":"tag-tv"},"share_on_mastodon":{"url":"https:\/\/pubeurope.com\/@fr\/114548028772340967","error":""},"_links":{"self":[{"href":"https:\/\/www.europesays.com\/fr\/wp-json\/wp\/v2\/posts\/117861","targetHints":{"allow":["GET"]}}],"collection":[{"href":"https:\/\/www.europesays.com\/fr\/wp-json\/wp\/v2\/posts"}],"about":[{"href":"https:\/\/www.europesays.com\/fr\/wp-json\/wp\/v2\/types\/post"}],"author":[{"embeddable":true,"href":"https:\/\/www.europesays.com\/fr\/wp-json\/wp\/v2\/users\/2"}],"replies":[{"embeddable":true,"href":"https:\/\/www.europesays.com\/fr\/wp-json\/wp\/v2\/comments?post=117861"}],"version-history":[{"count":0,"href":"https:\/\/www.europesays.com\/fr\/wp-json\/wp\/v2\/posts\/117861\/revisions"}],"wp:featuredmedia":[{"embeddable":true,"href":"https:\/\/www.europesays.com\/fr\/wp-json\/wp\/v2\/media\/117862"}],"wp:attachment":[{"href":"https:\/\/www.europesays.com\/fr\/wp-json\/wp\/v2\/media?parent=117861"}],"wp:term":[{"taxonomy":"category","embeddable":true,"href":"https:\/\/www.europesays.com\/fr\/wp-json\/wp\/v2\/categories?post=117861"},{"taxonomy":"post_tag","embeddable":true,"href":"https:\/\/www.europesays.com\/fr\/wp-json\/wp\/v2\/tags?post=117861"}],"curies":[{"name":"wp","href":"https:\/\/api.w.org\/{rel}","templated":true}]}}