{"id":117873,"date":"2025-05-21T21:55:08","date_gmt":"2025-05-21T21:55:08","guid":{"rendered":"https:\/\/www.europesays.com\/fr\/117873\/"},"modified":"2025-05-21T21:55:08","modified_gmt":"2025-05-21T21:55:08","slug":"44-millions-de-patrons-en-france-et-flambee-du-statut-de-microentrepreneur","status":"publish","type":"post","link":"https:\/\/www.europesays.com\/fr\/117873\/","title":{"rendered":"4,4 millions de patrons en France et flamb\u00e9e du statut de microentrepreneur"},"content":{"rendered":"<p>Le nombre de non-salari\u00e9s a notamment plus que doubl\u00e9 dans les services de transports dont les VTC (+147%), les services aux entreprises et services mixtes (+132%) et les services aux particuliers hors sant\u00e9 (+104%).<\/p>\n<p class=\"fig-paragraph\">Il y avait fin 2022 en France 4,4 millions de\u00a0<a href=\"http:\/\/www.lefigaro.fr\/flash-eco\/l-incertitude-totale-sous-donald-trump-pesera-sur-les-investissements-aux-etats-unis-estime-le-patron-de-france-2030-20250517\" data-fig-type=\"NewsFlash\" data-gtm-custom-categorie=\"navigation\" data-gtm-custom-action=\"crossclick\" data-gtm-custom-label=\"Contextuel\" data-gtm-event=\"customEventSPE\" data-fig-domain=\"LEFIGARO\" target=\"_blank\" rel=\"noopener\">dirigeants d&rsquo;entreprises<\/a>, dont 4 millions de non-salari\u00e9s, un dynamisme qui \u00abrefl\u00e8te int\u00e9gralement le succ\u00e8s du statut d&rsquo;autoentrepreneur cr\u00e9\u00e9 en 2009\u00bb, rel\u00e8ve mercredi l&rsquo;Insee. Ainsi, hors agriculture, le nombre de non-salari\u00e9s a augment\u00e9 de 72% entre fin 2008 et fin 2022 (+1.512.000 personnes). Un dynamisme d\u00fb au succ\u00e8s du statut de microentrepreneur, nouvelle d\u00e9nomination adopt\u00e9e en 2014 du statut d&rsquo;autoentrepreneur. Celui-ci rend tr\u00e8s facile la\u00a0<a href=\"http:\/\/www.lefigaro.fr\/flash-eco\/en-france-un-fort-rebond-des-creations-d-entreprises-en-avril-selon-l-insee-20250516\" data-fig-type=\"NewsFlash\" data-gtm-custom-categorie=\"navigation\" data-gtm-custom-action=\"crossclick\" data-gtm-custom-label=\"Contextuel\" data-gtm-event=\"customEventSPE\" data-fig-domain=\"LEFIGARO\" target=\"_blank\" rel=\"noopener\">cr\u00e9ation d&rsquo;entreprise<\/a>\u00a0et permet de ne payer des cotisations sociales que si l&rsquo;activit\u00e9 g\u00e9n\u00e8re du chiffre d&rsquo;affaires, rappelle l&rsquo;Institut national de la Statistique.<\/p>\n<p class=\"fig-paragraph\">Le nombre de non-salari\u00e9s a notamment plus que doubl\u00e9 dans les services de transports dont les VTC (+147%), les services aux entreprises et services mixtes (+132%) et les services aux particuliers hors sant\u00e9 (+104%). Fin 2022, les microentrepreneurs repr\u00e9sentaient 49% des non-salari\u00e9s non agricoles, contre 25% en 2013. Dans les services de poste et courrier, qui inclut la livraison \u00e0 domicile, ils repr\u00e9sentent m\u00eame 95% des effectifs non-salari\u00e9s.<\/p>\n<p class=\"fig-paragraph\">Les femmes sont minoritaires parmi les non-salari\u00e9s: elles repr\u00e9sentent 41% des ind\u00e9pendants non agricoles et 24% des effectifs agricoles, alors qu&rsquo;elles forment 49% des salari\u00e9s non agricoles et 26% des salari\u00e9s agricoles. Tous secteurs confondus, les microentrepreneurs per\u00e7oivent en moyenne 670 euros par mois (en 2022) et les non-salari\u00e9s \u00abclassiques\u00bb six fois plus: 4030 euros par mois en moyenne.<\/p>\n<p>De 1480 \u00e0 11.840 euros par mois<\/p>\n<p class=\"fig-paragraph\">Tandis que les revenus des microentrepreneurs sont limit\u00e9s par les plafonds impos\u00e9s sur le chiffre d&rsquo;affaires r\u00e9alis\u00e9 et varient peu d&rsquo;un secteur \u00e0 l&rsquo;autre, la r\u00e9mun\u00e9ration des ind\u00e9pendants \u00abclassiques\u00bb a un spectre beaucoup plus large. Cela va de 1480 euros par mois pour le commerce de d\u00e9tail hors magasin, 1530 euros pour les taxis et VTC, et 1630 euros pour les coiffeurs et esth\u00e9ticiens, \u00e0 11.840 euros pour les m\u00e9decins sp\u00e9cialis\u00e9s, 10.300 euros pour les dentistes, en passant par les juristes et comptables (8510 euros), les pharmaciens (7900 euros) et les m\u00e9decins g\u00e9n\u00e9ralistes (7840 euros).<\/p>\n<p class=\"fig-paragraph\">Dans le non-salariat classique, \u00e0 secteur identique, les femmes gagnent 31% de moins que les hommes. En 2022, 7% des jeunes entrant sur le march\u00e9 du travail \u00e9taient \u00e0 leur compte. Enfin, un quart des travailleurs dont l&#8217;emploi principal est ind\u00e9pendant d\u00e9clarent qu&rsquo;au moins 50% de leur activit\u00e9 des 12 derniers mois provient d&rsquo;un seul de leurs partenaires \u00e9conomiques. Cette \u00abdomination \u00e9conomique\u00bb, souligne l&rsquo;Insee, est plus fr\u00e9quente parmi les microentrepreneurs.<\/p>\n<p>Seuil de pauvret\u00e9<\/p>\n<p class=\"fig-paragraph\">Par ailleurs, l&rsquo;Insee r\u00e9v\u00e8le qu&rsquo;en 2020, les exploitants agricoles vivaient plus souvent sous le seuil de pauvret\u00e9 que l&rsquo;ensemble de la population. Leur niveau de vie s&rsquo;\u00e9levait en moyenne \u00e0 27.500 euros en France m\u00e9tropolitaine, similaire \u00e0 celui de l&rsquo;ensemble de la population, mais avec une dispersion beaucoup plus forte\u00a0: les 10% d&rsquo;exploitants les plus ais\u00e9s ont un niveau de vie au moins 4,5 fois plus \u00e9lev\u00e9 que celui des 10% les plus modestes &#8211; contre un ratio de 3,4 pour l&rsquo;ensemble de la population. De plus, 17,7% des exploitants vivent sous le seuil de pauvret\u00e9, contre 14,4% de l&rsquo;ensemble de la population.<\/p>\n<p class=\"fig-paragraph\">Les exploitants de culture v\u00e9g\u00e9tale ont un niveau de vie sup\u00e9rieur \u00e0 celui des \u00e9leveurs\u00a0: 31.300 euros pour les premiers, dont 14,3% sont sous le seuil de pauvret\u00e9, et 23.300 euros pour les seconds, dont 20,4% sont sous le seuil de pauvret\u00e9. Par ailleurs, le niveau de vie moyen des exploitants agricoles cro\u00eet avec le niveau d&rsquo;\u00e9tudes, de 23.800 euros pour ceux ayant un niveau d&rsquo;\u00e9tudes inf\u00e9rieur ou \u00e9gal au coll\u00e8ge, \u00e0 37.800 euros pour ceux ayant un niveau sup\u00e9rieur \u00e0 bac+3.<\/p>\n","protected":false},"excerpt":{"rendered":"Le nombre de non-salari\u00e9s a notamment plus que doubl\u00e9 dans les services de transports dont les VTC (+147%),&hellip;\n","protected":false},"author":2,"featured_media":117874,"comment_status":"","ping_status":"","sticky":false,"template":"","format":"standard","meta":{"footnotes":""},"categories":[6],"tags":[339,340,35,343,345,350,130,344,352,349,33,34,341,257,313,1011,27,346,342,353,351,347,12014,348,354],"class_list":{"0":"post-117873","1":"post","2":"type-post","3":"status-publish","4":"format-standard","5":"has-post-thumbnail","7":"category-economie","8":"tag-actualite-economique","9":"tag-bourse","10":"tag-business","11":"tag-cac-40","12":"tag-chef-dentreprise","13":"tag-concurrence","14":"tag-consommation","15":"tag-creation-dentreprise","16":"tag-crise","17":"tag-delocalisations","18":"tag-economie","19":"tag-economy","20":"tag-emploi","21":"tag-entreprise","22":"tag-entreprises","23":"tag-fr","24":"tag-france","25":"tag-grands-patrons","26":"tag-impots","27":"tag-licenciements","28":"tag-monopole","29":"tag-multinationales","30":"tag-patrons","31":"tag-privatisation","32":"tag-unio"},"share_on_mastodon":{"url":"https:\/\/pubeurope.com\/@fr\/114548056007278072","error":""},"_links":{"self":[{"href":"https:\/\/www.europesays.com\/fr\/wp-json\/wp\/v2\/posts\/117873","targetHints":{"allow":["GET"]}}],"collection":[{"href":"https:\/\/www.europesays.com\/fr\/wp-json\/wp\/v2\/posts"}],"about":[{"href":"https:\/\/www.europesays.com\/fr\/wp-json\/wp\/v2\/types\/post"}],"author":[{"embeddable":true,"href":"https:\/\/www.europesays.com\/fr\/wp-json\/wp\/v2\/users\/2"}],"replies":[{"embeddable":true,"href":"https:\/\/www.europesays.com\/fr\/wp-json\/wp\/v2\/comments?post=117873"}],"version-history":[{"count":0,"href":"https:\/\/www.europesays.com\/fr\/wp-json\/wp\/v2\/posts\/117873\/revisions"}],"wp:featuredmedia":[{"embeddable":true,"href":"https:\/\/www.europesays.com\/fr\/wp-json\/wp\/v2\/media\/117874"}],"wp:attachment":[{"href":"https:\/\/www.europesays.com\/fr\/wp-json\/wp\/v2\/media?parent=117873"}],"wp:term":[{"taxonomy":"category","embeddable":true,"href":"https:\/\/www.europesays.com\/fr\/wp-json\/wp\/v2\/categories?post=117873"},{"taxonomy":"post_tag","embeddable":true,"href":"https:\/\/www.europesays.com\/fr\/wp-json\/wp\/v2\/tags?post=117873"}],"curies":[{"name":"wp","href":"https:\/\/api.w.org\/{rel}","templated":true}]}}