{"id":117876,"date":"2025-05-21T21:57:08","date_gmt":"2025-05-21T21:57:08","guid":{"rendered":"https:\/\/www.europesays.com\/fr\/117876\/"},"modified":"2025-05-21T21:57:08","modified_gmt":"2025-05-21T21:57:08","slug":"dans-le-bassin-darcachon-un-enfant-de-8-ans-pratiquant-la-voile-meurt-dans-une-collision-entre-bateaux","status":"publish","type":"post","link":"https:\/\/www.europesays.com\/fr\/117876\/","title":{"rendered":"Dans le bassin d\u2019Arcachon, un enfant de 8 ans pratiquant la voile meurt dans une collision entre bateaux"},"content":{"rendered":"<p>Le mineur \u00e9tait seul \u00e0 bord d\u2019un Optimist, petit d\u00e9riveur g\u00e9n\u00e9ralement utilis\u00e9 pour l\u2019initiation \u00e0 la voile. Le p\u00eacheur impliqu\u00e9 dans l\u2019accident a \u00e9t\u00e9 plac\u00e9 en garde \u00e0 vue.<\/p>\n<p class=\"fig-paragraph\">Sc\u00e8ne d\u2019horreur ce mercredi apr\u00e8s-midi sur l\u2019eau\u00a0<a href=\"http:\/\/www.lefigaro.fr\/bordeaux\/bassin-d-arcachon-les-arretes-autorisant-le-rejet-exceptionnel-d-eaux-usees-suspendus-par-la-justice-20250521\" target=\"_blank\" data-fig-type=\"NewsFlash\" rel=\"noopener\" data-gtm-custom-categorie=\"navigation\" data-gtm-custom-action=\"crossclick\" data-gtm-custom-label=\"Contextuel\" data-gtm-event=\"customEventSPE\" data-fig-domain=\"LEFIGARO\">du bassin d\u2019Arcachon<\/a>\u00a0(Gironde). Un enfant de huit ans pratiquant la voile \u00e0 bord d\u2019un d\u00e9riveur a trouv\u00e9 la mort apr\u00e8s une collision avec un p\u00eacheur professionnel mercredi, a-t-on appris de source proche de l\u2019enqu\u00eate, confirmant des informations du quotidien\u00a0<a href=\"https:\/\/www.sudouest.fr\/gironde\/arcachon\/un-enfant-meurt-dans-une-collision-de-bateau-devant-le-port-d-arcachon-24536706.php\" target=\"_blank\" rel=\"nofollow noopener\" data-gtm-custom-categorie=\"navigation\" data-gtm-custom-action=\"crossclick\" data-gtm-custom-label=\"Contextuel\" data-gtm-event=\"customEventSPE\">Sud Ouest<\/a>.<\/p>\n<p class=\"fig-paragraph\">La collision s\u2019est produite \u00e0 environ une cinquantaine de m\u00e8tres du rivage, sur une zone o\u00f9 op\u00e8re habituellement le club de voile concern\u00e9, dans une bande c\u00f4ti\u00e8re o\u00f9 la vitesse de navigation est limit\u00e9e \u00e0 cinq n\u0153uds (9,2 km\/h). L\u2019enfant \u00e9tait seul \u00e0 bord d\u2019un Optimist, petit d\u00e9riveur g\u00e9n\u00e9ralement utilis\u00e9 pour l\u2019initiation \u00e0 la voile. \u00abLe pauvre enfant a \u00e9t\u00e9 percut\u00e9, puis il est d\u00e9c\u00e9d\u00e9 sur place. Il y a eu une tentative de r\u00e9animation, mais le choc a \u00e9t\u00e9 tr\u00e8s violent\u00bb, a d\u00e9clar\u00e9 \u00e0 l\u2019AFP cette source proche de l\u2019enqu\u00eate.<\/p>\n<p class=\"fig-paragraph\">Le p\u00eacheur impliqu\u00e9 dans l\u2019accident, \u00e9galement seul \u00e0 bord, a \u00e9t\u00e9 plac\u00e9 en garde \u00e0 vue et son embarcation saisie et plac\u00e9e sous scell\u00e9s. \u00abA priori, le p\u00eacheur ne l\u2019a pas vu, il s\u2019en expliquera\u00bb, a pr\u00e9cis\u00e9 la source proche des investigations, qualifiant cet incident entre bateaux de \u00abrare\u00bb sur le bassin d\u2019Arcachon. Sollicit\u00e9 par nos confr\u00e8res du quotidien r\u00e9gional, le directeur du port d\u2019Arcachon, Germain Stoldick, qualifie cet incident de \u00abdrame absolu\u00bb et se dit \u00abboulevers\u00e9\u00bb, tandis que le maire d\u2019Arcachon, Yves Foulon, affirme \u00eatre \u00abeffondr\u00e9\u00bb et adresse \u00abses pens\u00e9es \u00e0 la famille (du jeune gar\u00e7on d\u00e9c\u00e9d\u00e9) qui est dans une immense d\u00e9tresse\u00bb.<\/p>\n<p class=\"fig-paragraph\">Une enqu\u00eate pour homicide involontaire a \u00e9t\u00e9 ouverte, a fait savoir un porte-parole du parquet de Bordeaux. \u00abCompte tenu de la pr\u00e9sence d\u2019autres enfants au moment des faits, la cellule d\u2019urgence m\u00e9dico psychologique a imm\u00e9diatement \u00e9t\u00e9 d\u00e9clench\u00e9e\u00bb, a-t-il pr\u00e9cis\u00e9.<\/p>\n","protected":false},"excerpt":{"rendered":"Le mineur \u00e9tait seul \u00e0 bord d\u2019un Optimist, petit d\u00e9riveur g\u00e9n\u00e9ralement utilis\u00e9 pour l\u2019initiation \u00e0 la voile. Le&hellip;\n","protected":false},"author":2,"featured_media":117877,"comment_status":"","ping_status":"","sticky":false,"template":"","format":"standard","meta":{"footnotes":""},"categories":[4],"tags":[11,23856,5160,1997,2916,2911,2910,2915,2909,2904,2913,2912,2914,2906,2907,847,1011,27,2905,2908,12,2219,25],"class_list":{"0":"post-117876","1":"post","2":"type-post","3":"status-publish","4":"format-standard","5":"has-post-thumbnail","7":"category-france","8":"tag-actualites","9":"tag-arcachon","10":"tag-bateau","11":"tag-bordeaux","12":"tag-bordeaux-cauderan","13":"tag-bordeaux-centre-ville","14":"tag-bordeaux-chartrons-grand-parc-jardin-public","15":"tag-bordeaux-la-bastide","16":"tag-bordeaux-maritime","17":"tag-bordeaux-metropole","18":"tag-bordeaux-nansouty-st-genes","19":"tag-bordeaux-st-augustin-tauzin-alphonse-dupeux","20":"tag-bordeaux-sud","21":"tag-capitale-de-gaule","22":"tag-cathedrale-gothique-de-saint-andre","23":"tag-enfant","24":"tag-fr","25":"tag-france","26":"tag-gironde","27":"tag-girondins-de-bordeaux","28":"tag-news","29":"tag-nouvelle-aquitaine","30":"tag-republique-francaise"},"share_on_mastodon":{"url":"","error":"Validation failed: Text character limit of 500 exceeded"},"_links":{"self":[{"href":"https:\/\/www.europesays.com\/fr\/wp-json\/wp\/v2\/posts\/117876","targetHints":{"allow":["GET"]}}],"collection":[{"href":"https:\/\/www.europesays.com\/fr\/wp-json\/wp\/v2\/posts"}],"about":[{"href":"https:\/\/www.europesays.com\/fr\/wp-json\/wp\/v2\/types\/post"}],"author":[{"embeddable":true,"href":"https:\/\/www.europesays.com\/fr\/wp-json\/wp\/v2\/users\/2"}],"replies":[{"embeddable":true,"href":"https:\/\/www.europesays.com\/fr\/wp-json\/wp\/v2\/comments?post=117876"}],"version-history":[{"count":0,"href":"https:\/\/www.europesays.com\/fr\/wp-json\/wp\/v2\/posts\/117876\/revisions"}],"wp:featuredmedia":[{"embeddable":true,"href":"https:\/\/www.europesays.com\/fr\/wp-json\/wp\/v2\/media\/117877"}],"wp:attachment":[{"href":"https:\/\/www.europesays.com\/fr\/wp-json\/wp\/v2\/media?parent=117876"}],"wp:term":[{"taxonomy":"category","embeddable":true,"href":"https:\/\/www.europesays.com\/fr\/wp-json\/wp\/v2\/categories?post=117876"},{"taxonomy":"post_tag","embeddable":true,"href":"https:\/\/www.europesays.com\/fr\/wp-json\/wp\/v2\/tags?post=117876"}],"curies":[{"name":"wp","href":"https:\/\/api.w.org\/{rel}","templated":true}]}}