{"id":117880,"date":"2025-05-21T21:59:10","date_gmt":"2025-05-21T21:59:10","guid":{"rendered":"https:\/\/www.europesays.com\/fr\/117880\/"},"modified":"2025-05-21T21:59:10","modified_gmt":"2025-05-21T21:59:10","slug":"pierrick-courbon-pas-candidat-regis-juanico-a-la-baguette","status":"publish","type":"post","link":"https:\/\/www.europesays.com\/fr\/117880\/","title":{"rendered":"Pierrick Courbon pas candidat, R\u00e9gis Juanico \u00e0 la baguette"},"content":{"rendered":"<p>Il n\u2019ira pas. Dans un communiqu\u00e9 parvenu en d\u00e9but de soir\u00e9e \u00e0 notre r\u00e9daction, Pierrick Courbon, qui semblait \u00eatre le candidat naturel et l\u00e9gitime pour conduire <a href=\"https:\/\/www.leprogres.fr\/politique\/2025\/05\/14\/a-dix-mois-des-municipales-l-union-de-la-gauche-mal-barree\" target=\"_blank\" rel=\"nofollow noopener\">une liste r\u00e9unissant les forces politiques de gauche et \u00e9cologistes pour les prochaines \u00e9lections municipales en 2026<\/a> , annonce qu\u2019il ne sollicitera pas l\u2019investiture pour \u00eatre \u00e0 la t\u00eate d\u2019une liste en mars prochain.<\/p>\n<p>Et d\u2019expliquer les raisons qui l\u2019ont men\u00e9 \u00e0 prendre cette d\u00e9cision. \u00ab\u00a0Les circonstances politiques m\u2019ont amen\u00e9 \u00e0 me porter candidat \u00e0 l\u2019\u00e9lection l\u00e9gislative en juillet dernier, puis \u00e0 devenir d\u00e9put\u00e9 de la 1re circonscription de la Loire. Mes soutiens, comme mes adversaires politiques, le reconnaissent\u00a0: je me suis toujours investi \u00e0 200\u00a0% dans chacune des responsabilit\u00e9s que les \u00e9lecteurs de notre territoire ont bien voulu me confier, aussi bien sur le terrain que dans les assembl\u00e9es d\u00e9lib\u00e9rantes, sans jamais consid\u00e9rer un mandat comme un tremplin vers un autre\u00a0\u00bb.<\/p>\n<p>  Il fait \u00ab\u00a0le choix de l\u2019efficacit\u00e9 politique et du partage des responsabilit\u00e9s\u00a0\u00bb<\/p>\n<p>Pierrick Courbon pr\u00e9cise\u00a0que depuis juillet, il est pleinement mobilis\u00e9\u00a0dans ses fonctions de d\u00e9put\u00e9. \u00ab\u00a0J\u2019ai par ailleurs toujours fait de la fid\u00e9lit\u00e9 \u00e0 un territoire et \u00e0 ses \u00e9lecteurs une valeur cardinale de mon engagement public. Dans le contexte municipal actuel, je suis en outre persuad\u00e9 que Saint-Etienne a besoin d\u2019\u00e9lus nationaux actifs, cr\u00e9dibles et sinc\u00e8res pour la d\u00e9fendre et la repr\u00e9senter\u00a0\u00bb.<\/p>\n<p>Pour toutes ces raisons, le d\u00e9put\u00e9 a annonc\u00e9 \u00e0 ses camarades du Parti Socialiste de la Loire qu\u2019il ne solliciterait\u00a0pas leur investiture pour \u00eatre le chef de file de leur famille politique pour les prochaines municipales. \u00ab\u00a0C\u2019est une d\u00e9cision lourde et difficile que j\u2019ai m\u00fbrement r\u00e9fl\u00e9chie. C\u2019est le choix de l\u2019efficacit\u00e9 politique et du partage des responsabilit\u00e9s\u00a0\u00bb.<\/p>\n<p>  Le d\u00e9put\u00e9 apporte son total soutien \u00e0\u00a0R\u00e9gis Juanico, d\u00e9sign\u00e9 \u00ab\u00a0premier des socialistes\u00a0\u00bb<\/p>\n<p>Dans le communiqu\u00e9, Pierrick Courbon apporte tout naturellement son total soutien aux deux chefs de file socialistes pour ce scrutin\u00a0: R\u00e9gis Juanico, d\u00e9sign\u00e9 \u00ab\u00a0premier des socialistes\u00a0\u00bb par le vote des adh\u00e9rents st\u00e9phanois du PS ce mercredi soir et Isabelle Dumestre, en tant que Pr\u00e9sidente du groupe municipal \u00ab\u00a0Saint-Etienne Demain\u00a0\u00bb.<\/p>\n<p>\u00ab\u00a0Ils ont mandat pour poursuivre les discussions avec les forces politiques de gauche et \u00e9cologistes, afin de constituer un large rassemblement \u00e0 m\u00eame de l\u2019emporter en mars prochain. Parce que Saint-Etienne et sa M\u00e9tropole restent le combat politique au c\u0153ur de mon engagement, ils pourront \u00e9videmment compter sur mon investissement \u00e0 leurs c\u00f4t\u00e9s dans la future campagne\u00a0\u00bb conclut-il.<\/p>\n<p>\u00ab Un dispositif collectif pour relever Saint-\u00c9tienne \u00bb<\/p>\n<p>Dans un autre communiqu\u00e9, Johann Cesa, premier secr\u00e9taire f\u00e9d\u00e9ral du PS, \u00e9voque, la mise en place d\u2019un \u00ab dispositif collectif autour de R\u00e9gis Juanico, arriv\u00e9 en pole position du vote des militants socialistes, pour relever Saint-\u00c9tienne \u00bb.<\/p>\n<p>Et d\u2019annoncer : \u00ab Cette d\u00e9signation au sein du Parti socialiste n\u2019est qu\u2019une premi\u00e8re \u00e9tape. Notre volont\u00e9 est de poursuivre les discussions avec toutes les forces de gauche et \u00e9cologistes (NFP \u00e9largi) pour former une nouvelle \u00e9quipe municipale qui s\u2019att\u00e8lera \u00e0 la t\u00e2che du redressement de la ville tant attendu par les St\u00e9phanois \u00bb.<\/p>\n<p>Et d\u2019informer : \u00ab Notre premier acte fort sera d\u00e9di\u00e9 \u00e0 celles et ceux qui assurent au quotidien le service public local : le 26 mai, l\u2019association Saint-\u00c9tienne Demain organise une r\u00e9union publique afin de formuler des propositions visant \u00e0 am\u00e9liorer la qualit\u00e9 de vie et les conditions de travail des agents municipaux \u00bb.<\/p>\n","protected":false},"excerpt":{"rendered":"Il n\u2019ira pas. Dans un communiqu\u00e9 parvenu en d\u00e9but de soir\u00e9e \u00e0 notre r\u00e9daction, Pierrick Courbon, qui semblait&hellip;\n","protected":false},"author":2,"featured_media":117881,"comment_status":"","ping_status":"","sticky":false,"template":"","format":"standard","meta":{"footnotes":""},"categories":[9653],"tags":[1111,11,2430,1984,7539,1777,674,1011,27,3367,12,316,25,4001,7538],"class_list":{"0":"post-117880","1":"post","2":"type-post","3":"status-publish","4":"format-standard","5":"has-post-thumbnail","7":"category-saint-etienne","8":"tag-actu","9":"tag-actualites","10":"tag-auvergne-rhone-alpes","11":"tag-conseil-municipal","12":"tag-edition-loire-sud","13":"tag-eu","14":"tag-europe","15":"tag-fr","16":"tag-france","17":"tag-loire","18":"tag-news","19":"tag-politique","20":"tag-republique-francaise","21":"tag-saint-etienne","22":"tag-saint-etienne-ville"},"share_on_mastodon":{"url":"https:\/\/pubeurope.com\/@fr\/114548071920433266","error":""},"_links":{"self":[{"href":"https:\/\/www.europesays.com\/fr\/wp-json\/wp\/v2\/posts\/117880","targetHints":{"allow":["GET"]}}],"collection":[{"href":"https:\/\/www.europesays.com\/fr\/wp-json\/wp\/v2\/posts"}],"about":[{"href":"https:\/\/www.europesays.com\/fr\/wp-json\/wp\/v2\/types\/post"}],"author":[{"embeddable":true,"href":"https:\/\/www.europesays.com\/fr\/wp-json\/wp\/v2\/users\/2"}],"replies":[{"embeddable":true,"href":"https:\/\/www.europesays.com\/fr\/wp-json\/wp\/v2\/comments?post=117880"}],"version-history":[{"count":0,"href":"https:\/\/www.europesays.com\/fr\/wp-json\/wp\/v2\/posts\/117880\/revisions"}],"wp:featuredmedia":[{"embeddable":true,"href":"https:\/\/www.europesays.com\/fr\/wp-json\/wp\/v2\/media\/117881"}],"wp:attachment":[{"href":"https:\/\/www.europesays.com\/fr\/wp-json\/wp\/v2\/media?parent=117880"}],"wp:term":[{"taxonomy":"category","embeddable":true,"href":"https:\/\/www.europesays.com\/fr\/wp-json\/wp\/v2\/categories?post=117880"},{"taxonomy":"post_tag","embeddable":true,"href":"https:\/\/www.europesays.com\/fr\/wp-json\/wp\/v2\/tags?post=117880"}],"curies":[{"name":"wp","href":"https:\/\/api.w.org\/{rel}","templated":true}]}}