{"id":11789,"date":"2025-04-09T04:31:12","date_gmt":"2025-04-09T04:31:12","guid":{"rendered":"https:\/\/www.europesays.com\/fr\/11789\/"},"modified":"2025-04-09T04:31:12","modified_gmt":"2025-04-09T04:31:12","slug":"le-tramway-circulera-sur-la-place-castellane-en-juin","status":"publish","type":"post","link":"https:\/\/www.europesays.com\/fr\/11789\/","title":{"rendered":"le tramway circulera sur la place Castellane en juin"},"content":{"rendered":"<p>Une centaine de m\u00e8tres parcourus et beaucoup d\u2019applaudissements. Jamais un si court trajet en tramway n\u2019avait autant \u00e9t\u00e9 salu\u00e9 \u00e0 <a href=\"https:\/\/www.laprovence.com\/ville\/marseille\" target=\"_blank\" rel=\"noopener\">Marseille<\/a> et pourtant, ce lundi 7\u00a0avril matin, le T3 \u00e9tait la star de la <a href=\"https:\/\/www.laprovence.com\/article\/region\/8327987615451114\/marseille-la-place-castellane-livree-le-2-juin-le-tram-t3-retabli-entre-arenc-et-rue-de-rome-des-le-7-avril\" target=\"_blank\" rel=\"noopener\">place Castellane (6e)<\/a>. Pour la premi\u00e8re fois, la nouvelle ligne a circul\u00e9 entre le haut de la rue de Rome et le bas de l\u2019avenue Jules-Cantini, o\u00f9 sera inaugur\u00e9 le terminus provisoire du tramway \u00e0 partir du mois de juin, apr\u00e8s une batterie de tests.<\/p>\n<p>Un \u00ab\u00a0moment historique pour la r\u00e9volution des transports \u00e0 Marseille\u00a0\u00bb, s\u2019est f\u00e9licit\u00e9e Martine Vassal, la pr\u00e9sidente (DVD) de la M\u00e9tropole, apr\u00e8s avoir symboliquement appuy\u00e9 sur un bouton rouge g\u00e9ant pour lancer cet essai de <a href=\"https:\/\/www.laprovence.com\/article\/region\/48178500867207\/a-marseille-l-extension-de-la-ligne-de-tramway-t3-pour-des-quartiers-sud-moins-enclaves\" target=\"_blank\" rel=\"noopener\">l\u2019extension du T3<\/a>. \u00ab\u00a0Nous l\u2019avons r\u00eav\u00e9 et nous l\u2019avons fait. \u00c7a a pris du temps, \u00e7a a \u00e9t\u00e9 beaucoup de bruit pour les habitants, de d\u00e9rangement pour les <a href=\"https:\/\/www.laprovence.com\/article\/region\/192206012625515\/place-castellane-a-marseille-une-situation-catastrophique-pour-les-restaurateurs-depuis-la-fin-des-travaux\" target=\"_blank\" rel=\"noopener\">commerces qui ont d\u00fb fermer<\/a> le temps de la r\u00e9novation de la place, mais le r\u00e9sultat est l\u00e0\u00a0\u00bb, vante Martine Vassal, entour\u00e9e d\u2019\u00e9lus de la Ville, de la R\u00e9gion et de repr\u00e9sentants de l\u2019\u00c9tat.<\/p>\n","protected":false},"excerpt":{"rendered":"Une centaine de m\u00e8tres parcourus et beaucoup d\u2019applaudissements. Jamais un si court trajet en tramway n\u2019avait autant \u00e9t\u00e9&hellip;\n","protected":false},"author":2,"featured_media":11790,"comment_status":"","ping_status":"","sticky":false,"template":"","format":"standard","meta":{"footnotes":""},"categories":[2814],"tags":[17,1111,11,4110,5535,1777,674,1011,27,884,12,5537,5536,882,16,25,3356,4109],"class_list":{"0":"post-11789","1":"post","2":"type-post","3":"status-publish","4":"format-standard","5":"has-post-thumbnail","7":"category-marseille","8":"tag-17","9":"tag-actu","10":"tag-actualites","11":"tag-castellane","12":"tag-circulera","13":"tag-eu","14":"tag-europe","15":"tag-fr","16":"tag-france","17":"tag-marseille","18":"tag-news","19":"tag-partir","20":"tag-place","21":"tag-provence-alpes-cote-dazur","22":"tag-region","23":"tag-republique-francaise","24":"tag-sur","25":"tag-tramway"},"share_on_mastodon":{"url":"https:\/\/pubeurope.com\/@fr\/114306133855739996","error":""},"_links":{"self":[{"href":"https:\/\/www.europesays.com\/fr\/wp-json\/wp\/v2\/posts\/11789","targetHints":{"allow":["GET"]}}],"collection":[{"href":"https:\/\/www.europesays.com\/fr\/wp-json\/wp\/v2\/posts"}],"about":[{"href":"https:\/\/www.europesays.com\/fr\/wp-json\/wp\/v2\/types\/post"}],"author":[{"embeddable":true,"href":"https:\/\/www.europesays.com\/fr\/wp-json\/wp\/v2\/users\/2"}],"replies":[{"embeddable":true,"href":"https:\/\/www.europesays.com\/fr\/wp-json\/wp\/v2\/comments?post=11789"}],"version-history":[{"count":0,"href":"https:\/\/www.europesays.com\/fr\/wp-json\/wp\/v2\/posts\/11789\/revisions"}],"wp:featuredmedia":[{"embeddable":true,"href":"https:\/\/www.europesays.com\/fr\/wp-json\/wp\/v2\/media\/11790"}],"wp:attachment":[{"href":"https:\/\/www.europesays.com\/fr\/wp-json\/wp\/v2\/media?parent=11789"}],"wp:term":[{"taxonomy":"category","embeddable":true,"href":"https:\/\/www.europesays.com\/fr\/wp-json\/wp\/v2\/categories?post=11789"},{"taxonomy":"post_tag","embeddable":true,"href":"https:\/\/www.europesays.com\/fr\/wp-json\/wp\/v2\/tags?post=11789"}],"curies":[{"name":"wp","href":"https:\/\/api.w.org\/{rel}","templated":true}]}}