{"id":117890,"date":"2025-05-21T22:04:13","date_gmt":"2025-05-21T22:04:13","guid":{"rendered":"https:\/\/www.europesays.com\/fr\/117890\/"},"modified":"2025-05-21T22:04:13","modified_gmt":"2025-05-21T22:04:13","slug":"demission-dune-elue-et-rejet-du-projet-de-bar-ephemere","status":"publish","type":"post","link":"https:\/\/www.europesays.com\/fr\/117890\/","title":{"rendered":"d\u00e9mission d\u2019une \u00e9lue et rejet du projet de bar \u00e9ph\u00e9m\u00e8re"},"content":{"rendered":"<p>Ce mardi soir, lors du conseil municipal de Toulon-sur-Arroux, le maire, Bernard Labrosse, a annonc\u00e9 la d\u00e9mission de la conseill\u00e8re Marie-Claude L\u00e9ger. Ce d\u00e9part fait \u00e9cho \u00e0 ceux de Marie-Christine Steyer l\u2019an pass\u00e9, de Michel Jondot il y a environ trois ans, ainsi que de Patrick Joleaud en d\u00e9but de mandat.<\/p>\n<p>Seules deux places sont d\u00e9sormais vacantes, les deux \u00e9lus masculins ayant \u00e9t\u00e9 remplac\u00e9s par les deux suppl\u00e9ants, Maud Maestro et Vincent G\u00e9l\u00e9ta. \u00c0 titre non officiel, il est \u00e0 noter l\u2019absence depuis&#8230;<\/p>\n","protected":false},"excerpt":{"rendered":"Ce mardi soir, lors du conseil municipal de Toulon-sur-Arroux, le maire, Bernard Labrosse, a annonc\u00e9 la d\u00e9mission de&hellip;\n","protected":false},"author":2,"featured_media":117891,"comment_status":"","ping_status":"","sticky":false,"template":"","format":"standard","meta":{"footnotes":""},"categories":[9619],"tags":[1111,11,1984,12568,1777,674,107,1011,27,14000,12,316,882,25,2310,13999],"class_list":{"0":"post-117890","1":"post","2":"type-post","3":"status-publish","4":"format-standard","5":"has-post-thumbnail","7":"category-toulon","8":"tag-actu","9":"tag-actualites","10":"tag-conseil-municipal","11":"tag-edition-montceau-les-mines","12":"tag-eu","13":"tag-europe","14":"tag-fil-info","15":"tag-fr","16":"tag-france","17":"tag-montceau-les-mines-bassin","18":"tag-news","19":"tag-politique","20":"tag-provence-alpes-cote-dazur","21":"tag-republique-francaise","22":"tag-toulon","23":"tag-toulon-sur-arroux"},"share_on_mastodon":{"url":"https:\/\/pubeurope.com\/@fr\/114548091505848510","error":""},"_links":{"self":[{"href":"https:\/\/www.europesays.com\/fr\/wp-json\/wp\/v2\/posts\/117890","targetHints":{"allow":["GET"]}}],"collection":[{"href":"https:\/\/www.europesays.com\/fr\/wp-json\/wp\/v2\/posts"}],"about":[{"href":"https:\/\/www.europesays.com\/fr\/wp-json\/wp\/v2\/types\/post"}],"author":[{"embeddable":true,"href":"https:\/\/www.europesays.com\/fr\/wp-json\/wp\/v2\/users\/2"}],"replies":[{"embeddable":true,"href":"https:\/\/www.europesays.com\/fr\/wp-json\/wp\/v2\/comments?post=117890"}],"version-history":[{"count":0,"href":"https:\/\/www.europesays.com\/fr\/wp-json\/wp\/v2\/posts\/117890\/revisions"}],"wp:featuredmedia":[{"embeddable":true,"href":"https:\/\/www.europesays.com\/fr\/wp-json\/wp\/v2\/media\/117891"}],"wp:attachment":[{"href":"https:\/\/www.europesays.com\/fr\/wp-json\/wp\/v2\/media?parent=117890"}],"wp:term":[{"taxonomy":"category","embeddable":true,"href":"https:\/\/www.europesays.com\/fr\/wp-json\/wp\/v2\/categories?post=117890"},{"taxonomy":"post_tag","embeddable":true,"href":"https:\/\/www.europesays.com\/fr\/wp-json\/wp\/v2\/tags?post=117890"}],"curies":[{"name":"wp","href":"https:\/\/api.w.org\/{rel}","templated":true}]}}