{"id":117896,"date":"2025-05-21T22:08:34","date_gmt":"2025-05-21T22:08:34","guid":{"rendered":"https:\/\/www.europesays.com\/fr\/117896\/"},"modified":"2025-05-21T22:08:34","modified_gmt":"2025-05-21T22:08:34","slug":"le-spectacle-pour-le-14-juillet-a-rouen-naboutira-pas-selon-son-createur-thomas-jolly","status":"publish","type":"post","link":"https:\/\/www.europesays.com\/fr\/117896\/","title":{"rendered":"Le spectacle pour le 14-Juillet \u00e0 Rouen \u00ab\u00a0n&rsquo;aboutira pas\u00a0\u00bb, selon son cr\u00e9ateur, Thomas Jolly"},"content":{"rendered":"<p>                             Par Le Figaro avec AFP<\/p>\n<p>                Il y a 1 jour<\/p>\n<p>\u00a0\u00bb<br \/>\n        data-script=\u00a0\u00bbhttps:\/\/static.lefigaro.fr\/widget-video\/short-ttl\/video\/index.js\u00a0\u00bb<br \/>\n    &gt;<\/p>\n<p>\u00ab\u00a0La part d\u2019argent priv\u00e9 n\u00e9cessaire \u00e0 la tenue du projet n\u2019est pas atteinte\u00a0\u00bb, indique mardi le directeur artistique des Jeux olympiques de Paris, d\u00e9non\u00e7ant \u00e9galement un \u00ab\u00a0discours de haine\u00a0\u00bb \u00e0 son \u00e9gard.<\/p>\n<p class=\"fig-paragraph\">Le projet de spectacle sur lequel travaillait\u00a0<a href=\"http:\/\/www.lefigaro.fr\/theatre\/le-grand-spectacle-de-thomas-jolly-pour-le-14-juillet-seme-la-zizanie-a-rouen-20250516\" target=\"_blank\" data-fig-type=\"Article\" rel=\"noopener\" data-gtm-custom-categorie=\"navigation\" data-gtm-custom-action=\"crossclick\" data-gtm-custom-label=\"Contextuel\" data-gtm-event=\"customEventSPE\" data-fig-domain=\"LEFIGARO\">Thomas Jolly<\/a>\u00a0pour le 14 Juillet \u00e0 Rouen \u00ab\u00a0n&rsquo;aboutira pas\u00a0\u00bb, faute de financements, a annonc\u00e9 mardi \u00e0 l&rsquo;AFP le directeur artistique des Jeux de Paris, qui a d\u00e9nonc\u00e9 un \u00ab\u00a0discours de haine\u00a0\u00bb ces derniers jours \u00e0 son \u00e9gard.<\/p>\n<p class=\"fig-paragraph\"><a href=\"https:\/\/www.lefigaro.fr\/culture\/thierry-reboul-organisateur-des-ceremonies-des-jeux-2024-je-me-suis-attache-a-creer-des-images-fortes-comme-marqueurs-20240909\" target=\"_blank\" data-fig-type=\"Article\" rel=\"noopener\" data-gtm-custom-categorie=\"navigation\" data-gtm-custom-action=\"crossclick\" data-gtm-custom-label=\"Contextuel\" data-gtm-event=\"customEventSPE\" data-fig-domain=\"LEFIGARO\">Thierry Reboul<\/a>, directeur des c\u00e9r\u00e9monies des Jeux olympiques et paralympiques en 2024, et Thomas Jolly travaillaient depuis d\u00e9cembre sur un spectacle de 1\u00a0h\u00a030, intitul\u00e9 14.7, dont l&rsquo;id\u00e9e \u00e9tait de promouvoir les valeurs de la R\u00e9publique. Ce projet repr\u00e9sentait un investissement de 11 millions d&rsquo;euros, dont 6 provenant de financements priv\u00e9s et 5 de fonds publics (ville et m\u00e9tropole).<\/p>\n<blockquote class=\"fig-quote&#10;    \">\n<p class=\"fig-quote__text\">\u00ab La presse et certains \u00e9lus politiques ont \u0153uvr\u00e9 au discr\u00e9dit du financement public de la culture.\u00a0\u00bb<\/p>\n<p>            Thomas Jolly et Thierry Reboul dans une d\u00e9claration \u00e0 l\u2019AFP.\n    <\/p><\/blockquote>\n<p class=\"fig-paragraph\">Ses grandes lignes avaient \u00e9t\u00e9 pr\u00e9sent\u00e9es la semaine derni\u00e8re devant des \u00e9lus. Pour \u00eatre valid\u00e9, il n\u00e9cessitait un vote favorable de la mairie de Rouen et de la m\u00e9tropole, mais aussi la consolidation de partenariats priv\u00e9s, avait indiqu\u00e9 son entourage \u00e0 l&rsquo;AFP. \u00ab\u00a0Le projet artistique (&#8230;) n&rsquo;aboutira pas\u00a0\u00bb, \u00e9crivent Thomas Jolly et Thierry Reboul dans une d\u00e9claration \u00e0 l&rsquo;AFP. \u00ab\u00a0La part d&rsquo;argent priv\u00e9 n\u00e9cessaire \u00e0 la tenue du projet n&rsquo;est pas atteinte. Par cons\u00e9quent, la part d&rsquo;argent public envisag\u00e9e pour ce projet n&rsquo;est pas sollicit\u00e9e\u00a0\u00bb, ajoutent-ils.<\/p>\n<p class=\"fig-paragraph\">Tous deux ont en outre jug\u00e9 \u00ab\u00a0regrettable (&#8230;) qu&rsquo;une partie de la presse, ainsi que certains \u00e9lus politiques, [aient] choisi de divulguer et de commenter ce projet avant m\u00eame que sa faisabilit\u00e9 ne soit assur\u00e9e\u00a0\u00bb. Ils ont \u00ab\u00a0\u0153uvr\u00e9 au discr\u00e9dit du financement public de la culture, \u00e0 la dissension et d\u00e9fiance populaire, plut\u00f4t qu&rsquo;\u00e0 son unit\u00e9, et ont raviv\u00e9, \u00e0 l&rsquo;\u00e9gard de Thomas Jolly, un discours de haine, bien loin de toute consid\u00e9ration budg\u00e9taire\u00a0\u00bb, d\u00e9plorent-ils.<\/p>\n<p>Un co\u00fbt trop \u00e9lev\u00e9 pour les \u00e9lus d\u2019opposition<\/p>\n<p class=\"fig-paragraph\">Plusieurs \u00e9lus d&rsquo;opposition s&rsquo;\u00e9taient offusqu\u00e9s, dans la presse et sur les r\u00e9seaux sociaux, du co\u00fbt de la manifestation jug\u00e9 trop \u00e9lev\u00e9 \u00e0 leurs yeux. Dans un communiqu\u00e9, le maire socialiste\u00a0<a href=\"http:\/\/www.lefigaro.fr\/actualite-france\/en-refusant-de-soutenir-jerome-guedj-lfi-fait-du-lfi-estime-nicolas-mayer-rossignol-candidat-a-la-direction-du-ps-20250502\" target=\"_blank\" data-fig-type=\"NewsFlash\" rel=\"noopener\" data-gtm-custom-categorie=\"navigation\" data-gtm-custom-action=\"crossclick\" data-gtm-custom-label=\"Contextuel\" data-gtm-event=\"customEventSPE\" data-fig-domain=\"LEFIGARO\">Nicolas Mayer-Rossignol\u00a0<\/a>a fait valoir que cette manifestation \u00ab\u00a0aurait permis de faire travailler des centaines d\u2019artistes locaux, intermittents du spectacle, compagnies, \u00e9tablissements culturels, de mobiliser des milliers de b\u00e9n\u00e9voles\u00a0\u00bb.<\/p>\n<p class=\"fig-paragraph\">Le spectacle \u00ab\u00a0aurait permis de faire rayonner notre territoire avec une mise en lumi\u00e8re exceptionnelle de nos artistes et acteurs locaux, de nos talents, de notre monde associatif et \u00e9conomique, de notre patrimoine\u00a0\u00bb, a-t-il insist\u00e9. Il d\u00e9plore qu\u2019\u00ab\u00a0une petite minorit\u00e9 politicienne [ait] pr\u00e9f\u00e9r\u00e9 la pol\u00e9mique\u00a0\u00bb. \u00ab\u00a0Les \u00e9lections approchent. Tout cela est navrant\u00a0\u00bb, ajoute-t-il.<\/p>\n<p class=\"fig-paragraph\">Lors de la c\u00e9r\u00e9monie d&rsquo;ouverture des JO, un tableau intitul\u00e9 Festivit\u00e9 avait \u00e9t\u00e9 pris pour cible par les milieux conservateurs et d&rsquo;extr\u00eame droite, provoquant un d\u00e9ferlement de commentaires haineux sur les r\u00e9seaux sociaux \u00e0 l&rsquo;\u00e9gard du metteur en sc\u00e8ne. Le 5 mai, le tribunal correctionnel de Paris a inflig\u00e9 des peines d&rsquo;amendes et de prison avec sursis \u00e0 l&rsquo;encontre de sept personnes poursuivies pour ce cyberharc\u00e8lement.<\/p>\n","protected":false},"excerpt":{"rendered":"Par Le Figaro avec AFP Il y a 1 jour \u00a0\u00bb data-script=\u00a0\u00bbhttps:\/\/static.lefigaro.fr\/widget-video\/short-ttl\/video\/index.js\u00a0\u00bb &gt; \u00ab\u00a0La part d\u2019argent priv\u00e9 n\u00e9cessaire&hellip;\n","protected":false},"author":2,"featured_media":117897,"comment_status":"","ping_status":"","sticky":false,"template":"","format":"standard","meta":{"footnotes":""},"categories":[9587],"tags":[1111,47,11,1350,1348,1345,650,251,1777,674,1349,1346,1011,27,1351,873,12,5161,25,9590,252,1347,18228,1352],"class_list":{"0":"post-117896","1":"post","2":"type-post","3":"status-publish","4":"format-standard","5":"has-post-thumbnail","7":"category-rouen","8":"tag-actu","9":"tag-actualite","10":"tag-actualites","11":"tag-architecture","12":"tag-arts","13":"tag-cine","14":"tag-cinema","15":"tag-culture","16":"tag-eu","17":"tag-europe","18":"tag-expositions","19":"tag-films","20":"tag-fr","21":"tag-france","22":"tag-litterature","23":"tag-musique","24":"tag-news","25":"tag-normandie","26":"tag-republique-francaise","27":"tag-rouen","28":"tag-television","29":"tag-theatre","30":"tag-thomas-jolly","31":"tag-urbanisme"},"share_on_mastodon":{"url":"https:\/\/pubeurope.com\/@fr\/114548107063283903","error":""},"_links":{"self":[{"href":"https:\/\/www.europesays.com\/fr\/wp-json\/wp\/v2\/posts\/117896","targetHints":{"allow":["GET"]}}],"collection":[{"href":"https:\/\/www.europesays.com\/fr\/wp-json\/wp\/v2\/posts"}],"about":[{"href":"https:\/\/www.europesays.com\/fr\/wp-json\/wp\/v2\/types\/post"}],"author":[{"embeddable":true,"href":"https:\/\/www.europesays.com\/fr\/wp-json\/wp\/v2\/users\/2"}],"replies":[{"embeddable":true,"href":"https:\/\/www.europesays.com\/fr\/wp-json\/wp\/v2\/comments?post=117896"}],"version-history":[{"count":0,"href":"https:\/\/www.europesays.com\/fr\/wp-json\/wp\/v2\/posts\/117896\/revisions"}],"wp:featuredmedia":[{"embeddable":true,"href":"https:\/\/www.europesays.com\/fr\/wp-json\/wp\/v2\/media\/117897"}],"wp:attachment":[{"href":"https:\/\/www.europesays.com\/fr\/wp-json\/wp\/v2\/media?parent=117896"}],"wp:term":[{"taxonomy":"category","embeddable":true,"href":"https:\/\/www.europesays.com\/fr\/wp-json\/wp\/v2\/categories?post=117896"},{"taxonomy":"post_tag","embeddable":true,"href":"https:\/\/www.europesays.com\/fr\/wp-json\/wp\/v2\/tags?post=117896"}],"curies":[{"name":"wp","href":"https:\/\/api.w.org\/{rel}","templated":true}]}}