{"id":117898,"date":"2025-05-21T22:10:33","date_gmt":"2025-05-21T22:10:33","guid":{"rendered":"https:\/\/www.europesays.com\/fr\/117898\/"},"modified":"2025-05-21T22:10:33","modified_gmt":"2025-05-21T22:10:33","slug":"grenoble-une-ferme-urbaine-en-construction-pres-dalpexpo","status":"publish","type":"post","link":"https:\/\/www.europesays.com\/fr\/117898\/","title":{"rendered":"Grenoble : une ferme urbaine en construction pr\u00e8s d&rsquo;Alpexpo"},"content":{"rendered":"<p>Les travaux ont d\u00e9marr\u00e9 \u00e0 l&rsquo;arri\u00e8re des parkings d&rsquo;<strong>Alpexpo \u00e0 Grenoble<\/strong>. Un <strong>terrain nu enclav\u00e9 de 1,1 hectare<\/strong>, propri\u00e9t\u00e9 de la Ville de Grenoble, mais situ\u00e9 \u00e0 cheval sur les communes d\u2019\u00c9chirolles et d&rsquo;Eybens, est en train d&rsquo;\u00eatre am\u00e9nag\u00e9 en une <strong>ferme urbaine de culture hors sol<\/strong>. Ce projet, qui sera finalis\u00e9 courant 2026, s&rsquo;inscrit dans le cadre du vaste chantier de r\u00e9novation et d&rsquo;am\u00e9nagement urbains, <a href=\"https:\/\/mesinfos.fr\/38000-grenoble\/projet-urbain-grandalpe-les-prochains-amenagements-prevus-208296.html\" rel=\"noopener nofollow\" target=\"_blank\">GrandAlpe<\/a>, pilot\u00e9 par la M\u00e9tropole de Grenoble. <\/p>\n<p>Une ferme urbaine \u00e0 l&rsquo;arri\u00e8re du parking d&rsquo;Alpexpo \u00e0 Grenoble d&rsquo;ici 2026 <\/p>\n<p>A la suite d&rsquo;un appel \u00e0 projets men\u00e9 par la Ville de Grenoble et la M\u00e9tropole, c&rsquo;est la soci\u00e9t\u00e9 coop\u00e9rative <strong>Mille Pousses<\/strong>, d\u00e9j\u00e0 implant\u00e9e \u00e0 Grenoble avec une ferme urbaine situ\u00e9e \u00e0 c\u00f4t\u00e9 de l&rsquo;\u00e9cole h\u00f4teli\u00e8re Lesdigui\u00e8res, qui a \u00e9t\u00e9 retenue. Celle-ci va ainsi g\u00e9rer une deuxi\u00e8me ferme urbaine conventionn\u00e9e <strong>entreprise d&rsquo;insertion<\/strong>, qui sera baptis\u00e9e <strong>Mille Feuilles<\/strong>.\u00a0 <\/p>\n<blockquote>\n<p>\u00ab\u00a0On est tr\u00e8s heureux de cr\u00e9er un deuxi\u00e8me site derri\u00e8re les parkings d&rsquo;Alpexpo, t\u00e9moigne <strong>Isabelle Robles<\/strong>, fondatrice et dirigeante de <a href=\"https:\/\/mesinfos.fr\/auvergne-rhone-alpes\/les-mille-pousses-germent-a-grenoble-71810.html\" rel=\"noopener nofollow\" target=\"_blank\">Mille Pousses<\/a>. On a commenc\u00e9 \u00e0 labourer le terrain et \u00e0 semer les premi\u00e8res courges qui pousseront \u00e0 l&rsquo;automne. La premi\u00e8re serre sera install\u00e9e d\u00e8s juillet.\u00a0\u00bb <\/p>\n<\/blockquote>\n<p>Elle ajoute : \u00ab\u00a0Ce sera une ferme professionnelle, un lieu de travail avant tout. On s&rsquo;ouvrira sur les quartiers \u00e0 travers la vente de l\u00e9gumes et toutes les animations autour de l&rsquo;alimentation, en lien avec les associations de quartier et les acteurs locaux. On travaille d\u00e9j\u00e0 avec les jardins partag\u00e9s des Granges.\u00a0\u00bb <\/p>\n<p>Les produits cultiv\u00e9s (fruits et l\u00e9gumes de saison) en mode <strong>mara\u00eechage bio-intensif <\/strong>et <strong>agroforesterie <\/strong>(associant arbres et cultures pour enrichir les sols et pr\u00e9server l&rsquo;\u00e9cosyst\u00e8me) seront <strong>vendus \u00e0 la ferme <\/strong>(mais pas uniquement)<strong>, <\/strong>en donnant la priorit\u00e9 aux habitants des <a href=\"https:\/\/mesinfos.fr\/38000-grenoble\/renovation-urbaine-de-la-villeneuve-de-grenoble-et-echirolles-la-parole-donnee-aux-habitants-183588.html\" rel=\"noopener nofollow\" target=\"_blank\">quartiers Villeneuve de Grenoble et d\u2019\u00c9chirolles<\/a>.<\/p>\n<p> Co\u00fbt du projet de ferme urbaine : 1,2 million d&rsquo;euros <img decoding=\"async\" alt=\"\" data-zoomable=\"\" height=\"1333\" loading=\"lazy\" src=\"https:\/\/www.europesays.com\/fr\/wp-content\/uploads\/2025\/05\/img-9909.JPG\" title=\"\u00a9 Thomas Richardson - Isabelle Robl\u00e8s, dirigeante de la soci\u00e9t\u00e9 coop\u00e9rative Mille Pousses pr\u00e9sente un dessin illustrant la future ferme urbaine Mille Feuilles.\" width=\"2000\"\/> \u00a9 Thomas Richardson &#8211; Isabelle Robles, dirigeante de la soci\u00e9t\u00e9 coop\u00e9rative Mille Pousses pr\u00e9sente un dessin illustrant la future ferme urbaine Mille Feuilles. <\/p>\n<p>Le site comprendra un b\u00e2timent central, des <strong>serres<\/strong>, des <strong>jardins de mara\u00eechage <\/strong>et un espace arbor\u00e9 avec des <strong>arbres fruitiers<\/strong>. Sans oublier une mare p\u00e9dagogique pour favoriser la biodiversit\u00e9. La ferme, ouverte sur le parc Maurice-Thorez, sera accessible au public pendant les heures d&rsquo;ouverture pour des animations ou visites. <\/p>\n<p>Le <strong>co\u00fbt <\/strong>de l&rsquo;am\u00e9nagement de l&rsquo;ensemble s&rsquo;\u00e9l\u00e8ve \u00e0 <strong>1,2 million d&rsquo;euros<\/strong>. La Ville de Grenoble finance les b\u00e2timents et la M\u00e9tropole la partie acc\u00e8s, cheminements pi\u00e9tons\/cyclistes et v\u00e9g\u00e9talisation. L&rsquo;<strong>Agence nationale de la r\u00e9novation urbaine <\/strong>(Anru) subventionne \u00e0 hauteur de 400 000 euros \u00e0 la fois en investissement et en fonctionnement. <\/p>\n<p>A terme, la ferme Mille Feuilles devrait employer quatre personnes en insertion plus deux permanents.<\/p>\n","protected":false},"excerpt":{"rendered":"Les travaux ont d\u00e9marr\u00e9 \u00e0 l&rsquo;arri\u00e8re des parkings d&rsquo;Alpexpo \u00e0 Grenoble. Un terrain nu enclav\u00e9 de 1,1 hectare,&hellip;\n","protected":false},"author":2,"featured_media":117899,"comment_status":"","ping_status":"","sticky":false,"template":"","format":"standard","meta":{"footnotes":""},"categories":[9566],"tags":[1111,11,11075,2430,1777,674,23857,1011,27,23858,2731,12,25],"class_list":{"0":"post-117898","1":"post","2":"type-post","3":"status-publish","4":"format-standard","5":"has-post-thumbnail","7":"category-grenoble","8":"tag-actu","9":"tag-actualites","10":"tag-alpexpo","11":"tag-auvergne-rhone-alpes","12":"tag-eu","13":"tag-europe","14":"tag-ferme-urbaine","15":"tag-fr","16":"tag-france","17":"tag-grandalpe","18":"tag-grenoble","19":"tag-news","20":"tag-republique-francaise"},"share_on_mastodon":{"url":"https:\/\/pubeurope.com\/@fr\/114548114982797671","error":""},"_links":{"self":[{"href":"https:\/\/www.europesays.com\/fr\/wp-json\/wp\/v2\/posts\/117898","targetHints":{"allow":["GET"]}}],"collection":[{"href":"https:\/\/www.europesays.com\/fr\/wp-json\/wp\/v2\/posts"}],"about":[{"href":"https:\/\/www.europesays.com\/fr\/wp-json\/wp\/v2\/types\/post"}],"author":[{"embeddable":true,"href":"https:\/\/www.europesays.com\/fr\/wp-json\/wp\/v2\/users\/2"}],"replies":[{"embeddable":true,"href":"https:\/\/www.europesays.com\/fr\/wp-json\/wp\/v2\/comments?post=117898"}],"version-history":[{"count":0,"href":"https:\/\/www.europesays.com\/fr\/wp-json\/wp\/v2\/posts\/117898\/revisions"}],"wp:featuredmedia":[{"embeddable":true,"href":"https:\/\/www.europesays.com\/fr\/wp-json\/wp\/v2\/media\/117899"}],"wp:attachment":[{"href":"https:\/\/www.europesays.com\/fr\/wp-json\/wp\/v2\/media?parent=117898"}],"wp:term":[{"taxonomy":"category","embeddable":true,"href":"https:\/\/www.europesays.com\/fr\/wp-json\/wp\/v2\/categories?post=117898"},{"taxonomy":"post_tag","embeddable":true,"href":"https:\/\/www.europesays.com\/fr\/wp-json\/wp\/v2\/tags?post=117898"}],"curies":[{"name":"wp","href":"https:\/\/api.w.org\/{rel}","templated":true}]}}