{"id":117901,"date":"2025-05-21T22:12:16","date_gmt":"2025-05-21T22:12:16","guid":{"rendered":"https:\/\/www.europesays.com\/fr\/117901\/"},"modified":"2025-05-21T22:12:16","modified_gmt":"2025-05-21T22:12:16","slug":"un-jeune-joueur-monegasque-victime-dun-malaise-cardiaque-en-plein-match-contre-rennes-challenge-espoirs-finale-rennes-monaco","status":"publish","type":"post","link":"https:\/\/www.europesays.com\/fr\/117901\/","title":{"rendered":"Un jeune joueur mon\u00e9gasque victime d\u2019un malaise cardiaque en plein match contre Rennes &#8211; Challenge Espoirs &#8211; Finale &#8211; Rennes-Monaco"},"content":{"rendered":"<p>Une tr\u00e8s grosse frayeur.<\/p>\n<p>Ce mercredi se tenait au Roazhon Park la finale du Challenge Espoirs, la nouvelle comp\u00e9tition de la FFF pour les r\u00e9serves des clubs professionnels, entre le Stade rennais et Monaco devant un peu plus de 8 000 personnes. L\u2019ASM se dirigeait vers une victoire gr\u00e2ce \u00e0 des buts de Lucas Michal et d\u2019Aur\u00e9lien Patret pour r\u00e9pondre \u00e0 Issa Habri (1-2), mais le foot est pass\u00e9 au second plan.<\/p>\n<p>Le joueur a \u00e9t\u00e9 conduit \u00e0 l\u2019h\u00f4pital<\/p>\n<p>Dans le dernier quart d\u2019heure, le joueur mon\u00e9gasque Samuel Nibomb\u00e9, 17 ans, s\u2019est \u00e9croul\u00e9 sur la pelouse. Une tr\u00e8s grosse inqui\u00e9tude s\u2019est empar\u00e9e de l\u2019enceinte rennaise, et le match a imm\u00e9diatement \u00e9t\u00e9 arr\u00eat\u00e9 pour permettre l\u2019intervention des secours, qui ont proc\u00e9d\u00e9 \u00e0 un message cardiaque durant plus de dix minutes, avec utilisation d\u2019un d\u00e9fibrillateur, selon Ouest-France, pr\u00e9sent sur place.<\/p>\n<blockquote class=\"twitter-tweet\">\n<p lang=\"fr\" dir=\"ltr\">Match arr\u00eat\u00e9 d\u00e9finitivement, le joueur a \u00e9t\u00e9 transport\u00e9 \u00e0 l\u2019h\u00f4pital, conscient. Immense boulot du doc rennais pour le r\u00e9animer \ud83d\ude4f <a target=\"_blank\" href=\"https:\/\/t.co\/9oxFtYo0QS\" rel=\"nofollow\">https:\/\/t.co\/9oxFtYo0QS<\/a><\/p>\n<p>\u2014 Fran\u00e7ois Rauzy (@RauzyFrancois) <a target=\"_blank\" href=\"https:\/\/twitter.com\/RauzyFrancois\/status\/1925268528040444367?ref_src=twsrc%5Etfw\" rel=\"nofollow noopener\">May 21, 2025<\/a><\/p><\/blockquote>\n<p>Les nouvelles \u00e9taient rassurantes selon les journalistes en tribunes : le joueur a \u00e9t\u00e9 \u00e9vacu\u00e9 du stade et conduit \u00e0 l\u2019h\u00f4pital en \u00e9tant conscient, d\u2019apr\u00e8s Ici Armorique. La finale du Challenge Espoirs a \u00e9t\u00e9 d\u00e9finitivement arr\u00eat\u00e9e, sans informations suppl\u00e9mentaires sur l\u2019\u00e9tat de sant\u00e9 du joueur, qui \u00ab\u202fdonnait des signes encourageants\u202f\u00bb\u00a0selon les mots d\u2019Arnaud Pouille, le pr\u00e9sident rennais, recueillis par Ici Armorique.<\/p>\n<blockquote class=\"twitter-tweet\">\n<p lang=\"fr\" dir=\"ltr\">Match d\u00e9finitivement arr\u00eat\u00e9 \u00e0 Rennes.<br \/>\nDes nouvelles rassurantes nous parviennent concernant Samuel Nibomb\u00e9. Conscient, il a \u00e9t\u00e9 conduit \u00e0 l\u2019h\u00f4pital pour y passer des examens \ud83d\ude4f<\/p>\n<p>\u2014 AS Monaco \ud83c\uddf2\ud83c\udde8 (@AS_Monaco) <a target=\"_blank\" href=\"https:\/\/twitter.com\/AS_Monaco\/status\/1925272364821971154?ref_src=twsrc%5Etfw\" rel=\"nofollow noopener\">May 21, 2025<\/a><\/p><\/blockquote>\n<p>En esp\u00e9rant d\u2019autres nouvelles rassurantes dans les prochaines heures.<\/p>\n<p>\t\t\t\t\t\t\t\t\t\t<a class=\"lien-connexe\" href=\"https:\/\/www.sofoot.com\/breves\/ligue-1-monaco-enfonce-un-peu-plus-rennes-dans-la-crise\" rel=\"nofollow noopener\" target=\"_blank\">Monaco enfonce un peu plus Rennes dans la crise<\/a>\t\t\t\t\t<script async src=\"https:\/\/platform.twitter.com\/widgets.js\" charset=\"utf-8\"><\/script><\/p>\n","protected":false},"excerpt":{"rendered":"Une tr\u00e8s grosse frayeur. Ce mercredi se tenait au Roazhon Park la finale du Challenge Espoirs, la nouvelle&hellip;\n","protected":false},"author":2,"featured_media":117902,"comment_status":"","ping_status":"","sticky":false,"template":"","format":"standard","meta":{"footnotes":""},"categories":[2821],"tags":[1111,47,11,61,829,69,65,64,1777,674,63,1011,27,68,66,12,62,70,584,25,67],"class_list":{"0":"post-117901","1":"post","2":"type-post","3":"status-publish","4":"format-standard","5":"has-post-thumbnail","7":"category-rennes","8":"tag-actu","9":"tag-actualite","10":"tag-actualites","11":"tag-actus-football","12":"tag-bretagne","13":"tag-bundesliga","14":"tag-championnats-europeens","15":"tag-equipe-de-france","16":"tag-eu","17":"tag-europe","18":"tag-football","19":"tag-fr","20":"tag-france","21":"tag-ligua","22":"tag-ligue-1","23":"tag-news","24":"tag-news-foot","25":"tag-premier-league","26":"tag-rennes","27":"tag-republique-francaise","28":"tag-serie-a"},"share_on_mastodon":{"url":"https:\/\/pubeurope.com\/@fr\/114548123007187615","error":""},"_links":{"self":[{"href":"https:\/\/www.europesays.com\/fr\/wp-json\/wp\/v2\/posts\/117901","targetHints":{"allow":["GET"]}}],"collection":[{"href":"https:\/\/www.europesays.com\/fr\/wp-json\/wp\/v2\/posts"}],"about":[{"href":"https:\/\/www.europesays.com\/fr\/wp-json\/wp\/v2\/types\/post"}],"author":[{"embeddable":true,"href":"https:\/\/www.europesays.com\/fr\/wp-json\/wp\/v2\/users\/2"}],"replies":[{"embeddable":true,"href":"https:\/\/www.europesays.com\/fr\/wp-json\/wp\/v2\/comments?post=117901"}],"version-history":[{"count":0,"href":"https:\/\/www.europesays.com\/fr\/wp-json\/wp\/v2\/posts\/117901\/revisions"}],"wp:featuredmedia":[{"embeddable":true,"href":"https:\/\/www.europesays.com\/fr\/wp-json\/wp\/v2\/media\/117902"}],"wp:attachment":[{"href":"https:\/\/www.europesays.com\/fr\/wp-json\/wp\/v2\/media?parent=117901"}],"wp:term":[{"taxonomy":"category","embeddable":true,"href":"https:\/\/www.europesays.com\/fr\/wp-json\/wp\/v2\/categories?post=117901"},{"taxonomy":"post_tag","embeddable":true,"href":"https:\/\/www.europesays.com\/fr\/wp-json\/wp\/v2\/tags?post=117901"}],"curies":[{"name":"wp","href":"https:\/\/api.w.org\/{rel}","templated":true}]}}