{"id":117903,"date":"2025-05-21T22:13:25","date_gmt":"2025-05-21T22:13:25","guid":{"rendered":"https:\/\/www.europesays.com\/fr\/117903\/"},"modified":"2025-05-21T22:13:25","modified_gmt":"2025-05-21T22:13:25","slug":"a-strasbourg-lancien-bureau-de-poste-de-la-cathedrale-devient-un-curieux-welcome-center","status":"publish","type":"post","link":"https:\/\/www.europesays.com\/fr\/117903\/","title":{"rendered":"\u00c0 Strasbourg, l\u2019ancien bureau de poste de la cath\u00e9drale devient un curieux \u00ab\u00a0Welcome Center\u00a0\u00bb"},"content":{"rendered":"<p>    <img loading=\"lazy\" width=\"1800\" height=\"900\" src=\"https:\/\/www.europesays.com\/fr\/wp-content\/uploads\/2025\/04\/jeanne-callthepolice.jpg\" class=\"attachment-full size-full\" alt=\"\" id=\"imageLove\" decoding=\"async\"  \/><\/p>\n<p id=\"breadcrumbs\"><a href=\"https:\/\/pokaa.fr\/\" target=\"_blank\" rel=\"noopener\">Accueil<\/a> \/ <a href=\"https:\/\/pokaa.fr\/categories\/actu\/\" target=\"_blank\" rel=\"noopener\">Info locale<\/a> \/ \u00c0 Strasbourg, l\u2019ancien bureau de poste de la cath\u00e9drale devient un curieux \u00ab\u00a0Welcome Center\u00a0\u00bb<\/p>\n<p>                    Info locale<\/p>\n<p class=\"p1\"><b>Inoccup\u00e9s depuis le d\u00e9part de la Poste en fin d\u2019ann\u00e9e 2022, les locaux du 5 place du Ch\u00e2teau vont bient\u00f4t rena\u00eetre, sous la forme d\u2019un \u00ab Welcome Center \u00bb. Avec une ouverture pr\u00e9vue pour 2027, il devrait acceuillir les nouvelles activit\u00e9s de l\u2019office eurom\u00e9tropolitain du tourisme, des loisirs et des congr\u00e8s (OT), un caf\u00e9 et un agrandissement du 5e Lieu. Les travaux, eux, d\u00e9marreront \u00e0 la rentr\u00e9e. Pr\u00e9sentation.<\/b><\/p>\n<p>\u00ab\u00a0Investir un nouveau lieu d\u2019accueil pour la nouvelle ambition de l\u2019office eurom\u00e9tropolitain du tourisme, des loisirs et des congr\u00e8s.\u00a0\u00bb <b>Voil\u00e0 l\u2019objectif du \u00ab Welcome Center \u00bb, un nouveau b\u00e2timent situ\u00e9 au 5 place du Ch\u00e2teau, \u00e0 quelques pas de la cath\u00e9drale<\/b>. Enfin, pas si nouveau que \u00e7a : c\u2019\u00e9tait, depuis plus de 150 ans, le lieu de la Poste imp\u00e9riale, qui s\u2019\u00e9tait install\u00e9e au rez-de-chauss\u00e9e.<\/p>\n<p>                <a href=\"https:\/\/pokaa.fr\/2022\/11\/08\/ukraine-invitee-a-noel-accueil-des-exilees-et-fermeture-de-la-poste-cathedrale-ce-que-strasbourg-a-decide-hier\/\" target=\"_blank\" rel=\"noopener\"><br \/>\n                    <img width=\"405\" height=\"270\" src=\"https:\/\/www.europesays.com\/fr\/wp-content\/uploads\/2025\/05\/du-sommet-de-la-Cathedrale-de-Strasbourg.jpg\" class=\"attachment-card-horizontal--same-subject size-card-horizontal--same-subject wp-post-image\" alt=\"\" decoding=\"async\" loading=\"lazy\"  \/>                <\/a><\/p>\n<p>Mais avec le d\u00e9part de la Poste en octobre 2022, le b\u00e2timent est devenu une coquille vide, laissant tout seul son colocataire du 5e Lieu, inaugur\u00e9 en 2019. <b>N\u00e9anmoins, depuis deux ans et demi maintenant, un nouveau projet se trame pr\u00e8s de la cath\u00e9drale au niveau du rez-de-chauss\u00e9e et de l\u2019entresol<\/b>, et on a pu en savoir plus.<\/p>\n<p>                <img width=\"667\" height=\"500\" src=\"https:\/\/www.europesays.com\/fr\/wp-content\/uploads\/2025\/05\/img-8836-3-grande-667x500.jpeg\" class=\"attachment-gallery size-gallery\" alt=\"place du chateau\" data-full-url=\"https:\/\/pokaa.fr\/wp-content\/uploads\/2025\/05\/21\/img-8836-3-grande.jpeg\" decoding=\"async\" loading=\"lazy\"  \/>            <\/p>\n<p>                <img width=\"667\" height=\"500\" src=\"https:\/\/www.europesays.com\/fr\/wp-content\/uploads\/2025\/05\/img-8845-3-grande-667x500.jpeg\" class=\"attachment-gallery size-gallery\" alt=\"cath\u00e9drale\" data-full-url=\"https:\/\/pokaa.fr\/wp-content\/uploads\/2025\/05\/21\/img-8845-3-grande.jpeg\" decoding=\"async\" loading=\"lazy\"  \/>            <\/p>\n<p>                <img width=\"667\" height=\"500\" src=\"https:\/\/www.europesays.com\/fr\/wp-content\/uploads\/2025\/05\/img-8838-3-grande-667x500.jpeg\" class=\"attachment-gallery size-gallery\" alt=\"welcome center\" data-full-url=\"https:\/\/pokaa.fr\/wp-content\/uploads\/2025\/05\/21\/img-8838-3-grande.jpeg\" decoding=\"async\" loading=\"lazy\"  \/>            <\/p>\n<p>                    \u00a9 Nicolas Kaspar \/ Pokaa<\/p>\n<p>Le \u00ab\u00a0Welcome Center\u00a0\u00bb : un tout nouveau lieu d\u2019accueil<\/p>\n<p class=\"p1\">Le projet principal, c\u2019est un \u00ab\u00a0Welcome Center\u00a0\u00bb. Comme son nom l\u2019indique, l\u2019ambition est d\u2019en faire un \u00ab\u00a0lieu d\u2019accueil par excellence\u00a0et\u00a0lieu de rencontres pour les Strasbourgeois(es)\u00a0\u00bb, selon Syamak Agha Babaei. <b>Tr\u00e8s concr\u00e8tement, il va regrouper les activit\u00e9s du nouvel OT<\/b> [r\u00e9sultat de la fusion entre l\u2019ancien office du tourisme et le Convention Bureau, ndlr].<\/p>\n<p class=\"p1\">Dans le m\u00eame temps, <b>les \u00e9quipes de l\u2019OT migreront dans les \u00e9tages sup\u00e9rieurs<\/b>, tout comme les \u00e9quipes des Mus\u00e9es de la Ville de Strasbourg, qui sont aujourd\u2019hui dispers\u00e9es sur diff\u00e9rents sites. Il y aura \u00e9galement des salles de r\u00e9union ou de r\u00e9ception. Un d\u00e9m\u00e9nagement rendu possible par celui du Cabinet des Estampes du c\u00f4t\u00e9 de la Coop.<\/p>\n<p>                <img width=\"500\" height=\"500\" src=\"https:\/\/www.europesays.com\/fr\/wp-content\/uploads\/2025\/05\/01copyrightabk-accueil-otlc-vue-01-bd-500x500.jpg\" class=\"attachment-gallery size-gallery\" alt=\"futur welcome center\" data-full-url=\"https:\/\/pokaa.fr\/wp-content\/uploads\/2025\/05\/21\/01copyrightabk-accueil-otlc-vue-01-bd.jpg\" decoding=\"async\" loading=\"lazy\"  \/>            <\/p>\n<p>                <img width=\"888\" height=\"500\" src=\"https:\/\/www.europesays.com\/fr\/wp-content\/uploads\/2025\/05\/02copyrightabk-accueil-boutique-otlc-vue-02-bd-888x500.jpg\" class=\"attachment-gallery size-gallery\" alt=\"futur welcome center\" data-full-url=\"https:\/\/pokaa.fr\/wp-content\/uploads\/2025\/05\/21\/02copyrightabk-accueil-boutique-otlc-vue-02-bd.jpg\" decoding=\"async\" loading=\"lazy\"  \/>            <\/p>\n<p>                    \u00a9\u00a0ABK Architectes \/ Document remis<\/p>\n<p>Un caf\u00e9 et une extension du 5e Lieu<\/p>\n<p class=\"p1\">\u00c7a, c\u2019est pour la partie \u00ab\u00a0Welcome Center\u00a0\u00bb. La Ville a ensuite voulu profiter de la proximit\u00e9 du 5e Lieu pour \u00ab\u00a0guider le visiteur vers quelque chose de fluide\u00a0\u00bb selon Jo\u00ebl Steffen. Pour le dire autrement : <b>les visiteurs\/ses de l\u2019OT seront invit\u00e9(e)s \u00e0 poursuivre leur parcours vers le 5e Lieu, gr\u00e2ce \u00e0 une liaison entre les deux espaces<\/b>, marqu\u00e9e architecturalement par l\u2019utilisation du bois.<\/p>\n<p class=\"p1\"><b>Le mus\u00e9e de la place du Ch\u00e2teau va d\u2019ailleurs conna\u00eetre un petit agrandissement au 1e \u00e9tage, avec une nouvelle section de son parcours \u00e9tant consacr\u00e9e au patrimoine de l\u2019Eurom\u00e9tropole<\/b>. Au-del\u00e0 de cet ajout, son parcours restera intact. Enfin, un caf\u00e9 de pr\u00e8s de 30m2 prendra \u00e9galement place au rez-de-chauss\u00e9e, pour un petit moment de pause.<\/p>\n<p>                <img width=\"667\" height=\"500\" src=\"https:\/\/www.europesays.com\/fr\/wp-content\/uploads\/2025\/05\/img-8835-3-grande-667x500.jpeg\" class=\"attachment-gallery size-gallery\" alt=\"5e Lieu\" data-full-url=\"https:\/\/pokaa.fr\/wp-content\/uploads\/2025\/05\/21\/img-8835-3-grande.jpeg\" decoding=\"async\" loading=\"lazy\"  \/>            <\/p>\n<p>                <img width=\"888\" height=\"500\" src=\"https:\/\/www.europesays.com\/fr\/wp-content\/uploads\/2025\/05\/03copyrightabk-accueil-5el-vue-03-bd-888x500.jpg\" class=\"attachment-gallery size-gallery\" alt=\"futur 5e Lieu\" data-full-url=\"https:\/\/pokaa.fr\/wp-content\/uploads\/2025\/05\/21\/03copyrightabk-accueil-5el-vue-03-bd.jpg\" decoding=\"async\" loading=\"lazy\"  \/>            <\/p>\n<p>                    Maintenant\/apr\u00e8s. 1. \u00a9 Nicolas Kaspar \/ Pokaa ; 2. \u00a9\u00a0ABK Architectes \/ Document remis<\/p>\n<p>Des travaux qui d\u00e9marrent en 2025, pour une r\u00e9alisation en 2027<\/p>\n<p class=\"p1\">Pour r\u00e9aliser tout cela, les travaux d\u00e9marreront en septembre 2025 par le curage et le d\u00e9samiantage. <b>Une r\u00e9novation patrimoniale sera ensuite engag\u00e9e, dans le respect d\u2019un b\u00e2timent appartenant au p\u00e9rim\u00e8tre de sauvegarde<\/b>, tandis qu\u2019une r\u00e9novation \u00e9nerg\u00e9tique et thermique sera \u00e9galement effectu\u00e9e. Une mise en accessibilit\u00e9 compl\u00e8tera l\u2019ensemble.<\/p>\n<p class=\"p1\">Une fermeture du 5e Lieu est quant \u00e0 elle pr\u00e9vue entre f\u00e9vrier et mai 2026 afin de r\u00e9aliser le nouvel accueil, tandis que le Cabinet des Estampes d\u00e9m\u00e9nagera en 2026. <b>Le chantier s\u2019\u00e9talera finalement jusqu\u2019en d\u00e9cembre 2027, pour un budget de 7,7 millions d\u2019euros<\/b>. Et si l\u2019ambition est grande pour ce futur lieu d\u2019accueil, on vous laisse avec des photos de l\u2019endroit. O\u00f9, pour le moment, il faut encore se projeter.<\/p>\n<p>                <img width=\"667\" height=\"500\" src=\"https:\/\/www.europesays.com\/fr\/wp-content\/uploads\/2025\/05\/img-8840-3-grande-667x500.jpeg\" class=\"attachment-gallery size-gallery\" alt=\"welcome center\" data-full-url=\"https:\/\/pokaa.fr\/wp-content\/uploads\/2025\/05\/21\/img-8840-3-grande.jpeg\" decoding=\"async\" loading=\"lazy\"  \/>            <\/p>\n<p>                <img width=\"667\" height=\"500\" src=\"https:\/\/www.europesays.com\/fr\/wp-content\/uploads\/2025\/05\/img-8841-3-grande-667x500.jpeg\" class=\"attachment-gallery size-gallery\" alt=\"welcome center\" data-full-url=\"https:\/\/pokaa.fr\/wp-content\/uploads\/2025\/05\/21\/img-8841-3-grande.jpeg\" decoding=\"async\" loading=\"lazy\"  \/>            <\/p>\n<p>                <img width=\"667\" height=\"500\" src=\"https:\/\/www.europesays.com\/fr\/wp-content\/uploads\/2025\/05\/img-8844-3-grande-667x500.jpeg\" class=\"attachment-gallery size-gallery\" alt=\"welcome center\" data-full-url=\"https:\/\/pokaa.fr\/wp-content\/uploads\/2025\/05\/21\/img-8844-3-grande.jpeg\" decoding=\"async\" loading=\"lazy\"  \/>            <\/p>\n<p>                    \u00a9 Nicolas Kaspar \/ Pokaa<\/p>\n<p>                <img width=\"667\" height=\"500\" src=\"https:\/\/www.europesays.com\/fr\/wp-content\/uploads\/2025\/05\/img-8843-3-grande-667x500.jpeg\" class=\"attachment-gallery size-gallery\" alt=\"welcome center\" data-full-url=\"https:\/\/pokaa.fr\/wp-content\/uploads\/2025\/05\/21\/img-8843-3-grande.jpeg\" decoding=\"async\" loading=\"lazy\"  \/>            <\/p>\n<p>                <img width=\"667\" height=\"500\" src=\"https:\/\/www.europesays.com\/fr\/wp-content\/uploads\/2025\/05\/img-8847-3-grande-667x500.jpeg\" class=\"attachment-gallery size-gallery\" alt=\"welcome center\" data-full-url=\"https:\/\/pokaa.fr\/wp-content\/uploads\/2025\/05\/21\/img-8847-3-grande.jpeg\" decoding=\"async\" loading=\"lazy\"  \/>            <\/p>\n<p>                <img width=\"667\" height=\"500\" src=\"https:\/\/www.europesays.com\/fr\/wp-content\/uploads\/2025\/05\/img-8846-3-grande-667x500.jpeg\" class=\"attachment-gallery size-gallery\" alt=\"welcome center\" data-full-url=\"https:\/\/pokaa.fr\/wp-content\/uploads\/2025\/05\/21\/img-8846-3-grande.jpeg\" decoding=\"async\" loading=\"lazy\"  \/>            <\/p>\n<p>                    \u00a9 Nicolas Kaspar \/ Pokaa<\/p>\n","protected":false},"excerpt":{"rendered":"Accueil \/ Info locale \/ \u00c0 Strasbourg, l\u2019ancien bureau de poste de la cath\u00e9drale devient un curieux \u00ab\u00a0Welcome&hellip;\n","protected":false},"author":2,"featured_media":117904,"comment_status":"","ping_status":"","sticky":false,"template":"","format":"standard","meta":{"footnotes":""},"categories":[2820],"tags":[23859,1111,11,1777,674,1011,27,775,12,23860,25,640],"class_list":{"0":"post-117903","1":"post","2":"type-post","3":"status-publish","4":"format-standard","5":"has-post-thumbnail","7":"category-strasbourg","8":"tag-5e-lieu","9":"tag-actu","10":"tag-actualites","11":"tag-eu","12":"tag-europe","13":"tag-fr","14":"tag-france","15":"tag-grand-est","16":"tag-news","17":"tag-office-de-tourisme","18":"tag-republique-francaise","19":"tag-strasbourg"},"share_on_mastodon":{"url":"https:\/\/pubeurope.com\/@fr\/114548127475169445","error":""},"_links":{"self":[{"href":"https:\/\/www.europesays.com\/fr\/wp-json\/wp\/v2\/posts\/117903","targetHints":{"allow":["GET"]}}],"collection":[{"href":"https:\/\/www.europesays.com\/fr\/wp-json\/wp\/v2\/posts"}],"about":[{"href":"https:\/\/www.europesays.com\/fr\/wp-json\/wp\/v2\/types\/post"}],"author":[{"embeddable":true,"href":"https:\/\/www.europesays.com\/fr\/wp-json\/wp\/v2\/users\/2"}],"replies":[{"embeddable":true,"href":"https:\/\/www.europesays.com\/fr\/wp-json\/wp\/v2\/comments?post=117903"}],"version-history":[{"count":0,"href":"https:\/\/www.europesays.com\/fr\/wp-json\/wp\/v2\/posts\/117903\/revisions"}],"wp:featuredmedia":[{"embeddable":true,"href":"https:\/\/www.europesays.com\/fr\/wp-json\/wp\/v2\/media\/117904"}],"wp:attachment":[{"href":"https:\/\/www.europesays.com\/fr\/wp-json\/wp\/v2\/media?parent=117903"}],"wp:term":[{"taxonomy":"category","embeddable":true,"href":"https:\/\/www.europesays.com\/fr\/wp-json\/wp\/v2\/categories?post=117903"},{"taxonomy":"post_tag","embeddable":true,"href":"https:\/\/www.europesays.com\/fr\/wp-json\/wp\/v2\/tags?post=117903"}],"curies":[{"name":"wp","href":"https:\/\/api.w.org\/{rel}","templated":true}]}}