{"id":117909,"date":"2025-05-21T22:16:11","date_gmt":"2025-05-21T22:16:11","guid":{"rendered":"https:\/\/www.europesays.com\/fr\/117909\/"},"modified":"2025-05-21T22:16:11","modified_gmt":"2025-05-21T22:16:11","slug":"nice-le-credit-municipal-verse-180-000-euros-au-centre-communal-daction","status":"publish","type":"post","link":"https:\/\/www.europesays.com\/fr\/117909\/","title":{"rendered":"Nice : Le Cr\u00e9dit Municipal verse 180 000 euros au Centre Communal d\u2019Action (\u2026)"},"content":{"rendered":"<p>                    <img loading=\"lazy\" decoding=\"async\" src=\"https:\/\/www.europesays.com\/fr\/wp-content\/uploads\/2025\/05\/6597a543b8507b00007594e6d7bc56.png\" class=\"img-responsive post-image\" width=\"680\" height=\"510\" alt=\"Nice : Le Cr\u00e9dit Municipa\" title=\"Nice : Le Cr\u00e9dit Municipal verse 180 000 euros au Centre Communal d'Action Sociale\"\/><\/p>\n<p class=\"chapo\">Depuis 1891, le Cr\u00e9dit Municipal accompagne les Ni\u00e7oises et les Ni\u00e7ois face aux impr\u00e9vus financiers. Lorsqu\u2019un besoin urgent se pr\u00e9sente, il propose une solution de financement accessible, rapide et confidentielle, sans exigence de conditions de ressources.<\/p>\n<p>Fid\u00e8le \u00e0 cette vocation sociale historique, le conseil d\u2019orientation et de surveillance de la caisse de Cr\u00e9dit Municipal de Nice, pr\u00e9sid\u00e9 par Christian Estrosi, a d\u00e9cid\u00e9  le 20 mai, \u00e0 l\u2019unanimit\u00e9, de verser la somme de 180 000 euros au Centre Communal d\u2019Action Sociale (CCAS) de la Ville de Nice.<br class=\"texte\"\/><br \/>\nCette somme, qui repr\u00e9sente une partie du b\u00e9n\u00e9fice annuel de l\u2019\u00e9tablissement de cr\u00e9dit et d\u2019aide sociale, est en forte augmentation par rapport au don de l\u2019ann\u00e9e pr\u00e9c\u00e9dente (120 000 euros sur le r\u00e9sultat de l\u2019exercice 2023).<br class=\"autobr\"\/><br \/>\nElle apportera un soutien pr\u00e9cieux aux personnes les plus en difficult\u00e9 et renforcera les actions essentielles men\u00e9es par le CCAS. Dans un contexte marqu\u00e9 par des crises persistantes touchant un certain nombre de Ni\u00e7oises et de Ni\u00e7ois, cette d\u00e9cision r\u00e9affirme l\u2019engagement du Cr\u00e9dit Municipal de Nice en faveur des publics les plus vuln\u00e9rables.<\/p>\n","protected":false},"excerpt":{"rendered":"Depuis 1891, le Cr\u00e9dit Municipal accompagne les Ni\u00e7oises et les Ni\u00e7ois face aux impr\u00e9vus financiers. Lorsqu\u2019un besoin urgent&hellip;\n","protected":false},"author":2,"featured_media":117910,"comment_status":"","ping_status":"","sticky":false,"template":"","format":"standard","meta":{"footnotes":""},"categories":[2819],"tags":[1111,11,2408,1777,674,1011,27,12,2401,882,25],"class_list":{"0":"post-117909","1":"post","2":"type-post","3":"status-publish","4":"format-standard","5":"has-post-thumbnail","7":"category-nice","8":"tag-actu","9":"tag-actualites","10":"tag-appels-d","11":"tag-eu","12":"tag-europe","13":"tag-fr","14":"tag-france","15":"tag-news","16":"tag-nice","17":"tag-provence-alpes-cote-dazur","18":"tag-republique-francaise"},"share_on_mastodon":{"url":"https:\/\/pubeurope.com\/@fr\/114548138550330293","error":""},"_links":{"self":[{"href":"https:\/\/www.europesays.com\/fr\/wp-json\/wp\/v2\/posts\/117909","targetHints":{"allow":["GET"]}}],"collection":[{"href":"https:\/\/www.europesays.com\/fr\/wp-json\/wp\/v2\/posts"}],"about":[{"href":"https:\/\/www.europesays.com\/fr\/wp-json\/wp\/v2\/types\/post"}],"author":[{"embeddable":true,"href":"https:\/\/www.europesays.com\/fr\/wp-json\/wp\/v2\/users\/2"}],"replies":[{"embeddable":true,"href":"https:\/\/www.europesays.com\/fr\/wp-json\/wp\/v2\/comments?post=117909"}],"version-history":[{"count":0,"href":"https:\/\/www.europesays.com\/fr\/wp-json\/wp\/v2\/posts\/117909\/revisions"}],"wp:featuredmedia":[{"embeddable":true,"href":"https:\/\/www.europesays.com\/fr\/wp-json\/wp\/v2\/media\/117910"}],"wp:attachment":[{"href":"https:\/\/www.europesays.com\/fr\/wp-json\/wp\/v2\/media?parent=117909"}],"wp:term":[{"taxonomy":"category","embeddable":true,"href":"https:\/\/www.europesays.com\/fr\/wp-json\/wp\/v2\/categories?post=117909"},{"taxonomy":"post_tag","embeddable":true,"href":"https:\/\/www.europesays.com\/fr\/wp-json\/wp\/v2\/tags?post=117909"}],"curies":[{"name":"wp","href":"https:\/\/api.w.org\/{rel}","templated":true}]}}