{"id":117911,"date":"2025-05-21T22:17:17","date_gmt":"2025-05-21T22:17:17","guid":{"rendered":"https:\/\/www.europesays.com\/fr\/117911\/"},"modified":"2025-05-21T22:17:17","modified_gmt":"2025-05-21T22:17:17","slug":"le-nombre-de-tram-trains-a-augmente","status":"publish","type":"post","link":"https:\/\/www.europesays.com\/fr\/117911\/","title":{"rendered":"le nombre de tram-trains a augment\u00e9"},"content":{"rendered":"<p>            Par<br \/>\n        <strong><br \/>\n            <a href=\"https:\/\/actu.fr\/auteur\/morgane-mace\" title=\"Consulter tous les articles de Morgane Mac\u00e9\" target=\"_blank\" rel=\"noopener\">Morgane Mac\u00e9<\/a><br \/>\n        <\/strong><\/p>\n<p>        Publi\u00e9 le<\/p>\n<p>            21 mai 2025 \u00e0 17h25        <\/p>\n<p>La fr\u00e9quentation de son r\u00e9seau ferroviaire ayant bondi de plus de 50\u2009% entre\u00a02018 et\u00a02024, la r\u00e9gion des<b> Pays de la Loire<\/b> poursuit sa politique d\u2019investissement et d\u2019ouverture \u00e0 la concurrence, pour proposer davantage de trajets hebdomadaires aux voyageurs. Voici le d\u00e9tail la nouvelle offre, sur la ligne de <b>tram-train Nantes Ch\u00e2teaubriant <\/b>et les projets pr\u00e9vus en r\u00e9gion pour 2027.<\/p>\n<p>Nantes-Ch\u00e2teaubriant\u2009: le nombre de tram-trains a augment\u00e9<\/p>\n<p class=\" wall-content\">La r\u00e9gion des<b> pays de la Loire<\/b> annonce que la premi\u00e8re phase de sa politique d\u2019ouverture du r\u00e9seau ferroviaire \u00e0 la<b> concurrence<\/b> a port\u00e9 ses fruits.<\/p>\n<p class=\" wall-content\">Depuis le d\u00e9but de l\u2019ann\u00e9e, son offre a en effet \u00e9t\u00e9 renforc\u00e9e sur la ligne T1 Nantes Ch\u00e2teaubriant. La commune de<b> Nort-sur-Erdre<\/b> b\u00e9n\u00e9ficie d\u00e9sormais de <b>5,5 nouveaux allers-retours quotidiens <\/b>en semaine et de nouveaux services en fin de semaine, le vendredi soir et le dimanche.<\/p>\n<p class=\" wall-content\">Cette <b>offre <\/b>r\u00e9pond \u00e0 un besoin, puisque la fr\u00e9quentation du r\u00e9seau ferroviaire a augment\u00e9 de plus de 50\u2009% entre\u00a02018 et\u00a02024, avec <b>une augmentation de 10\u2009% en 2024<\/b>, comme le pr\u00e9cise la R\u00e9gion.<\/p>\n<p>Vid\u00e9os : en ce moment sur ActuPlus de trajets jusqu\u2019\u00e0 Nort-sur-Erdre et Ch\u00e2teaubriant<\/p>\n<p class=\" wall-content\">Tous les tram-trains qui allaient, jusqu\u2019en d\u00e9cembre\u00a02024, seulement \u00e0 Suc\u00e9-sur-Erdre, sont d\u00e9sormais <b>prolong\u00e9s jusqu\u2019\u00e0 Nort-sur-Erdre<\/b>. En semaine, dans cette commune, l\u2019offre passe de<b> 19,5 \u00e0 25 allers-retours <\/b>par jour.<\/p>\n<p class=\" wall-content\">Le vendredi soir, deux trajets, l\u2019un <b>Nantes\/Nort-sur-Erdre \u00e0 21\u2009h\u200935 <\/b>et l\u2019autre <b>Nantes\/Ch\u00e2teaubriant \u00e0 22\u2009h\u200935<\/b>, ont \u00e9t\u00e9 cr\u00e9\u00e9s pour assurer la correspondance avec les derniers TGV. Le dimanche, <b>un aller-retour Nantes\/Ch\u00e2teaubriant<\/b> \u00e0 <b>15\u2009h\u200910<\/b> a \u00e9t\u00e9 ajout\u00e9.<\/p>\n<p class=\" wall-content\">Enfin, l\u2019offre du samedi et du dimanche <b>entre Nantes et Nort-sur-Erdre<\/b> est harmonis\u00e9e \u00e0 <b>15 allers-retours<\/b>, soit au moins un toutes les heures.<\/p>\n<p>Les prochaines \u00e9tapes<\/p>\n<p class=\" wall-content\">D\u00e9termin\u00e9e \u00e0 \u00ab\u2009continuer d\u2019investir pour offrir aux usagers <b>un service de transport public<\/b> adapt\u00e9 \u00e0 leurs besoins\u2009\u00bb, la collectivit\u00e9 annonce une deuxi\u00e8me phase de d\u2019am\u00e9lioration de son offre qui sera effective <b>en janvier\u00a02027<\/b>.<\/p>\n<p class=\" wall-content\">Le nombre d\u2019<b>allers-retours<\/b> sur les lignes Nantes\/Saint-Gilles\/Pornic, Nantes\/Pornic, Nantes\/Sainte-Pazanne, Nantes\/Cholet, Nantes\/La Roche-sur-Yon, Nantes\/Les Sables-d\u2019Olonne et Angers\/Cholet sera ainsi augment\u00e9.<\/p>\n<p class=\" wall-content\">Une nouvelle halte ferroviaire \u00e0<b> Bouguenais<\/b>, \u00e0 proximit\u00e9 de l\u2019a\u00e9roport Nantes Atlantique verra le jour.<\/p>\n<p class=\" wall-content\">Suivez toute l\u2019actualit\u00e9 de vos villes et m\u00e9dias favoris en vous inscrivant \u00e0 <a href=\"https:\/\/moncompte.actu.fr\" title=\"D\u00e9couvez Mon Actu\" rel=\"nofollow noopener\" data-trk=\"{&quot;cta&quot;:{&quot;action&quot;:&quot;https:\\\/\\\/moncompte.actu.fr&quot;,&quot;category&quot;:&quot;mon compte&quot;,&quot;from&quot;:&quot;article footer&quot;,&quot;name&quot;:&quot;Mon actu&quot;,&quot;type&quot;:&quot;cta&quot;}}\" target=\"_blank\">Mon Actu<\/a>.<\/p>\n<ul class=\"ac-article-tag wall-content\">\n<li><a href=\"https:\/\/actu.fr\/tag\/tram-train-nantes-chateaubriant\" data-trk=\"{&quot;cta&quot;:{&quot;action&quot;:&quot;Tram-train Nantes-Ch\\u00e2teaubriant&quot;,&quot;category&quot;:&quot;tag&quot;,&quot;from&quot;:&quot;article footer&quot;,&quot;name&quot;:&quot;Tram-train Nantes-Ch\\u00e2teaubriant&quot;,&quot;type&quot;:&quot;cta&quot;}}\" target=\"_blank\" rel=\"noopener\">#Tram-train Nantes-Ch\u00e2teaubriant<\/a><\/li>\n<\/ul>\n","protected":false},"excerpt":{"rendered":"Par Morgane Mac\u00e9 Publi\u00e9 le 21 mai 2025 \u00e0 17h25 La fr\u00e9quentation de son r\u00e9seau ferroviaire ayant bondi&hellip;\n","protected":false},"author":2,"featured_media":117912,"comment_status":"","ping_status":"","sticky":false,"template":"","format":"standard","meta":{"footnotes":""},"categories":[2818],"tags":[1111,11,1777,674,1011,27,766,12,2636,25,104,23861],"class_list":{"0":"post-117911","1":"post","2":"type-post","3":"status-publish","4":"format-standard","5":"has-post-thumbnail","7":"category-nantes","8":"tag-actu","9":"tag-actualites","10":"tag-eu","11":"tag-europe","12":"tag-fr","13":"tag-france","14":"tag-nantes","15":"tag-news","16":"tag-pays-de-la-loire","17":"tag-republique-francaise","18":"tag-societe","19":"tag-tram-train-nantes-chateaubriant"},"share_on_mastodon":{"url":"https:\/\/pubeurope.com\/@fr\/114548142492293671","error":""},"_links":{"self":[{"href":"https:\/\/www.europesays.com\/fr\/wp-json\/wp\/v2\/posts\/117911","targetHints":{"allow":["GET"]}}],"collection":[{"href":"https:\/\/www.europesays.com\/fr\/wp-json\/wp\/v2\/posts"}],"about":[{"href":"https:\/\/www.europesays.com\/fr\/wp-json\/wp\/v2\/types\/post"}],"author":[{"embeddable":true,"href":"https:\/\/www.europesays.com\/fr\/wp-json\/wp\/v2\/users\/2"}],"replies":[{"embeddable":true,"href":"https:\/\/www.europesays.com\/fr\/wp-json\/wp\/v2\/comments?post=117911"}],"version-history":[{"count":0,"href":"https:\/\/www.europesays.com\/fr\/wp-json\/wp\/v2\/posts\/117911\/revisions"}],"wp:featuredmedia":[{"embeddable":true,"href":"https:\/\/www.europesays.com\/fr\/wp-json\/wp\/v2\/media\/117912"}],"wp:attachment":[{"href":"https:\/\/www.europesays.com\/fr\/wp-json\/wp\/v2\/media?parent=117911"}],"wp:term":[{"taxonomy":"category","embeddable":true,"href":"https:\/\/www.europesays.com\/fr\/wp-json\/wp\/v2\/categories?post=117911"},{"taxonomy":"post_tag","embeddable":true,"href":"https:\/\/www.europesays.com\/fr\/wp-json\/wp\/v2\/tags?post=117911"}],"curies":[{"name":"wp","href":"https:\/\/api.w.org\/{rel}","templated":true}]}}