{"id":117917,"date":"2025-05-21T22:20:13","date_gmt":"2025-05-21T22:20:13","guid":{"rendered":"https:\/\/www.europesays.com\/fr\/117917\/"},"modified":"2025-05-21T22:20:13","modified_gmt":"2025-05-21T22:20:13","slug":"girondins-de-bordeaux-le-club-signe-enfin-laccord-pour-le-haillan-avec-la-mairie","status":"publish","type":"post","link":"https:\/\/www.europesays.com\/fr\/117917\/","title":{"rendered":"Girondins de Bordeaux : le club signe enfin l&rsquo;accord pour le Haillan avec la mairie !"},"content":{"rendered":"<p><img decoding=\"async\" src=\"https:\/\/www.europesays.com\/fr\/wp-content\/uploads\/2025\/05\/671_c5a716eff2bfb8e507c87e382fb31dd8.jpg\" alt=\"Girondins de Bordeaux : le club signe enfin l'accord pour le Haillan avec la mairie !\" class=\"img-responsive mt-3\"\/><\/p>\n<p class=\"text-center mb-3\" style=\"font-size: 14px\">\u00a9 Iconsport<\/p>\n<p>      <strong>Mise en conformit\u00e9<\/strong><\/p>\n<p style=\"text-align: justify;\">Le maire de Bordeaux avait mis la pression \u00e0 G\u00e9rard Lopez, propri\u00e9taire des Girondins de Bordeaux, pour la signature de la nouvelle convention d&rsquo;occupation de la plaine des Sports du Haillan par le club. Un ultimatum avait \u00e9t\u00e9 fix\u00e9 par le club afin qu&rsquo;il r\u00e9gularise son occupation du centre d&rsquo;entrainement et qu&rsquo;il propose un \u00e9ch\u00e9ancier pour r\u00e9gler les 35 000\u20ac de dette \u00e0 la mairie.<\/p>\n<p style=\"text-align: justify;\">Ce mercredi, selon nos informations, la nouvelle convention d&rsquo;occupation a \u00e9t\u00e9 sign\u00e9e par le club. Le montant serait d&rsquo;environ 255 000\u20ac par an pour l&rsquo;occupation des entrains et d&rsquo;une partie du ch\u00e2teau avait indiqu\u00e9 Sud Ouest. Pr\u00e9c\u00e9dement, La chambre r\u00e9gionale des comptes avait rappel\u00e9 \u00e0 l&rsquo;ordre la commune de Bordeaux car le loyer \u00e9tait auparavant de 25 000\u20ac par ann\u00e9e.<\/p>\n<p style=\"text-align: justify;\">\u00c0 lire &gt;&gt; <strong><a href=\"https:\/\/www.webgirondins.com\/actualite-girondins-girondins-le-directeur-sportif-john-williams-face-a-la-justice-prison-et-interdiction-a-vie-requises-129143\" target=\"_blank\" rel=\"noopener nofollow\">Le directeur sportif John Williams face \u00e0 la justice &#8211; Prison et interdiction \u00e0 vie requises<\/a><br \/><\/strong><\/p>\n<p>Notre podcast court \u00e0 \u00e9couter :<\/p>\n<p>\u00a0<\/p>\n<p>\u00a0<\/p>\n<p>\u00a0<\/p>\n","protected":false},"excerpt":{"rendered":"\u00a9 Iconsport Mise en conformit\u00e9 Le maire de Bordeaux avait mis la pression \u00e0 G\u00e9rard Lopez, propri\u00e9taire des&hellip;\n","protected":false},"author":2,"featured_media":117918,"comment_status":"","ping_status":"","sticky":false,"template":"","format":"standard","meta":{"footnotes":""},"categories":[2817],"tags":[743,1111,11,3396,1997,5244,4963,6596,1777,674,1011,27,1987,6776,1110,3289,5415,6774,12,2043,2219,1234,6775,471,25,15298,3789,60,5238],"class_list":{"0":"post-117917","1":"post","2":"type-post","3":"status-publish","4":"format-standard","5":"has-post-thumbnail","7":"category-bordeaux","8":"tag-accord","9":"tag-actu","10":"tag-actualites","11":"tag-avec","12":"tag-bordeaux","13":"tag-club","14":"tag-convention","15":"tag-enfin","16":"tag-eu","17":"tag-europe","18":"tag-fr","19":"tag-france","20":"tag-girondins","21":"tag-haillan","22":"tag-informations","23":"tag-leur","24":"tag-mairie","25":"tag-mercredi","26":"tag-news","27":"tag-nouvelle","28":"tag-nouvelle-aquitaine","29":"tag-occupation","30":"tag-plaine","31":"tag-pour","32":"tag-republique-francaise","33":"tag-selon","34":"tag-signe","35":"tag-sports","36":"tag-webgirondins"},"share_on_mastodon":{"url":"https:\/\/pubeurope.com\/@fr\/114548154367840803","error":""},"_links":{"self":[{"href":"https:\/\/www.europesays.com\/fr\/wp-json\/wp\/v2\/posts\/117917","targetHints":{"allow":["GET"]}}],"collection":[{"href":"https:\/\/www.europesays.com\/fr\/wp-json\/wp\/v2\/posts"}],"about":[{"href":"https:\/\/www.europesays.com\/fr\/wp-json\/wp\/v2\/types\/post"}],"author":[{"embeddable":true,"href":"https:\/\/www.europesays.com\/fr\/wp-json\/wp\/v2\/users\/2"}],"replies":[{"embeddable":true,"href":"https:\/\/www.europesays.com\/fr\/wp-json\/wp\/v2\/comments?post=117917"}],"version-history":[{"count":0,"href":"https:\/\/www.europesays.com\/fr\/wp-json\/wp\/v2\/posts\/117917\/revisions"}],"wp:featuredmedia":[{"embeddable":true,"href":"https:\/\/www.europesays.com\/fr\/wp-json\/wp\/v2\/media\/117918"}],"wp:attachment":[{"href":"https:\/\/www.europesays.com\/fr\/wp-json\/wp\/v2\/media?parent=117917"}],"wp:term":[{"taxonomy":"category","embeddable":true,"href":"https:\/\/www.europesays.com\/fr\/wp-json\/wp\/v2\/categories?post=117917"},{"taxonomy":"post_tag","embeddable":true,"href":"https:\/\/www.europesays.com\/fr\/wp-json\/wp\/v2\/tags?post=117917"}],"curies":[{"name":"wp","href":"https:\/\/api.w.org\/{rel}","templated":true}]}}