{"id":117925,"date":"2025-05-21T22:24:14","date_gmt":"2025-05-21T22:24:14","guid":{"rendered":"https:\/\/www.europesays.com\/fr\/117925\/"},"modified":"2025-05-21T22:24:14","modified_gmt":"2025-05-21T22:24:14","slug":"institut-pasteur-lille-frederic-batteux-appelle-le-gouvernement-a-investir-dans-la-recherche","status":"publish","type":"post","link":"https:\/\/www.europesays.com\/fr\/117925\/","title":{"rendered":"Institut Pasteur Lille : Fr\u00e9d\u00e9ric Batteux appelle le gouvernement \u00e0 investir dans la recherche"},"content":{"rendered":"<p>                                        Pour Fr\u00e9d\u00e9ric Batteux, directeur de l\u2019Institut Pasteur de Lille, investir dans la recherche permettra d\u2019attirer les chercheurs am\u00e9ricains mais aussi et surtout d\u2019assurer le futur, de la France mais aussi du monde.<br \/>\n<img decoding=\"async\" class=\"wp-image-1130112 lazyload\" alt=\"\" src=\"https:\/\/www.europesays.com\/fr\/wp-content\/uploads\/2025\/05\/630\"\/><br \/>\nPour Fr\u00e9d\u00e9ric Batteux, si les \u00c9tats-Unis mettent de c\u00f4t\u00e9 la recherche, l\u2019Europe doit prendre le relais. \u00a9 Francois MARIN \/ Institut pasteur<\/p>\n<p>Nomm\u00e9 en septembre\u00a02024 directeur de l\u2019Institut Pasteur de Lille, Fr\u00e9d\u00e9ric Batteux est pass\u00e9 par les \u00c9tats-Unis o\u00f9 il a travaill\u00e9 deux ans. Il explique les cons\u00e9quences <a href=\"https:\/\/www.lemonde.fr\/idees\/article\/2025\/04\/16\/l-administration-trump-met-en-danger-la-recherche-scientifique_6596634_3232.html\" target=\"_blank\" rel=\"noopener\">des politiques anti-recherche de l\u2019administration Trump<\/a> \u00e0 court et long termes et pourquoi investir dans la recherche en France et en Europe est une n\u00e9cessit\u00e9.<\/p>\n<p><strong>Pourquoi cette interview ?<\/strong><br \/>Lundi 5\u00a0mai, le pr\u00e9sident de la R\u00e9publique fran\u00e7aise lan\u00e7ait depuis l\u2019amphith\u00e9\u00e2tre de la Sorbonne l\u2019initiative \u00ab\u00a0Choose Europe for Science\u00a0\u00bb qui a pour objectif, selon les mots du gouvernement, \u00ab\u00a0d\u2019inciter les chercheurs et les entrepreneurs publics et priv\u00e9s du monde entier \u00e0 choisir l\u2019Europe et la France pour exercer\u00a0\u00bb.<br \/>Une initiative qui s\u2019inscrit en r\u00e9action aux politiques de censure (interdiction d\u2019utiliser certains mots) et de restrictions budg\u00e9taires drastiques annonc\u00e9es et mises en place par le pr\u00e9sident des \u00c9tats-Unis Donald Trump dans le domaine de la recherche.Face aux annonces et mises en place des politiques de censures et de r\u00e9duction des moyens pour la recherche aux \u00c9tats-Unis, quelles ont \u00e9t\u00e9 vos premi\u00e8res pens\u00e9es\u00a0?<\/p>\n<p>J\u2019ai pens\u00e9 aux coll\u00e8gues \u00c9tats-Uniens. La recherche, c\u2019est une grande famille internationale, une \u00ab\u00a0\u00e9quipe monde\u00a0\u00bb. Quand des \u00e9quipes avancent, je m\u2019appuie sur elles pour faire avancer mes propres recherches. Ces politiques ont des effets sur la recherche dans son ensemble. Un chercheur doit \u00eatre libre de faire les hypoth\u00e8ses de recherche qu\u2019il veut car la recherche est par d\u00e9finition dans l\u2019incertain. Brider la recherche c\u2019est une n\u00e9gation de ce qu\u2019est la recherche. Qui plus est, les politiques de monsieur Trump tirent aussi sur l\u2019enseignement et ce qui m\u2019inqui\u00e8te ce sont les r\u00e9percussions \u00e0 long terme, on tire sur la recherche de demain. Or en recherche, quand on n\u2019avance pas, on recule. De mani\u00e8re g\u00e9n\u00e9rale, je suis extr\u00eamement triste de ce qui se passe aux \u00c9tats-Unis et je suis extr\u00eamement triste pour nos coll\u00e8gues. J\u2019ai le sentiment d\u2019un \u00e9norme g\u00e2chis et de beaucoup d\u2019injustice.<\/p>\n<p>Pourquoi le fait que ce soit les \u00c9tats-Unis rend l\u2019impact de ces politiques d\u2019autant plus important\u00a0?<\/p>\n<p>Au-del\u00e0 des budgets allou\u00e9s \u00e0 la recherche qui \u00e9taient tr\u00e8s importants, l\u2019impact est \u00e9norme car les \u00c9tats-Unis c\u2019\u00e9tait le pays de la libert\u00e9, de l\u2019innovation. Je fais partie d\u2019une g\u00e9n\u00e9ration o\u00f9 on allait aux \u00c9tats-Unis faire une partie de notre carri\u00e8re car aucune porte n\u2019y \u00e9tait ferm\u00e9e, on pouvait tout essayer et ce, gr\u00e2ce \u00e0 une \u00e9mulation scientifique importante qui reposait aussi sur le multiculturalisme.<\/p>\n<p>C\u2019est tout \u00e7a que ces politiques cassent et je ne peux pas le comprendre\u00a0: pourquoi casser cette alchimie\u00a0? Les \u00c9tats-Unis avaient pari\u00e9 sur le multiculturalisme et aujourd\u2019hui ce sont les chercheurs du monde entier qui vont avoir d\u00e9sormais du mal \u00e0 y aller\u2026 C\u2019est assez traumatisant et d\u00e9stabilisant pour l\u2019\u00e9quipe monde de la recherche.<\/p>\n<p>Quels impacts concrets ces mesures prises aux \u00c9tats-Unis ont-elles sur le monde\u00a0?<\/p>\n<p>Il y a les effets de collaboration sur certains programmes qui risquent d\u2019\u00eatre ralentis, moins financ\u00e9s\u2026 Par exemple, \u00e0 l\u2019Institut Pasteur de Lille nous \u00e9tudions la maladie d\u2019Alzheimer et on se pose beaucoup de questions car nous r\u00e9pondons souvent \u00e0 des appels d\u2019offres des \u00c9tats-Unis\u2026<\/p>\n<blockquote class=\"wp-block-quote is-layout-flow wp-block-quote-is-layout-flow\">\n<p><a href=\"https:\/\/terres-et-territoires.com\/des-diagnostics-precoces-mais-des-traitements-peu-efficaces\" target=\"_blank\" rel=\"noopener\">\u00c0 lire aussi : Notre rencontre avec Jean-Charles Lambert, sp\u00e9cialiste de la maladie d\u2019Alzheimer<\/a><\/p>\n<\/blockquote>\n<p>Un autre effet c\u2019est sur le sanitaire car les \u00c9tats-Unis sont tr\u00e8s impliqu\u00e9s dans la surveillance \u00e9pid\u00e9miologique et tout ce qui concerne les vaccins. Or, on peut l\u00e9gitimement se demander ce qu\u2019il va se passer dans ce domaine quand des personnes comme Robert Kennedy, antivaccin, est au minist\u00e8re de la Sant\u00e9\u2026 \u00c0 l\u2019Institut Pasteur, nous en sommes au stade de l\u2019\u00e9tude clinique pour un vaccin, et nous la r\u00e9alisons aux \u00c9tats-Unis. Cette \u00e9tude a \u00e9t\u00e9 valid\u00e9e juste avant les coupes \u00e0 la FDA (Food and drug administration, autorit\u00e9 responsable des essais cliniques, ndlr) mais que se serait-il pass\u00e9 si on avait fait la demande apr\u00e8s\u00a0?<\/p>\n<p>On peut aussi penser \u00e0 la recherche sur le r\u00e9chauffement climatique et donc sur la sant\u00e9 environnementale (car le r\u00e9chauffement climatique et ses effets ont des r\u00e9percussions sur la sant\u00e9 humaine, ndlr).<\/p>\n<p>Enfin, un des risques c\u2019est l\u2019alt\u00e9ration de la qualit\u00e9 des messages scientifiques car si on interdit des mots, des questions comment retranscrire correctement les \u00e9tudes scientifiques\u00a0? L\u00e0, les m\u00e9dias ont un r\u00f4le \u00e0 jouer.<\/p>\n<p>On a pu entendre dans les m\u00e9dias <a href=\"https:\/\/www.liberation.fr\/sciences\/choose-europe-for-science-pour-les-scientifiques-americains-un-accueil-en-france-dans-des-universites-delabrees-20250504_QGTCYN5GDJAFTFL7J3OSK3J74I\/\" target=\"_blank\" rel=\"noopener\">certains de vos coll\u00e8gues<\/a> indiquer que, s\u2019il \u00e9tait positif de vouloir favoriser l\u2019arriv\u00e9e de chercheurs \u00e9tats-uniens (entre autres) via des investissements, cela fait longtemps que la recherche en France pointe du doigt le manque de moyens qu\u2019elle rencontre.<\/p>\n<p>Je ne suis pas forc\u00e9ment pour faire le proc\u00e8s du pass\u00e9. En revanche, si on pense au pr\u00e9sent, investir dans la recherche et notamment dans la recherche fondamentale, c\u2019est assurer le futur. La recherche fondamentale consiste \u00e0 \u00e9tudier des \u00ab\u00a0m\u00e9canismes\u00a0\u00bb mais par exemple, dans le domaine de la sant\u00e9, elle n\u2019aboutit pas sur un vaccin, un m\u00e9dicament\u2026 En revanche, quand vous avez les m\u00e9canismes vous pouvez faire de la recherche appliqu\u00e9e ou translationnelle. Ce qui nous inqui\u00e8te c\u2019est que ces diff\u00e9rentes \u00e9tapes de la recherche ne soient pas bien \u00ab\u00a0nourries\u00a0\u00bb aux \u00c9tats-Unis.<\/p>\n<p>J\u2019encourage donc le gouvernement et l\u2019Union europ\u00e9enne \u00e0 choisir la recherche, \u00e0 investir, pour la rendre attractive. On a toujours ouvert nos portes \u00e0 tous, mais il faut acc\u00e9l\u00e9rer pour la sant\u00e9, le bien-\u00eatre et le vivre ensemble de tous. Les chercheurs am\u00e9ricains viendront mais aussi les autres. Il faut le penser comme une politique g\u00e9n\u00e9rale et non centr\u00e9e sur les chercheurs am\u00e9ricains. S\u2019il y a des investissements massifs, on peut devenir les leaders de la recherche, prendre le relais des \u00c9tats-Unis.\u00a0<\/p>\n<p><strong>Propos Recueillis par \u00c9glantine Puel<\/strong><\/p>\n","protected":false},"excerpt":{"rendered":"Pour Fr\u00e9d\u00e9ric Batteux, directeur de l\u2019Institut Pasteur de Lille, investir dans la recherche permettra d\u2019attirer les chercheurs am\u00e9ricains&hellip;\n","protected":false},"author":2,"featured_media":117926,"comment_status":"","ping_status":"","sticky":false,"template":"","format":"standard","meta":{"footnotes":""},"categories":[2815],"tags":[1111,11,1777,674,1011,27,811,1307,12,1308,23862,959,25,41],"class_list":{"0":"post-117925","1":"post","2":"type-post","3":"status-publish","4":"format-standard","5":"has-post-thumbnail","7":"category-lille","8":"tag-actu","9":"tag-actualites","10":"tag-eu","11":"tag-europe","12":"tag-fr","13":"tag-france","14":"tag-hauts-de-france","15":"tag-lille","16":"tag-news","17":"tag-nord","18":"tag-pas-de-calais","19":"tag-recherche","20":"tag-republique-francaise","21":"tag-sciences"},"share_on_mastodon":{"url":"https:\/\/pubeurope.com\/@fr\/114548169938901165","error":""},"_links":{"self":[{"href":"https:\/\/www.europesays.com\/fr\/wp-json\/wp\/v2\/posts\/117925","targetHints":{"allow":["GET"]}}],"collection":[{"href":"https:\/\/www.europesays.com\/fr\/wp-json\/wp\/v2\/posts"}],"about":[{"href":"https:\/\/www.europesays.com\/fr\/wp-json\/wp\/v2\/types\/post"}],"author":[{"embeddable":true,"href":"https:\/\/www.europesays.com\/fr\/wp-json\/wp\/v2\/users\/2"}],"replies":[{"embeddable":true,"href":"https:\/\/www.europesays.com\/fr\/wp-json\/wp\/v2\/comments?post=117925"}],"version-history":[{"count":0,"href":"https:\/\/www.europesays.com\/fr\/wp-json\/wp\/v2\/posts\/117925\/revisions"}],"wp:featuredmedia":[{"embeddable":true,"href":"https:\/\/www.europesays.com\/fr\/wp-json\/wp\/v2\/media\/117926"}],"wp:attachment":[{"href":"https:\/\/www.europesays.com\/fr\/wp-json\/wp\/v2\/media?parent=117925"}],"wp:term":[{"taxonomy":"category","embeddable":true,"href":"https:\/\/www.europesays.com\/fr\/wp-json\/wp\/v2\/categories?post=117925"},{"taxonomy":"post_tag","embeddable":true,"href":"https:\/\/www.europesays.com\/fr\/wp-json\/wp\/v2\/tags?post=117925"}],"curies":[{"name":"wp","href":"https:\/\/api.w.org\/{rel}","templated":true}]}}