{"id":117934,"date":"2025-05-21T22:29:12","date_gmt":"2025-05-21T22:29:12","guid":{"rendered":"https:\/\/www.europesays.com\/fr\/117934\/"},"modified":"2025-05-21T22:29:12","modified_gmt":"2025-05-21T22:29:12","slug":"bouygues-batiment-idf-et-leon-grosse-laureats-des-cles-dor","status":"publish","type":"post","link":"https:\/\/www.europesays.com\/fr\/117934\/","title":{"rendered":"Bouygues B\u00e2timent IDF et L\u00e9on Grosse, laur\u00e9ats des Cl\u00e9s d&rsquo;or"},"content":{"rendered":"<p>\nLe jury du concours EGF des Cl\u00e9s d&rsquo;or en Ile-de-France s&rsquo;est tenu le 3 avril. Sous la houlette de Houda Bendib, vice-pr\u00e9sidente du conseil r\u00e9gional de l&rsquo;Ordre des architectes, il a eu \u00e0 d\u00e9partager 21 op\u00e9rations, r\u00e9parties en deux cat\u00e9gories, \u00ab logement \u00bb et \u00ab non r\u00e9sidentiel \u00bb, au regard de trois crit\u00e8res : l&rsquo;innovation technique et op\u00e9rationnelle, la performance environnementale, la politique sociale et soci\u00e9tale.<\/p>\n<p>\nDans la cat\u00e9gorie \u00ab logement \u00bb, le prix revient \u00e0 <a title=\"L&#039;actualit\u00e9 BTP sur l&#039;entreprise Bouygues B\u00e2timent\" href=\"https:\/\/www.lemoniteur.fr\/bouygues-batiment\/\" rel=\"nofollow noopener\" target=\"\" class=\"lien-contextuel\">Bouygues B\u00e2timent<\/a> IDF Habitat R\u00e9sidentiel pour la construction de 404 appartements \u00e0 Romainville, en <a title=\"\" href=\"https:\/\/www.lemoniteur.fr\/seine-saint-denis\/\" rel=\"nofollow noopener\" target=\"\" class=\"lien-contextuel\">Seine-Saint-Denis<\/a> (ma\u00eetre d&rsquo;ouvrage : Cogedim ; architecte : Wilmotte &amp; Associ\u00e9s). Pour ce projet, l&rsquo;entreprise a notamment test\u00e9 le logiciel Buildots qui analyse automatiquement gr\u00e2ce \u00e0 l&rsquo;IA les donn\u00e9es captur\u00e9es sur le chantier par des cam\u00e9ras mont\u00e9es sur un casque et mis en place le \u00ab kitting \u00bb (livraison de kits de mat\u00e9riaux pr\u00eats \u00e0 \u00eatre utilis\u00e9s).<\/p>\n<p>Coh\u00e9rence visuelle<\/p>\n<p>\nDans la cat\u00e9gorie \u00ab non r\u00e9sidentiel \u00bb, L\u00e9on Grosse a \u00e9t\u00e9 distingu\u00e9 pour la r\u00e9novation \u00e9nerg\u00e9tique du tribunal judiciaire de Nanterre, dans les Hauts-de-Seine (MOA : minist\u00e8re de la Justice ; architecte : Patriarche). Les travaux, qui se sont d\u00e9roul\u00e9s en site occup\u00e9, ont permis de r\u00e9duire la consommation \u00e9nerg\u00e9tique de 57 %. Une grande attention a \u00e9t\u00e9 port\u00e9e au traitement des fa\u00e7ades afin de pr\u00e9server la coh\u00e9rence visuelle du b\u00e2timent con\u00e7u par Andr\u00e9 Wogenscky en 1973 et son int\u00e9gration dans la cit\u00e9 administrative. Cette op\u00e9ration devrait servir de chantier pilote aux autres projets de ce type men\u00e9s par le minist\u00e8re de la Justice.<\/p>\n<p>\nLes deux mentions sp\u00e9ciales attribu\u00e9es ont r\u00e9compens\u00e9 des filiales de Vinci Construction. La premi\u00e8re a salu\u00e9 le travail de GTM B\u00e2timent pour la transformation d&rsquo;un immeuble de bureaux en logements avec sur\u00e9l\u00e9vation en bois de deux niveaux, \u00e0 Paris XIVe (MOA : Gecina ; architecte : Viguier). La seconde a \u00e9t\u00e9 d\u00e9cern\u00e9e \u00e0 Bateg pour la r\u00e9alisation du programme tertiaire du secteur Universeine, dans le village des athl\u00e8tes, \u00e0 Saint-Denis (MOA : Vinci Immobilier, architecte : Chaix &amp; Morel). Ce projet de 66 750 m2 SP comprend environ 14 000 m2 r\u00e9habilit\u00e9s.<\/p>\n<p>\nLe jury national des Cl\u00e9s d&rsquo;or se d\u00e9roulera le 13 mai avant la remise des prix et des troph\u00e9es, le 17 juin.<\/p>\n<p class=\"editoTitleType1 editoTitleType1--lagoon is-uppercase\">S\u00e9lectionn\u00e9 <b>pour vous<\/b><\/p>\n<p><a class=\"editoCardType21__link editoCardType21__containerImage\" href=\"https:\/\/www.lemoniteur.fr\/article\/projet-vers-une-eau-pure-en-ile-de-france-veolia-a-demarre-les-tests.2345386\" data-xiti-name=\"2345386\" rel=\"nofollow noopener\" target=\"_blank\"><br \/>\n<img decoding=\"async\" src=\"data:image\/gif;base64,R0lGODdhAQABAPAAAMPDwwAAACwAAAAAAQABAAACAkQBADs=\" data-original=\"\/mediatheque\/0\/0\/8\/002434800_256x170_c.jpg\" alt=\"Projet \u00ab Vers une eau pure \u00bb en Ile-de-France : Veolia a d\u00e9marr\u00e9 les tests \"\/><br \/>\n<\/a><\/p>\n","protected":false},"excerpt":{"rendered":"Le jury du concours EGF des Cl\u00e9s d&rsquo;or en Ile-de-France s&rsquo;est tenu le 3 avril. Sous la houlette&hellip;\n","protected":false},"author":2,"featured_media":117935,"comment_status":"","ping_status":"","sticky":false,"template":"","format":"standard","meta":{"footnotes":""},"categories":[1592],"tags":[1111,11,1350,23864,1777,674,1011,27,2602,662,12,5077,626,19469,25],"class_list":{"0":"post-117934","1":"post","2":"type-post","3":"status-publish","4":"format-standard","5":"has-post-thumbnail","7":"category-ile-de-france","8":"tag-actu","9":"tag-actualites","10":"tag-architecture","11":"tag-conseil-regional-des-a","12":"tag-eu","13":"tag-europe","14":"tag-fr","15":"tag-france","16":"tag-grand-paris-ile-de-fra","17":"tag-ile-de-france","18":"tag-news","19":"tag-palmares","20":"tag-paris","21":"tag-realisations","22":"tag-republique-francaise"},"share_on_mastodon":{"url":"https:\/\/pubeurope.com\/@fr\/114548189710531063","error":""},"_links":{"self":[{"href":"https:\/\/www.europesays.com\/fr\/wp-json\/wp\/v2\/posts\/117934","targetHints":{"allow":["GET"]}}],"collection":[{"href":"https:\/\/www.europesays.com\/fr\/wp-json\/wp\/v2\/posts"}],"about":[{"href":"https:\/\/www.europesays.com\/fr\/wp-json\/wp\/v2\/types\/post"}],"author":[{"embeddable":true,"href":"https:\/\/www.europesays.com\/fr\/wp-json\/wp\/v2\/users\/2"}],"replies":[{"embeddable":true,"href":"https:\/\/www.europesays.com\/fr\/wp-json\/wp\/v2\/comments?post=117934"}],"version-history":[{"count":0,"href":"https:\/\/www.europesays.com\/fr\/wp-json\/wp\/v2\/posts\/117934\/revisions"}],"wp:featuredmedia":[{"embeddable":true,"href":"https:\/\/www.europesays.com\/fr\/wp-json\/wp\/v2\/media\/117935"}],"wp:attachment":[{"href":"https:\/\/www.europesays.com\/fr\/wp-json\/wp\/v2\/media?parent=117934"}],"wp:term":[{"taxonomy":"category","embeddable":true,"href":"https:\/\/www.europesays.com\/fr\/wp-json\/wp\/v2\/categories?post=117934"},{"taxonomy":"post_tag","embeddable":true,"href":"https:\/\/www.europesays.com\/fr\/wp-json\/wp\/v2\/tags?post=117934"}],"curies":[{"name":"wp","href":"https:\/\/api.w.org\/{rel}","templated":true}]}}