{"id":117938,"date":"2025-05-21T22:31:11","date_gmt":"2025-05-21T22:31:11","guid":{"rendered":"https:\/\/www.europesays.com\/fr\/117938\/"},"modified":"2025-05-21T22:31:11","modified_gmt":"2025-05-21T22:31:11","slug":"les-17-meilleurs-rooftops-de-paris-ou-passer-ses-soirees-dete","status":"publish","type":"post","link":"https:\/\/www.europesays.com\/fr\/117938\/","title":{"rendered":"Les 17 meilleurs rooftops de Paris o\u00f9 passer ses soir\u00e9es d&rsquo;\u00e9t\u00e9"},"content":{"rendered":"<p>Notre top des meilleurs rooftops de Paris<\/p>\n<p>Le plus haut rooftop de la ville dans une tour sign\u00e9e Jean Nouvel, une <a href=\"https:\/\/www.admagazine.fr\/article\/nouvelles-terrasses-ouvertes-aout\" target=\"_blank\" rel=\"noopener\">terrasse<\/a> plus intimiste Rive gauche pour profiter de la vue sur Notre-Dame, un restaurant gastronomique en haut d&rsquo;un immeuble haussmannien\u2026 Paris offre mille et une possibilit\u00e9s pour vivre l&rsquo;\u00e9t\u00e9 \u00e0 l&rsquo;ext\u00e9rieur, au gr\u00e9 du soleil et des cr\u00e9puscules. Cette ann\u00e9e, trois nouveaux rooftops parisiens font leur entr\u00e9e dans notre s\u00e9lection. Parmi eux, FUGA R, la nouvelle terrasse du Triangle d&rsquo;Or ; Han, le restaurant cor\u00e9en sur le toit du mus\u00e9e Guimet ; ou encore Aqua Kyoto, une table japonaise perch\u00e9e en haut des Champs \u00c9lys\u00e9es, avec une vue \u00e9poustouflante sur les monuments embl\u00e9matiques. Retrouvez notre classement des meilleurs <a href=\"https:\/\/www.admagazine.fr\/adadresses\/article\/de-la-muette-a-montmartre-les-rooftops-de-lete-a-paris\" target=\"_blank\" rel=\"noopener\">rooftops de Paris<\/a> o\u00f9 profiter des beaux jours sans plus attendre.<\/p>\n","protected":false},"excerpt":{"rendered":"Notre top des meilleurs rooftops de Paris Le plus haut rooftop de la ville dans une tour sign\u00e9e&hellip;\n","protected":false},"author":2,"featured_media":117939,"comment_status":"","ping_status":"","sticky":false,"template":"","format":"standard","meta":{"footnotes":""},"categories":[1888],"tags":[1111,1928,11,1927,1777,674,1011,27,12,1926,626,1925,25,23865,10022,7169],"class_list":{"0":"post-117938","1":"post","2":"type-post","3":"status-publish","4":"format-standard","5":"has-post-thumbnail","7":"category-paris","8":"tag-actu","9":"tag-actu-paris","10":"tag-actualites","11":"tag-actualites-paris","12":"tag-eu","13":"tag-europe","14":"tag-fr","15":"tag-france","16":"tag-news","17":"tag-news-paris","18":"tag-paris","19":"tag-paris-news","20":"tag-republique-francaise","21":"tag-restaurants-parisiens","22":"tag-rooftop","23":"tag-terrasses"},"share_on_mastodon":{"url":"https:\/\/pubeurope.com\/@fr\/114548197513623674","error":""},"_links":{"self":[{"href":"https:\/\/www.europesays.com\/fr\/wp-json\/wp\/v2\/posts\/117938","targetHints":{"allow":["GET"]}}],"collection":[{"href":"https:\/\/www.europesays.com\/fr\/wp-json\/wp\/v2\/posts"}],"about":[{"href":"https:\/\/www.europesays.com\/fr\/wp-json\/wp\/v2\/types\/post"}],"author":[{"embeddable":true,"href":"https:\/\/www.europesays.com\/fr\/wp-json\/wp\/v2\/users\/2"}],"replies":[{"embeddable":true,"href":"https:\/\/www.europesays.com\/fr\/wp-json\/wp\/v2\/comments?post=117938"}],"version-history":[{"count":0,"href":"https:\/\/www.europesays.com\/fr\/wp-json\/wp\/v2\/posts\/117938\/revisions"}],"wp:featuredmedia":[{"embeddable":true,"href":"https:\/\/www.europesays.com\/fr\/wp-json\/wp\/v2\/media\/117939"}],"wp:attachment":[{"href":"https:\/\/www.europesays.com\/fr\/wp-json\/wp\/v2\/media?parent=117938"}],"wp:term":[{"taxonomy":"category","embeddable":true,"href":"https:\/\/www.europesays.com\/fr\/wp-json\/wp\/v2\/categories?post=117938"},{"taxonomy":"post_tag","embeddable":true,"href":"https:\/\/www.europesays.com\/fr\/wp-json\/wp\/v2\/tags?post=117938"}],"curies":[{"name":"wp","href":"https:\/\/api.w.org\/{rel}","templated":true}]}}