{"id":117944,"date":"2025-05-21T22:34:09","date_gmt":"2025-05-21T22:34:09","guid":{"rendered":"https:\/\/www.europesays.com\/fr\/117944\/"},"modified":"2025-05-21T22:34:09","modified_gmt":"2025-05-21T22:34:09","slug":"a-notre-dame-de-paris-les-catholiques-veillent-et-prient-contre-leuthanasie","status":"publish","type":"post","link":"https:\/\/www.europesays.com\/fr\/117944\/","title":{"rendered":"\u00e0 Notre-Dame de Paris, les catholiques veillent et prient contre l\u2019euthanasie"},"content":{"rendered":"<p>La cath\u00e9drale de Paris accueillait mercredi soir une \u00abveill\u00e9e pour la vie\u00bb, au cours de laquelle 2000 fid\u00e8les ont manifest\u00e9 dans le recueillement leur attachement \u00e0 la dignit\u00e9 de la vie humaine \u00abdans toutes ses formes de fragilit\u00e9\u00bb.<\/p>\n<p class=\"fig-paragraph\">\u00c0 l\u2019appel des \u00e9v\u00eaques de France, l\u2019\u00c9glise catholique se jette \u00e0 corps perdu\u00a0<a href=\"http:\/\/www.lefigaro.fr\/actualite-france\/fin-de-vie-vent-debout-l-eglise-de-france-incite-les-fideles-a-interpeller-leurs-parlementaires-20250519\" data-fig-type=\"NewsFlash\" data-gtm-custom-categorie=\"navigation\" data-gtm-custom-action=\"crossclick\" data-gtm-custom-label=\"Contextuel\" data-gtm-event=\"customEventSPE\" data-fig-domain=\"LEFIGARO\" target=\"_blank\" rel=\"noopener\">dans la bataille contre le texte de loi ouvrant le droit \u00e0 l\u2019euthanasie<\/a>. Elle n\u2019est certes pas (tout \u00e0 fait) seule\u00a0: l\u2019ensemble des responsables des cultes, incluant aussi les autorit\u00e9s protestantes, orthodoxes, juives, musulmanes et bouddhistes,\u00a0<a href=\"https:\/\/eglise.catholique.fr\/espace-presse\/communiques-de-presse\/563926-fin-de-vie-crcf-dangers-rupture-anthropologique\/?at_medium=RSS%20feed&amp;at_campaign=ynews&amp;utm_source=yahoo&amp;utm_medium=rss&amp;utm_campaign=news_feed&amp;utm_content=in_article_link\" target=\"_blank\" rel=\"nofollow noopener\" data-gtm-custom-categorie=\"navigation\" data-gtm-custom-action=\"crossclick\" data-gtm-custom-label=\"Contextuel\" data-gtm-event=\"customEventSPE\">ont publi\u00e9 le 15 mai une tribune<\/a>\u00a0d\u00e9non\u00e7ant \u00ables dangers d\u2019une rupture anthropologique\u00bb caus\u00e9e par cette proposition de loi. Mais elle est la plus bruyante et la visible des institutions religieuses \u00e0 le faire. \u00c0 l\u2019image des 2000 fid\u00e8les r\u00e9unis mercredi soir \u00e0 Notre-Dame de Paris pour \u00abprier pour la vie\u00bb et manifester ainsi leur opposition \u00e0 l\u2019euthanasie, \u00e0 l\u2019occasion de la seizi\u00e8me \u00e9dition de cette veill\u00e9e annuelle de pri\u00e8re o\u00f9 la pi\u00e9t\u00e9 de l\u2019assembl\u00e9e se confronte aux d\u00e9bats br\u00fblants de l\u2019actualit\u00e9.<\/p>\n<p class=\"fig-paragraph\">Apr\u00e8s avoir demand\u00e9 \u00e0 tous les croyants de ne pas \u00abrester silencieux\u00bb et d\u2019interpeller les parlementaires pour \u00abdire non \u00e0 la l\u00e9galisation de l\u2019euthanasie et du suicide assist\u00e9\u00bb, les 12 \u00e9v\u00eaques d\u2019\u00cele-de-France pr\u00e9sents dans le ch\u0153ur de la cath\u00e9drale parisienne ont cette fois invit\u00e9 les participants au silence&#8230; du recueillement et de la pri\u00e8re. Face aux \u00abinqui\u00e9tudes\u00bb qui p\u00e8sent sur l\u2019\u00e9poque, l\u2019archev\u00eaque de Paris Mgr Laurent Ulrich qui pr\u00e9sidait la veill\u00e9e a propos\u00e9 \u00e0 l\u2019assembl\u00e9e de \u00abse tourner vers le Seigneur, pour que la raison l\u2019emporte\u00bb dans les choix politiques \u00e0 venir.<\/p>\n<p class=\"fig-body-link\">\n            \u00c0 lire aussi<br \/>\n        <a class=\"fig-body-link__link\" href=\"http:\/\/www.lefigaro.fr\/actualite-france\/fin-de-vie-vent-debout-l-eglise-de-france-incite-les-fideles-a-interpeller-leurs-parlementaires-20250519\" data-fig-type=\"NewsFlash\" data-gtm-custom-categorie=\"navigation\" data-gtm-custom-action=\"crossclick\" data-gtm-custom-label=\"Contextuel\" data-gtm-event=\"customEventSPE\" data-fig-domain=\"LEFIGARO\" target=\"_blank\" rel=\"noopener\">Fin de vie\u00a0: vent debout, l&rsquo;\u00c9glise de France incite les fid\u00e8les \u00e0 interpeller leurs parlementaires<br \/>\n    <\/a>\n<\/p>\n<p class=\"fig-paragraph\">Car c\u2019est d\u2019abord \u00e0 l\u2019appui de la raison, plus qu\u2019aux \u00e9vangiles et aux dogmes, que l\u2019\u00e9v\u00eaque auxiliaire de Paris Mgr Emmanuel Tois a expos\u00e9 les r\u00e9ticences de l\u2019\u00c9glise face aux journalistes rassembl\u00e9s sur le parvis. \u00abLa loi a toujours d\u00e9fendu la vie. Aujourd\u2019hui, celui qui aide une personne \u00e0 se suicider commet un crime. Demain, on autoriserait ce comportement dans le cas de personnes en fin de vie, sans m\u00eame d\u00e9finir clairement ce qu\u2019est la fin de vie\u00bb a-t-il poursuivi. \u00c0 ses c\u00f4t\u00e9s, l\u2019\u00e9v\u00eaque de Nanterre\u00a0<a href=\"http:\/\/www.lefigaro.fr\/vox\/religion\/mgr-rouge-progressiste-conservateur-leon-xiv-est-apparu-comme-etant-paisiblement-lui-meme-20250509\" data-fig-type=\"Article\" data-gtm-custom-categorie=\"navigation\" data-gtm-custom-action=\"crossclick\" data-gtm-custom-label=\"Contextuel\" data-gtm-event=\"customEventSPE\" data-fig-domain=\"LEFIGARO\" target=\"_blank\" rel=\"noopener\">Mgr Matthieu Roug\u00e9<\/a>\u00a0a ajout\u00e9 ne pas vouloir \u00absurdramatiser\u00bb les d\u00e9bats, notant que l\u2019examen du texte ne fait que commencer, et comptant sur \u00abla mobilisation aupr\u00e8s des parlementaires\u00bb pour faire entendre la voix de ceux qui d\u00e9fendent \u00abla vie dans toutes ses formes de fragilit\u00e9s\u00bb.<\/p>\n<p class=\"fig-paragraph\">Au-del\u00e0 de la pri\u00e8re, cette veill\u00e9e \u00e0 Notre-Dame doit donc encore constituer un t\u00e9moignage, selon Mgr Roug\u00e9\u00a0: \u00abNous devons montrer la direction de la vie, en pensant notamment aux soignants qui sont d\u00e9boussol\u00e9s face \u00e0 ce texte\u00bb.<\/p>\n<p class=\"fig-paragraph\">C\u2019est d\u2019ailleurs cette fragilit\u00e9 que les fid\u00e8les ont c\u00e9l\u00e9br\u00e9e tout au long de leur pri\u00e8re, chantant avec les ch\u0153urs des petits chanteurs de Rueil-Malmaison et de Notre-Dame de la Salette que \u00able royaume de Dieu\u00bb est pour \u00abvous qui peinez sous le poids du fardeau\u00bb et \u00abvous qui combattez contre la maladie\u00bb. Puis les chants ont laiss\u00e9 place \u00e0 la pri\u00e8re m\u00e9ditative et silencieuse devant le Saint-Sacrement expos\u00e9 sur l\u2019autel flambant neuf.<\/p>\n<p>La dignit\u00e9 d\u2019une m\u00e8re face \u00e0 la mort de son fils handicap\u00e9<\/p>\n<p class=\"fig-paragraph\">\u00c0 l\u2019aune du signe de la renaissance de Notre-Dame, reconstruite sur ses propres cendres, et dont l\u2019un des b\u00e2tisseurs a t\u00e9moign\u00e9 devant l\u2019assembl\u00e9e, les \u00e9v\u00eaques ont \u00e9galement laiss\u00e9 la parole \u00e0 Melvin, un jeune cat\u00e9chum\u00e8ne venu \u00e9voquer le souffle qu\u2019apporte \u00e0 l\u2019\u00c9glise le nombre grandissant des nouveaux baptis\u00e9s de P\u00e2ques.<\/p>\n<p class=\"fig-paragraph\">Mais c\u2019est en entendant les mots d\u2019Anne Charrier que l\u2019assistance a \u00e9t\u00e9 le plus \u00e9mue\u00a0: cette m\u00e8re de trois enfants s\u2019est confi\u00e9e longuement, dans une dignit\u00e9 applaudie copieusement par les fid\u00e8les, sur la vie et la mort de son fils Louis-Marie, emport\u00e9 l\u2019an dernier par une maladie neurod\u00e9g\u00e9n\u00e9rative. Lorsque le diagnostic fut annonc\u00e9 \u00e0 sa famille par les m\u00e9decins, son fils n\u2019avait plus que quelques mois \u00e0 vivre. Il est rest\u00e9 16 ans encore \u00e0 leurs c\u00f4t\u00e9s, entour\u00e9s d\u2019une \u00e9quipe de soins palliatifs dont la m\u00e8re de famille a salu\u00e9 l\u2019\u00e9coute, la bienveillance et l\u2019humanit\u00e9.<\/p>\n<p class=\"fig-body-link\">\n            \u00c0 lire aussi<br \/>\n        <a class=\"fig-body-link__link fig-premium-mark\" href=\"http:\/\/www.lefigaro.fr\/vox\/societe\/fin-de-vie-pourquoi-revenir-sur-une-loi-equilibree-et-risquer-d-aller-trop-loin-20250513\" data-fig-type=\"Article\" data-gtm-custom-categorie=\"navigation\" data-gtm-custom-action=\"crossclick\" data-gtm-custom-label=\"Contextuel\" data-gtm-event=\"customEventSPE\" data-fig-domain=\"LEFIGARO\" target=\"_blank\" rel=\"noopener\">\u00abFin de vie: pourquoi revenir sur une loi \u00e9quilibr\u00e9e et risquer d\u2019aller trop loin\u00a0?\u00bb<br \/>\n    <\/a>\n<\/p>\n<p class=\"fig-paragraph\">T\u00e9moignant de cette \u00e9preuve, elle a soulign\u00e9 les joies re\u00e7ues dans cette pr\u00e9sence diminu\u00e9e, mais v\u00e9cue \u00abjusqu\u2019au bout\u00bb dans une unit\u00e9 familiale qui a \u00abfait grandir\u00bb tous les membres de son foyer. \u00abJe n\u2019ai pas perdu seulement un fr\u00e8re mais un ami\u00bb, avait confi\u00e9 un autre de ses enfants apr\u00e8s la mort de Louis-Marie. Priv\u00e9 d\u2019une partie de ses facult\u00e9s sensorielles, le jeune malade avait gard\u00e9 l\u2019ou\u00efe, \u00abqui lui permettait d\u2019entendre le son de la musique, celui des visiteurs qui venaient l\u2019entourer\u00bb a t\u00e9moign\u00e9 sa m\u00e8re, qui se dit \u00abtransform\u00e9e\u00bb par cette \u00e9preuve. Tout au long de ces ann\u00e9es, elle a confi\u00e9 s\u2019\u00eatre appuy\u00e9e \u00absur l\u2019\u00c9vangile de l\u2019Annonciation, dans lequel la Vierge Marie dit \u00e0 Dieu\u00a0: que ta volont\u00e9 soit faite\u00bb.<\/p>\n<p class=\"fig-paragraph\">On songe en d\u00e9finitive, \u00e0 entendre le r\u00e9cit bouleversant de cette m\u00e8re pleine d\u2019esp\u00e9rance, \u00e0 la consolation qu\u2019elle a puis\u00e9e dans sa foi. Que peut offrir comme r\u00e9confort une soci\u00e9t\u00e9 s\u00e9cularis\u00e9e o\u00f9 les soins palliatifs, dernier refuge d\u2019humanit\u00e9 au seuil de la souffrance et de la mort, sont atrophi\u00e9s\u00a0? La r\u00e9ponse d\u2019un d\u00e9bat parlementaire qui diss\u00e8que l\u2019\u00e9preuve de la maladie \u00e0 l\u2019aune de la \u00abqualit\u00e9 de vie\u00bb (l\u2019expression est du rapporteur de la loi, le d\u00e9put\u00e9 Olivier Falorni) de chaque malade, sera-t-elle suffisante\u00a0?<\/p>\n","protected":false},"excerpt":{"rendered":"La cath\u00e9drale de Paris accueillait mercredi soir une \u00abveill\u00e9e pour la vie\u00bb, au cours de laquelle 2000 fid\u00e8les&hellip;\n","protected":false},"author":2,"featured_media":117945,"comment_status":"","ping_status":"","sticky":false,"template":"","format":"standard","meta":{"footnotes":""},"categories":[1888],"tags":[47,1058,1054,1059,1060,1055,11,1057,1777,674,17193,118,7977,1011,27,1061,303,12,3341,626,1062,25,656,104,1056,809],"class_list":{"0":"post-117944","1":"post","2":"type-post","3":"status-publish","4":"format-standard","5":"has-post-thumbnail","7":"category-paris","8":"tag-actualite","9":"tag-actualite-education","10":"tag-actualite-france","11":"tag-actualite-justice","12":"tag-actualite-securite","13":"tag-actualite-societe","14":"tag-actualites","15":"tag-education","16":"tag-eu","17":"tag-europe","18":"tag-euthanasie","19":"tag-faits-divers","20":"tag-fin-de-vie","21":"tag-fr","22":"tag-france","23":"tag-immigration","24":"tag-justice","25":"tag-news","26":"tag-notre-dame-de-paris","27":"tag-paris","28":"tag-polemique","29":"tag-republique-francaise","30":"tag-securite","31":"tag-societe","32":"tag-societe-francaise","33":"tag-violence"},"share_on_mastodon":{"url":"https:\/\/pubeurope.com\/@fr\/114548210474912633","error":""},"_links":{"self":[{"href":"https:\/\/www.europesays.com\/fr\/wp-json\/wp\/v2\/posts\/117944","targetHints":{"allow":["GET"]}}],"collection":[{"href":"https:\/\/www.europesays.com\/fr\/wp-json\/wp\/v2\/posts"}],"about":[{"href":"https:\/\/www.europesays.com\/fr\/wp-json\/wp\/v2\/types\/post"}],"author":[{"embeddable":true,"href":"https:\/\/www.europesays.com\/fr\/wp-json\/wp\/v2\/users\/2"}],"replies":[{"embeddable":true,"href":"https:\/\/www.europesays.com\/fr\/wp-json\/wp\/v2\/comments?post=117944"}],"version-history":[{"count":0,"href":"https:\/\/www.europesays.com\/fr\/wp-json\/wp\/v2\/posts\/117944\/revisions"}],"wp:featuredmedia":[{"embeddable":true,"href":"https:\/\/www.europesays.com\/fr\/wp-json\/wp\/v2\/media\/117945"}],"wp:attachment":[{"href":"https:\/\/www.europesays.com\/fr\/wp-json\/wp\/v2\/media?parent=117944"}],"wp:term":[{"taxonomy":"category","embeddable":true,"href":"https:\/\/www.europesays.com\/fr\/wp-json\/wp\/v2\/categories?post=117944"},{"taxonomy":"post_tag","embeddable":true,"href":"https:\/\/www.europesays.com\/fr\/wp-json\/wp\/v2\/tags?post=117944"}],"curies":[{"name":"wp","href":"https:\/\/api.w.org\/{rel}","templated":true}]}}