{"id":117946,"date":"2025-05-21T22:35:23","date_gmt":"2025-05-21T22:35:23","guid":{"rendered":"https:\/\/www.europesays.com\/fr\/117946\/"},"modified":"2025-05-21T22:35:23","modified_gmt":"2025-05-21T22:35:23","slug":"direct-ukraine-moscou-dement-faire-trainer-les-pourparlers","status":"publish","type":"post","link":"https:\/\/www.europesays.com\/fr\/117946\/","title":{"rendered":"DIRECT Ukraine: Moscou d\u00e9ment faire tra\u00eener les pourparlers"},"content":{"rendered":"<p>LiveGuerre en Ukraine \u2013 <\/p>\n<p>Un ex-d\u00e9put\u00e9 ukrainien prorusse tu\u00e9 par balles pr\u00e8s de MadridMoscou d\u00e9ment faire tra\u00eener les pourparlers en vue d\u2019une fin du conflitPoutine s\u2019est rendu mardi dans la r\u00e9gion de Koursk<\/p>\n<p class=\"ContentHead_lead____SsS link_regular__O0hk0 link_externalicon-big__ZdPgo link_externalicon__qcwXs\">Donald Trump et Vladimir Poutine se sont entretenus lundi au t\u00e9l\u00e9phone avec l\u2019objectif de \u00abmettre fin au bain de sang\u00bb. Suivez notre direct.<\/p>\n<p>Publi\u00e9: 17.02.2025, 12h54Mis \u00e0 jour il y a 19 minutesNos derniers articles sur la guerre en Ukraine:<\/p>\n<p>00h16<\/p>\n<p class=\"ArticleParagraph_root__lhFZo ArticleContainer_content-width__FRl7F link_focus__0ZMwx link_externalicon-big__ZdPgo link_externalicon__qcwXs ArticleParagraph_-ticker__Dbjmy ArticleElement_article-element__q93eL\">Plus de 80 s\u00e9nateurs am\u00e9ricains ont apport\u00e9 leur soutien \u00e0 une proposition de loi mercredi visant \u00e0 imposer de nouvelles sanctions contre la Russie, face \u00e0 ce qu\u2019ils consid\u00e8rent \u00eatre un manque de volont\u00e9 de Moscou de mettre fin \u00e0 la guerre en Ukraine.<\/p>\n<p class=\"ArticleParagraph_root__lhFZo ArticleContainer_content-width__FRl7F link_focus__0ZMwx link_externalicon-big__ZdPgo link_externalicon__qcwXs ArticleParagraph_-ticker__Dbjmy ArticleElement_article-element__q93eL\">Ces \u00e9lus issus des deux bords veulent mettre davantage la pression sur Vladimir Poutine, apr\u00e8s l\u2019\u00e9change au t\u00e9l\u00e9phone lundi entre le pr\u00e9sident russe et Donald Trump, qui n\u2019a pas abouti au cessez-le-feu esp\u00e9r\u00e9 par Kiev, ses partenaires europ\u00e9ens, et le pr\u00e9sident am\u00e9ricain.<\/p>\n<p class=\"ArticleParagraph_root__lhFZo ArticleContainer_content-width__FRl7F link_focus__0ZMwx link_externalicon-big__ZdPgo link_externalicon__qcwXs ArticleParagraph_-ticker__Dbjmy ArticleElement_article-element__q93eL\">Avec 81 cosignataires sur 100 s\u00e9nateurs, le texte dispose d\u2019un soutien large mais il n\u2019est pas encore certain que le chef r\u00e9publicain du S\u00e9nat d\u00e9cide de soumettre le texte au vote. John Thune a ainsi d\u00e9clar\u00e9 pr\u00e9f\u00e9r\u00e9 attendre les consignes de la Maison Blanche sur ce sujet.<\/p>\n<p>21.05.2025, 13h12<\/p>\n<p class=\"ArticleParagraph_root__lhFZo ArticleContainer_content-width__FRl7F link_focus__0ZMwx link_externalicon-big__ZdPgo link_externalicon__qcwXs ArticleParagraph_-ticker__Dbjmy ArticleElement_article-element__q93eL\">Le Premier ministre polonais a indiqu\u00e9 mercredi qu\u2019un navire russe de la \u00abflotte fant\u00f4me\u00bb a effectu\u00e9 \u00abdes man\u0153uvres suspectes \u00e0 proximit\u00e9 d\u2019un c\u00e2ble \u00e9nerg\u00e9tique reliant la Pologne \u00e0 la Su\u00e8de\u00bb.<\/p>\n<p class=\"EmbedBlocker_hint__uEF_d\">\u00c0 ce stade, vous trouverez des contenus externes suppl\u00e9mentaires. Si vous acceptez que des cookies soient plac\u00e9s par des fournisseurs externes et que des donn\u00e9es personnelles soient ainsi transmises \u00e0 ces derniers, vous devez autoriser tous les cookies et afficher directement le contenu externe.<\/p>\n<p>Autoriser les cookiesPlus d&rsquo;infos<\/p>\n<p class=\"ArticleParagraph_root__lhFZo ArticleContainer_content-width__FRl7F link_focus__0ZMwx link_externalicon-big__ZdPgo link_externalicon__qcwXs ArticleParagraph_-ticker__Dbjmy ArticleElement_article-element__q93eL\">\u00abApr\u00e8s une intervention efficace de notre arm\u00e9e, le navire est reparti vers l\u2019un des ports russes\u00bb, a indiqu\u00e9 Donald Tusk sur le r\u00e9seau X, le ministre de la D\u00e9fense pr\u00e9cisant aussit\u00f4t que l\u2019incident avait eu lieu la veille.<\/p>\n<p>21.05.2025, 12h44<\/p>\n<p class=\"ArticleParagraph_root__lhFZo ArticleContainer_content-width__FRl7F link_focus__0ZMwx link_externalicon-big__ZdPgo link_externalicon__qcwXs ArticleParagraph_-ticker__Dbjmy ArticleElement_article-element__q93eL\">Andriy Portnov, ancien chef adjoint de l\u2019administration pr\u00e9sidentielle ukrainienne sous la pr\u00e9sidence de Viktor Ianoukovitch, proche de la Russie, a \u00e9t\u00e9 tu\u00e9 par balles mercredi matin \u00e0 Pozuelo de Alarc\u00f3n, pr\u00e8s de Madrid, devant l\u2019\u00e9cole de ses enfants, a indiqu\u00e9 \u00e0 l\u2019AFP une source polici\u00e8re.<\/p>\n<p class=\"ArticleParagraph_root__lhFZo ArticleContainer_content-width__FRl7F link_focus__0ZMwx link_externalicon-big__ZdPgo link_externalicon__qcwXs ArticleParagraph_-ticker__Dbjmy ArticleElement_article-element__q93eL\">\u00abLa victime a re\u00e7u plusieurs coups de feu au moment o\u00f9 elle s\u2019appr\u00eatait \u00e0 monter dans une voiture. Plusieurs personnes lui ont tir\u00e9 dans le dos et dans la t\u00eate avant de fuir dans une zone bois\u00e9e\u00bb, a pr\u00e9cis\u00e9 cette source, confirmant qu\u2019il s\u2019agissait d\u2019Andriy Portnov, un ancien d\u00e9put\u00e9 \u00e9galement sanctionn\u00e9 par les Etats-Unis pour corruption.<\/p>\n<p>21.05.2025, 12h35<\/p>\n<p class=\"ArticleParagraph_root__lhFZo ArticleContainer_content-width__FRl7F link_focus__0ZMwx link_externalicon-big__ZdPgo link_externalicon__qcwXs ArticleParagraph_-ticker__Dbjmy ArticleElement_article-element__q93eL\">La Russie a d\u00e9menti mercredi faire tra\u00eener les pourparlers sur le r\u00e8glement du conflit en Ukraine, alors que Moscou et Kiev doivent pr\u00e9senter leurs conditions en vue d\u2019un cessez-le-feu, sur fond d\u2019efforts diplomatiques sous l\u2019\u00e9gide de Washington.<\/p>\n<p class=\"ArticleParagraph_root__lhFZo ArticleContainer_content-width__FRl7F link_focus__0ZMwx link_externalicon-big__ZdPgo link_externalicon__qcwXs ArticleParagraph_-ticker__Dbjmy ArticleElement_article-element__q93eL\">\u00abPersonne n\u2019a l\u2019int\u00e9r\u00eat \u00e0 faire tra\u00eener le processus. Tout le monde travaille de mani\u00e8re dynamique\u00bb, a assur\u00e9 le porte-parole du Kremlin, Dmitri Peskov, interrog\u00e9, lors de son briefing quotidien.<\/p>\n<p>21.05.2025, 08h47<\/p>\n<p class=\"ArticleParagraph_root__lhFZo ArticleContainer_content-width__FRl7F link_focus__0ZMwx link_externalicon-big__ZdPgo link_externalicon__qcwXs ArticleParagraph_-ticker__Dbjmy ArticleElement_article-element__q93eL\">Une attaque russe a tu\u00e9 mardi six soldats ukrainiens et bless\u00e9s plus de dix autres, a annonc\u00e9 la garde nationale ukrainienne mercredi.<\/p>\n<p class=\"ArticleParagraph_root__lhFZo ArticleContainer_content-width__FRl7F link_focus__0ZMwx link_externalicon-big__ZdPgo link_externalicon__qcwXs ArticleParagraph_-ticker__Dbjmy ArticleElement_article-element__q93eL\">\u00abSix soldats ont \u00e9t\u00e9 tu\u00e9s et plus de dix bless\u00e9s \u00e0 la suite de l\u2019attaque, alors qu\u2019ils effectuaient des exercices au champ de tir\u00bb, a expliqu\u00e9 la garde nationale sur Facebook, pr\u00e9cisant qu\u2019\u00bbune enqu\u00eate officielle est en cours\u00bb.<\/p>\n<p>21.05.2025, 08h05<\/p>\n<p class=\"ArticleParagraph_root__lhFZo ArticleContainer_content-width__FRl7F link_focus__0ZMwx link_externalicon-big__ZdPgo link_externalicon__qcwXs ArticleParagraph_-ticker__Dbjmy ArticleElement_article-element__q93eL\">Le pr\u00e9sident russe Vladimir Poutine s\u2019est rendu mardi dans la r\u00e9gion de Koursk, frontali\u00e8re de l\u2019Ukraine et dont la Russie a annonc\u00e9 la lib\u00e9ration des forces ukrainiennes fin avril, a indiqu\u00e9 mercredi le Kremlin dans un communiqu\u00e9.<\/p>\n<p><img decoding=\"async\" src=\"https:\/\/www.europesays.com\/fr\/wp-content\/uploads\/2025\/05\/BR-OwWDNK6jBusGOD5KxR0.jpg\" alt=\"Le pr\u00e9sident russe Vladimir Poutine prononce un discours par vid\u00e9oconf\u00e9rence depuis le Kremlin de Moscou lors de la Journ\u00e9e du d\u00e9fenseur de la patrie, le 23 f\u00e9vrier 2023.\" title=\"Le pr\u00e9sident russe Vladimir Poutine prononce un discours par vid\u00e9oconf\u00e9rence depuis le Kremlin de Moscou lors de la Journ\u00e9e du d\u00e9fenseur de la patrie, le 23 f\u00e9vrier 2023.\" class=\"ResponsiveImage_root__ZDz10 responsive-image\" loading=\"eager\" style=\"background-color:#C6B6AB\"\/><\/p>\n<p>AFP<\/p>\n<p class=\"ArticleParagraph_root__lhFZo ArticleContainer_content-width__FRl7F link_focus__0ZMwx link_externalicon-big__ZdPgo link_externalicon__qcwXs ArticleParagraph_-ticker__Dbjmy ArticleElement_article-element__q93eL\">\u00abVladimir Poutine a effectu\u00e9 la veille un d\u00e9placement de travail dans la r\u00e9gion de Koursk\u00bb o\u00f9 il a rencontr\u00e9 son gouverneur par int\u00e9rim Alexandre Khinste\u00efn et des repr\u00e9sentants des organisations b\u00e9n\u00e9voles, a pr\u00e9cis\u00e9 le Kremlin. La Russie avait affirm\u00e9 fin avril avoir enti\u00e8rement repris, \u00e0 l\u2019aide des combattants nord-cor\u00e9ens, la r\u00e9gion de Koursk, o\u00f9 les forces ukrainiennes avaient p\u00e9n\u00e9tr\u00e9 en ao\u00fbt 2024.<\/p>\n<p>21.05.2025, 07h53<\/p>\n<p class=\"ArticleParagraph_root__lhFZo ArticleContainer_content-width__FRl7F link_focus__0ZMwx link_externalicon-big__ZdPgo link_externalicon__qcwXs ArticleParagraph_-ticker__Dbjmy ArticleElement_article-element__q93eL\">La Russie a affirm\u00e9 mercredi avoir abattu en douze heures 159 drones ukrainiens dans plusieurs de ses r\u00e9gions. Ce deux jours apr\u00e8s un entretien t\u00e9l\u00e9phonique entre dirigeants russe et am\u00e9ricain qui n\u2019a pas abouti \u00e0 l\u2019annonce d\u2019un cessez-le-feu.<\/p>\n<p class=\"ArticleParagraph_root__lhFZo ArticleContainer_content-width__FRl7F link_focus__0ZMwx link_externalicon-big__ZdPgo link_externalicon__qcwXs ArticleParagraph_-ticker__Dbjmy ArticleElement_article-element__q93eL\">Ces attaques de drones interviennent dans un contexte d\u2019intenses efforts diplomatiques europ\u00e9ens, soutenus par les Etats-Unis, pour obtenir un cessez-le-feu de Moscou qui a lanc\u00e9 en f\u00e9vrier 2022 une offensive \u00e0 grande \u00e9chelle contre l\u2019Ukraine.<\/p>\n<p class=\"ArticleParagraph_root__lhFZo ArticleContainer_content-width__FRl7F link_focus__0ZMwx link_externalicon-big__ZdPgo link_externalicon__qcwXs ArticleParagraph_-ticker__Dbjmy ArticleElement_article-element__q93eL\">L\u2019arm\u00e9e ukrainienne envoie r\u00e9guli\u00e8rement des drones contre la Russie, en r\u00e9ponse aux frappes russes qui visent quotidiennement son territoire depuis trois ans.<\/p>\n<p><img decoding=\"async\" src=\"https:\/\/www.europesays.com\/fr\/wp-content\/uploads\/2025\/05\/8t3CagSSa_zAjUSY7y8ziO.jpg\" alt=\"V\u00e9hicules br\u00fbl\u00e9s stationn\u00e9s pr\u00e8s d\u2019un b\u00e2timent civil \u00e0 la suite d\u2019attaques de drones dans la r\u00e9gion de Kyiv, Ukraine, le 18 mai 2025, au milieu de l\u2019invasion russe.\" title=\"V\u00e9hicules br\u00fbl\u00e9s stationn\u00e9s pr\u00e8s d\u2019un b\u00e2timent civil \u00e0 la suite d\u2019attaques de drones dans la r\u00e9gion de Kyiv, Ukraine, le 18 mai 2025, au milieu de l\u2019invasion russe.\" class=\"ResponsiveImage_root__ZDz10 responsive-image\" loading=\"eager\" style=\"background-color:#71706A\"\/><\/p>\n<p>AFP<\/p>\n<p class=\"ArticleParagraph_root__lhFZo ArticleContainer_content-width__FRl7F link_focus__0ZMwx link_externalicon-big__ZdPgo link_externalicon__qcwXs ArticleParagraph_-ticker__Dbjmy ArticleElement_article-element__q93eL\">Selon un communiqu\u00e9 du minist\u00e8re russe de la D\u00e9fense, \u00ab127 drones ukrainiens ont \u00e9t\u00e9 intercept\u00e9s et d\u00e9truits\u00bb entre 19h00 mardi et 03h00 mercredi, ces appareils ayant notamment tent\u00e9 d\u2019attaquer les r\u00e9gions frontali\u00e8res russes de Briansk et de Koursk, ainsi que celle de Moscou. Trente-deux autres drones ont \u00e9t\u00e9 abattus entre 03h00 et 07h00 mercredi, selon la m\u00eame source.<\/p>\n<p>\u00abDans quelques jours\u00bb<\/p>\n<p class=\"ArticleParagraph_root__lhFZo ArticleContainer_content-width__FRl7F link_focus__0ZMwx link_externalicon-big__ZdPgo link_externalicon__qcwXs ArticleParagraph_-ticker__Dbjmy ArticleElement_article-element__q93eL\">Les premiers pourparlers russo-ukrainiens depuis 2022, qui ont eu lieu la semaine derni\u00e8re \u00e0 Istanbul, n\u2019ont pas abouti \u00e0 une avanc\u00e9e majeure vers une tr\u00eave en Ukraine, tout comme l\u2019appel t\u00e9l\u00e9phonique lundi entre Vladimir Poutine et Donald Trump.<\/p>\n<p class=\"ArticleParagraph_root__lhFZo ArticleContainer_content-width__FRl7F link_focus__0ZMwx link_externalicon-big__ZdPgo link_externalicon__qcwXs ArticleParagraph_-ticker__Dbjmy ArticleElement_article-element__q93eL\">Le chef de la diplomatie am\u00e9ricaine Marco Rubio a dit mardi s\u2019attendre \u00e0 ce que la Russie pr\u00e9sente \u00abdans quelques jours\u00bb ses termes en vue d\u2019un cessez-le-feu en Ukraine, alors que le pr\u00e9sident ukrainien Volodymyr Zelensky accuse Moscou de \u00abgagner du temps\u00bb.<\/p>\n<p class=\"ArticleParagraph_root__lhFZo ArticleContainer_content-width__FRl7F link_focus__0ZMwx link_externalicon-big__ZdPgo link_externalicon__qcwXs ArticleParagraph_-ticker__Dbjmy ArticleElement_article-element__q93eL\">En l\u2019\u00e9tat, les approches de l\u2019Ukraine et de la Russie s\u2019opposent : Kiev demande un cessez-le-feu \u00abinconditionnel\u00bb de 30 jours pour permettre des discussions de paix, tandis que Moscou part du principe que les n\u00e9gociations doivent se faire \u00absimultan\u00e9ment\u00bb aux combats.<\/p>\n<p>21.05.2025, 00h49<\/p>\n<p class=\"ArticleParagraph_root__lhFZo ArticleContainer_content-width__FRl7F link_focus__0ZMwx link_externalicon-big__ZdPgo link_externalicon__qcwXs ArticleParagraph_-ticker__Dbjmy ArticleElement_article-element__q93eL\">La pr\u00e9sence de l\u2019Ukraine au premier jour du G7 Finances au Canada est un \u00abmessage fort\u00bb pour le reste du monde, a d\u00e9clar\u00e9 mardi le ministre canadien des Finances Fran\u00e7ois-Philippe Champagne au c\u00f4t\u00e9 de son homologue ukrainien.<\/p>\n<p class=\"ArticleParagraph_root__lhFZo ArticleContainer_content-width__FRl7F link_focus__0ZMwx link_externalicon-big__ZdPgo link_externalicon__qcwXs ArticleParagraph_-ticker__Dbjmy ArticleElement_article-element__q93eL\">La venue du ministre Sergii Marchenko \u00abest un message tr\u00e8s fort d\u2019unit\u00e9 du G7 en soutien \u00e0 l\u2019Ukraine\u00bb, a affirm\u00e9 le ministre canadien lors de la conf\u00e9rence de presse d\u2019ouverture de l\u2019\u00e9v\u00e8nement.<\/p>\n<p>20.05.2025, 16h52<\/p>\n<p class=\"ArticleParagraph_root__lhFZo ArticleContainer_content-width__FRl7F link_focus__0ZMwx link_externalicon-big__ZdPgo link_externalicon__qcwXs ArticleParagraph_-ticker__Dbjmy ArticleElement_article-element__q93eL\">Le secr\u00e9taire d\u2019Etat am\u00e9ricain Marco Rubio a assur\u00e9 mardi que les Etats-Unis n\u2019ont fait aucune \u00abconcession\u00bb \u00e0 la Russie, en r\u00e9ponse aux critiques de la politique de l\u2019administration Trump vis-\u00e0-vis du conflit en Ukraine.<\/p>\n<p class=\"ArticleParagraph_root__lhFZo ArticleContainer_content-width__FRl7F link_focus__0ZMwx link_externalicon-big__ZdPgo link_externalicon__qcwXs ArticleParagraph_-ticker__Dbjmy ArticleElement_article-element__q93eL\">\u00abIl n\u2019a pas obtenu la moindre concession\u00bb, a d\u00e9clar\u00e9 Marco Rubio \u00e0 propos du pr\u00e9sident russe Vladimir Poutine, devant la commission des Affaires \u00e9trang\u00e8res du S\u00e9nat.<\/p>\n<p class=\"ArticleParagraph_root__lhFZo ArticleContainer_content-width__FRl7F link_focus__0ZMwx link_externalicon-big__ZdPgo link_externalicon__qcwXs ArticleParagraph_-ticker__Dbjmy ArticleElement_article-element__q93eL\">Le secr\u00e9taire d\u2019Etat am\u00e9ricain a \u00e9galement dit s\u2019attendre \u00e0 ce que la Russie pr\u00e9sente ses termes en vue d\u2019un cessez-le-feu en Ukraine \u00abdans quelques jours\u00bb.<\/p>\n<p class=\"ArticleParagraph_root__lhFZo ArticleContainer_content-width__FRl7F link_focus__0ZMwx link_externalicon-big__ZdPgo link_externalicon__qcwXs ArticleParagraph_-ticker__Dbjmy ArticleElement_article-element__q93eL\">\u00abA un moment donn\u00e9, assez rapidement, peut-\u00eatre dans quelques jours, peut-\u00eatre cette semaine, la partie russe va pr\u00e9senter les termes qu\u2019elle souhaiterait voir\u00bb pour avancer vers un cessez-le-feu, a d\u00e9clar\u00e9 Marco Rubio devant une commission s\u00e9natoriale.<\/p>\n<p>20.05.2025, 12h28<\/p>\n<p class=\"ArticleParagraph_root__lhFZo ArticleContainer_content-width__FRl7F link_focus__0ZMwx link_externalicon-big__ZdPgo link_externalicon__qcwXs ArticleParagraph_-ticker__Dbjmy ArticleElement_article-element__q93eL\">L\u2019Union europ\u00e9enne a adopt\u00e9 mardi un 17e paquet de sanctions contre la Russie, qui cible de nouveaux navires p\u00e9troliers \u00abfant\u00f4mes\u00bb utilis\u00e9s pour contourner les sanctions d\u00e9j\u00e0 existantes contre les exportations de p\u00e9trole russe, a annonc\u00e9 la cheffe de la diplomatie europ\u00e9enne Kaja Kallas.<\/p>\n<p><img decoding=\"async\" src=\"https:\/\/www.europesays.com\/fr\/wp-content\/uploads\/2025\/05\/B6fJicsRqoE9dyAq5gtWhz.jpg\" alt=\"Kaja Kallas r\u00e9pond aux questions des journalistes devant des drapeaux de l\u2019UE \u00e0 Bruxelles lors d\u2019une r\u00e9union, le 20 mai 2025.\" title=\"Kaja Kallas r\u00e9pond aux questions des journalistes devant des drapeaux de l\u2019UE \u00e0 Bruxelles lors d\u2019une r\u00e9union, le 20 mai 2025.\" class=\"ResponsiveImage_root__ZDz10 responsive-image\" loading=\"eager\" style=\"background-color:#59566B\"\/><\/p>\n<p>La cheffe de la diplomatie europ\u00e9enne Kaja Kallas.<\/p>\n<p>AFP<\/p>\n<p class=\"ArticleParagraph_root__lhFZo ArticleContainer_content-width__FRl7F link_focus__0ZMwx link_externalicon-big__ZdPgo link_externalicon__qcwXs ArticleParagraph_-ticker__Dbjmy ArticleElement_article-element__q93eL\">\u00abL\u2019UE a approuv\u00e9 son 17e +paquet+ de sanctions contre la Russie, qui vise pr\u00e8s de 200 navires de sa flotte fant\u00f4me\u00bb, a-t-elle \u00e9crit sur X, en marge d\u2019une r\u00e9union des ministres de la D\u00e9fense de l\u2019UE \u00e0 Bruxelles. \u00abD\u2019autres sanctions \u00e0 l\u2019encontre de la Russie sont en pr\u00e9paration. Plus la Russie m\u00e8nera la guerre, plus notre r\u00e9ponse sera s\u00e9v\u00e8re\u00bb, a-t-elle ajout\u00e9.<\/p>\n<p>20.05.2025, 11h40<\/p>\n<p class=\"ArticleParagraph_root__lhFZo ArticleContainer_content-width__FRl7F link_focus__0ZMwx link_externalicon-big__ZdPgo link_externalicon__qcwXs ArticleParagraph_-ticker__Dbjmy ArticleElement_article-element__q93eL\">Volodymyr Zelensky a accus\u00e9 mardi la Russie \u00abd\u2019essayer de gagner du temps\u00bb en faisant tra\u00eener les discussions en vue d\u2019un cessez-le-feu dans le seul but de \u00abpoursuivre\u00bb son invasion de l\u2019Ukraine, au lendemain d\u2019un appel entre Vladimir Poutine et Donald Trump sans r\u00e9sultats tangibles.<\/p>\n<p class=\"ArticleParagraph_root__lhFZo ArticleContainer_content-width__FRl7F link_focus__0ZMwx link_externalicon-big__ZdPgo link_externalicon__qcwXs ArticleParagraph_-ticker__Dbjmy ArticleElement_article-element__q93eL\">\u00abIl est \u00e9vident que la Russie tente de gagner du temps afin de poursuivre sa guerre et son occupation\u00bb, a indiqu\u00e9 sur les r\u00e9seaux sociaux le pr\u00e9sident ukrainien, d\u00e9non\u00e7ant les \u00abconditions irr\u00e9alistes\u00bb de Moscou.<\/p>\n<p>20.05.2025, 10h21<\/p>\n<p class=\"ArticleParagraph_root__lhFZo ArticleContainer_content-width__FRl7F link_focus__0ZMwx link_externalicon-big__ZdPgo link_externalicon__qcwXs ArticleParagraph_-ticker__Dbjmy ArticleElement_article-element__q93eL\">L\u2019entretien t\u00e9l\u00e9phonique entre le pr\u00e9sident am\u00e9ricain Donald Trump et son homologue russe Vladimir Poutine a montr\u00e9 que ce dernier n\u2019\u00e9tait \u00abpas pr\u00eat \u00e0 des concessions\u00bb sur l\u2019Ukraine, a d\u00e9clar\u00e9 mardi le ministre allemand de la D\u00e9fense Boris Pistorius.<\/p>\n<p><img decoding=\"async\" src=\"https:\/\/www.europesays.com\/fr\/wp-content\/uploads\/2025\/05\/6vdPX1XcKd3AgPyzZSp8YD.jpg\" alt=\"Le ministre allemand de la D\u00e9fense, Boris Pistorius, sourit lors d\u2019une photo de famille \u00e0 une r\u00e9union des ministres de la D\u00e9fense du Groupe des Cinq (E5) \u00e0 Rome, le 16 mai 2025.\" title=\"Le ministre allemand de la D\u00e9fense, Boris Pistorius, sourit lors d\u2019une photo de famille \u00e0 une r\u00e9union des ministres de la D\u00e9fense du Groupe des Cinq (E5) \u00e0 Rome, le 16 mai 2025.\" class=\"ResponsiveImage_root__ZDz10 responsive-image\" loading=\"eager\" style=\"background-color:#A8735D\"\/><\/p>\n<p>Le ministre allemand de la D\u00e9fense Boris Pistorius.<\/p>\n<p>AFP<\/p>\n<p class=\"ArticleParagraph_root__lhFZo ArticleContainer_content-width__FRl7F link_focus__0ZMwx link_externalicon-big__ZdPgo link_externalicon__qcwXs ArticleParagraph_-ticker__Dbjmy ArticleElement_article-element__q93eL\">\u00abIl n\u2019est toujours pas pr\u00eat \u00e0 faire des concessions et ne parle que d\u2019un cessez-le-feu \u00e0 ses conditions\u00bb, a-t-il d\u00e9clar\u00e9 \u00e0 son arriv\u00e9e \u00e0 Bruxelles pour une r\u00e9union des ministres de la D\u00e9fense de l\u2019UE.<\/p>\n<p>20.05.2025, 09h58<\/p>\n<p class=\"ArticleParagraph_root__lhFZo ArticleContainer_content-width__FRl7F link_focus__0ZMwx link_externalicon-big__ZdPgo link_externalicon__qcwXs ArticleParagraph_-ticker__Dbjmy ArticleElement_article-element__q93eL\">L\u2019Union europ\u00e9enne esp\u00e8re une \u00abr\u00e9action forte\u00bb de la part des Etats-Unis si la Russie continue \u00e0 refuser un cessez-le-feu en Ukraine, a d\u00e9clar\u00e9 mardi la cheffe de la diplomatie europ\u00e9enne Kaja Kallas.<\/p>\n<p class=\"ArticleParagraph_root__lhFZo ArticleContainer_content-width__FRl7F link_focus__0ZMwx link_externalicon-big__ZdPgo link_externalicon__qcwXs ArticleParagraph_-ticker__Dbjmy ArticleElement_article-element__q93eL\">\u00abLes Etats-Unis ont d\u00e9clar\u00e9 que si la Russie n\u2019acceptait pas un cessez-le-feu inconditionnel, il y aurait des cons\u00e9quences. Nous voulons donc voir ces cons\u00e9quences\u00bb, a-t-elle d\u00e9clar\u00e9 peu avant le d\u00e9but d\u2019une r\u00e9union des ministres de la D\u00e9fense de l\u2019UE \u00e0 Bruxelles.<\/p>\n<p>20.05.2025, 09h34<\/p>\n<p class=\"ArticleParagraph_root__lhFZo ArticleContainer_content-width__FRl7F link_focus__0ZMwx link_externalicon-big__ZdPgo link_externalicon__qcwXs ArticleParagraph_-ticker__Dbjmy ArticleElement_article-element__q93eL\">La Chine a apport\u00e9 son soutien mardi \u00e0 un \u00abdialogue direct\u00bb entre la Russie et l\u2019Ukraine, apr\u00e8s l\u2019annonce par Donald Trump du d\u00e9marrage \u00abimm\u00e9diat\u00bb de n\u00e9gociations entre ces deux pays en vue d\u2019un cessez-le-feu et d\u2019une fin de la guerre, dans la foul\u00e9e de son \u00e9change t\u00e9l\u00e9phonique avec Vladimir Poutine.<\/p>\n<p class=\"ArticleParagraph_root__lhFZo ArticleContainer_content-width__FRl7F link_focus__0ZMwx link_externalicon-big__ZdPgo link_externalicon__qcwXs ArticleParagraph_-ticker__Dbjmy ArticleElement_article-element__q93eL\">\u00abNous esp\u00e9rons que les parties concern\u00e9es continueront de chercher un accord de paix juste, durable et contraignant, acceptable par toutes les parties, par le dialogue et la n\u00e9gociation\u00bb, a indiqu\u00e9 lors d\u2019un point presse r\u00e9gulier Mao Ning, une porte-parole du minist\u00e8re chinois des Affaires \u00e9trang\u00e8res.<\/p>\n<p>19.05.2025, 22h09<\/p>\n<p class=\"ArticleParagraph_root__lhFZo ArticleContainer_content-width__FRl7F link_focus__0ZMwx link_externalicon-big__ZdPgo link_externalicon__qcwXs ArticleParagraph_-ticker__Dbjmy ArticleElement_article-element__q93eL\">De nouvelles sanctions am\u00e9ricaines impos\u00e9es \u00e0 la Russie \u00abseraient d\u00e9terminantes\u00bb sur sa capacit\u00e9 \u00e0 poursuivre son invasion de l\u2019Ukraine, a affirm\u00e9 lundi Volodymyr Zelensky, soulignant qu\u2019il fallait toutefois \u00abtravailler dur\u00bb pour convaincre Washington, au moment o\u00f9 Donald Trump souhaite normaliser les relations am\u00e9ricano-russes.<\/p>\n<p class=\"ArticleParagraph_root__lhFZo ArticleContainer_content-width__FRl7F link_focus__0ZMwx link_externalicon-big__ZdPgo link_externalicon__qcwXs ArticleParagraph_-ticker__Dbjmy ArticleElement_article-element__q93eL\">\u00abDes sanctions bancaires et \u00e9nerg\u00e9tiques am\u00e9ricaines d\u00e9termineraient en grande partie si (Vladimir) Poutine et l\u2019arm\u00e9e russe continueront \u00e0 tirer profit de cette guerre ou s\u2019ils seront confront\u00e9s \u00e0 de graves difficult\u00e9s \u00e9conomiques\u00bb, a dit Volodymyr Zelensky lors d\u2019une conf\u00e9rence de presse. \u00abNous devons tous travailler dur avec les \u00c9tats-Unis afin qu\u2019\u00e0 un moment donn\u00e9, lorsqu\u2019ils en seront capables, ils imposent des sanctions appropri\u00e9es\u00bb, a-t-il ajout\u00e9.<\/p>\n<p><img decoding=\"async\" src=\"https:\/\/www.europesays.com\/fr\/wp-content\/uploads\/2025\/05\/BTeiatx2qu9AFsKr2KH64T.jpg\" alt=\"Le pr\u00e9sident ukrainien Volodymyr Zelensky s\u2019adresse aux m\u00e9dias lors d\u2019un point presse \u00e0 Kyiv, le 19 mai 2025, suite \u00e0 son \u00e9change t\u00e9l\u00e9phonique avec le pr\u00e9sident des \u00c9tats-Unis.\" title=\"Le pr\u00e9sident ukrainien Volodymyr Zelensky s\u2019adresse aux m\u00e9dias lors d\u2019un point presse \u00e0 Kyiv, le 19 mai 2025, suite \u00e0 son \u00e9change t\u00e9l\u00e9phonique avec le pr\u00e9sident des \u00c9tats-Unis.\" class=\"ResponsiveImage_root__ZDz10 responsive-image\" loading=\"eager\" style=\"background-color:#4F4374\"\/><\/p>\n<p>Le pr\u00e9sident ukrainien Volodymyr Zelensky s\u2019adresse aux m\u00e9dias lors d\u2019un point-presse \u00e0 Kiev, le 19 mai 2025.<\/p>\n<p>AFP<\/p>\n<p>19.05.2025, 22h07<\/p>\n<p class=\"ArticleParagraph_root__lhFZo ArticleContainer_content-width__FRl7F link_focus__0ZMwx link_externalicon-big__ZdPgo link_externalicon__qcwXs ArticleParagraph_-ticker__Dbjmy ArticleElement_article-element__q93eL\">Le pr\u00e9sident russe Vladimir Poutine \u00abb\u00e9n\u00e9ficierait\u00bb d\u2019un \u00e9ventuel d\u00e9sengagement am\u00e9ricain des pourparlers de paix sur l\u2019Ukraine, a mis en garde lundi le pr\u00e9sident ukrainien Volodymyr Zelensky.<\/p>\n<p class=\"ArticleParagraph_root__lhFZo ArticleContainer_content-width__FRl7F link_focus__0ZMwx link_externalicon-big__ZdPgo link_externalicon__qcwXs ArticleParagraph_-ticker__Dbjmy ArticleElement_article-element__q93eL\">\u00abIl est essentiel pour nous tous que les Etats-Unis ne se distancient pas des n\u00e9gociations et de la recherche de la paix, car le seul \u00e0 en b\u00e9n\u00e9ficier serait Poutine\u00bb, a d\u00e9clar\u00e9 Volodymyr Zelensky sur les r\u00e9seaux sociaux \u00e0 la suite d\u2019un appel t\u00e9l\u00e9phonique entre Vladimir Poutine et Donald Trump.<\/p>\n<p class=\"EmbedBlocker_hint__uEF_d\">\u00c0 ce stade, vous trouverez des contenus externes suppl\u00e9mentaires. Si vous acceptez que des cookies soient plac\u00e9s par des fournisseurs externes et que des donn\u00e9es personnelles soient ainsi transmises \u00e0 ces derniers, vous devez autoriser tous les cookies et afficher directement le contenu externe.<\/p>\n<p>Autoriser les cookiesPlus d&rsquo;infos<\/p>\n<p>19.05.2025, 21h44<\/p>\n<p class=\"ArticleParagraph_root__lhFZo ArticleContainer_content-width__FRl7F link_focus__0ZMwx link_externalicon-big__ZdPgo link_externalicon__qcwXs ArticleParagraph_-ticker__Dbjmy ArticleElement_article-element__q93eL\">L\u2019Ukraine n\u2019acceptera pas de retirer son arm\u00e9e des r\u00e9gions encore sous son contr\u00f4le mais que Moscou affirme avoir enti\u00e8rement annex\u00e9es, a lanc\u00e9 lundi le pr\u00e9sident ukrainien Volodymyr Zelensky.<\/p>\n<p class=\"ArticleParagraph_root__lhFZo ArticleContainer_content-width__FRl7F link_focus__0ZMwx link_externalicon-big__ZdPgo link_externalicon__qcwXs ArticleParagraph_-ticker__Dbjmy ArticleElement_article-element__q93eL\">\u00abPersonne ne renoncera \u00e0 notre terre, \u00e0 nos territoires, \u00e0 nos gens\u00bb, a-t-il d\u00e9clar\u00e9 lors d\u2019une conf\u00e9rence de presse. \u00abSi la Russie pose des conditions pour le retrait de nos troupes de notre territoire, cela signifie qu\u2019elle ne souhaite pas de cessez-le-feu et ne veut pas que la guerre prenne fin\u00bb, a-t-il ajout\u00e9.<\/p>\n<p>19.05.2025, 21h15<\/p>\n<p class=\"ArticleParagraph_root__lhFZo ArticleContainer_content-width__FRl7F link_focus__0ZMwx link_externalicon-big__ZdPgo link_externalicon__qcwXs ArticleParagraph_-ticker__Dbjmy ArticleElement_article-element__q93eL\">Le pr\u00e9sident ukrainien Volodymyr Zelensky a dit lundi ne pas avoir de d\u00e9tails \u00e0 ce stade sur un \u00e9ventuel \u00abm\u00e9morandum\u00bb avec Moscou en vue d\u2019un potentiel accord de paix, comme \u00e9voqu\u00e9 entre Vladimir Poutine et Donald Trump selon le Kremlin, mais que Kiev serait pr\u00eate \u00e0 \u00e9tudier l\u2019offre russe.<\/p>\n<p class=\"ArticleParagraph_root__lhFZo ArticleContainer_content-width__FRl7F link_focus__0ZMwx link_externalicon-big__ZdPgo link_externalicon__qcwXs ArticleParagraph_-ticker__Dbjmy ArticleElement_article-element__q93eL\">\u00abPour l\u2019instant, je n\u2019en sais rien\u00bb, a-t-il reconnu lors d\u2019une conf\u00e9rence de presse \u00e0 Kiev. \u00abUne fois que nous aurons re\u00e7u le m\u00e9morandum ou les propositions des Russes, nous serons en mesure de formuler notre vision en cons\u00e9quence, telle que nous la concevons\u00bb, a-t-il ajout\u00e9.<\/p>\n<p><img decoding=\"async\" src=\"https:\/\/www.europesays.com\/fr\/wp-content\/uploads\/2025\/05\/BFETzFNjqXfBwOw-9RZyNl.jpg\" alt=\"Le pr\u00e9sident ukrainien Volodymyr Zelensky lors de la conf\u00e9rence de s\u00e9curit\u00e9 \u00e0 Munich, f\u00e9vrier 2025.\" title=\"Le pr\u00e9sident ukrainien Volodymyr Zelensky lors de la conf\u00e9rence de s\u00e9curit\u00e9 \u00e0 Munich, f\u00e9vrier 2025.\" class=\"ResponsiveImage_root__ZDz10 responsive-image\" loading=\"eager\" style=\"background-color:#624741\"\/><\/p>\n<p>AFP<\/p>\n<p>19.05.2025, 20h51<\/p>\n<p class=\"ArticleParagraph_root__lhFZo ArticleContainer_content-width__FRl7F link_focus__0ZMwx link_externalicon-big__ZdPgo link_externalicon__qcwXs ArticleParagraph_-ticker__Dbjmy ArticleElement_article-element__q93eL\">Donald Trump, Volodymyr Zelensky et des alli\u00e9s europ\u00e9ens de Kiev, dont Paris et Berlin, ont jug\u00e9 \u00abpositivement\u00bb lundi l\u2019offre du pape L\u00e9on XIV d\u2019accueillir au Vatican des pourparlers entre l\u2019Ukraine et la Russie, selon la cheffe du gouvernement italien.<\/p>\n<p class=\"ArticleParagraph_root__lhFZo ArticleContainer_content-width__FRl7F link_focus__0ZMwx link_externalicon-big__ZdPgo link_externalicon__qcwXs ArticleParagraph_-ticker__Dbjmy ArticleElement_article-element__q93eL\">Les pr\u00e9sidents am\u00e9ricain et ukrainien, le Fran\u00e7ais Emmanuel Macron, l\u2019Allemand Friedrich Merz, le Finlandais Alexander Stubb, l\u2019Italienne Giorgia Meloni ainsi que la pr\u00e9sidente de la Commission europ\u00e9enne Ursula von der Leyen se sont entretenus au t\u00e9l\u00e9phone lundi apr\u00e8s un appel entre M. Trump et le pr\u00e9sident russe Vladimir Poutine.<\/p>\n<p class=\"ArticleParagraph_root__lhFZo ArticleContainer_content-width__FRl7F link_focus__0ZMwx link_externalicon-big__ZdPgo link_externalicon__qcwXs ArticleParagraph_-ticker__Dbjmy ArticleElement_article-element__q93eL\">A cette occasion, \u00abla disponibilit\u00e9 du Saint-P\u00e8re pour accueillir des pourparlers au Vatican a \u00e9t\u00e9 jug\u00e9e positivement\u00bb, a indiqu\u00e9 Mme Meloni dans un communiqu\u00e9.<\/p>\n<p>19.05.2025, 19h59<\/p>\n<p class=\"ArticleParagraph_root__lhFZo ArticleContainer_content-width__FRl7F link_focus__0ZMwx link_externalicon-big__ZdPgo link_externalicon__qcwXs ArticleParagraph_-ticker__Dbjmy ArticleElement_article-element__q93eL\">Le pr\u00e9sident am\u00e9ricain Donald Trump a affirm\u00e9 lundi que la Russie et l\u2019Ukraine allaient \u00abd\u00e9marrer imm\u00e9diatement des n\u00e9gociations en vue d\u2019un cessez-le-feu\u00bb apr\u00e8s son appel avec son homologue russe Vladimir Poutine qui \u00abs\u2019est tr\u00e8s bien pass\u00e9\u00bb, selon lui.<\/p>\n<p class=\"ArticleParagraph_root__lhFZo ArticleContainer_content-width__FRl7F link_focus__0ZMwx link_externalicon-big__ZdPgo link_externalicon__qcwXs ArticleParagraph_-ticker__Dbjmy ArticleElement_article-element__q93eL\">\u00abLa Russie et l\u2019Ukraine vont d\u00e9marrer imm\u00e9diatement des n\u00e9gociations en vue d\u2019un cessez-le-feu, et de mani\u00e8re plus importante, en vue d\u2019une fin \u00e0 la guerre\u00bb, a d\u00e9clar\u00e9 le pr\u00e9sident am\u00e9ricain sur son r\u00e9seau Truth Social. \u00abQue le processus commence!\u00bb, conclut-il dans son long message.<\/p>\n<p><img decoding=\"async\" src=\"https:\/\/www.europesays.com\/fr\/wp-content\/uploads\/2025\/05\/BjgY1mN24G6A5H_nqA6jgT.jpg\" alt=\"Donald Trump prononce un discours pour marquer ses 100 jours en fonction au Macomb County Community College \u00e0 Warren, Michigan, le 29 avril 2025.\" title=\"Donald Trump prononce un discours pour marquer ses 100 jours en fonction au Macomb County Community College \u00e0 Warren, Michigan, le 29 avril 2025.\" class=\"ResponsiveImage_root__ZDz10 responsive-image\" loading=\"eager\" style=\"background-color:#755E4A\"\/><\/p>\n<p>AFP<\/p>\n<p class=\"Feedback_root__fr_Mi ArticleContainer_content-width__FRl7F\">Vous avez trouv\u00e9 une erreur?<a href=\"mailto:tes_correction@tamedia.ch?subject=Avis%20d'erreur%20%7C%20Mathilde%20Schott%20%7C%20Moscou%20d%C3%A9ment%20faire%20tra%C3%AEner%20les%20pourparlers&amp;body=J'ai%20trouv%C3%A9%20une%20erreur%20dans%20cet%20article%3A%20https%3A%2F%2Fwww.24heures.ch%2Fdirect-ukraine-ex-depute-ukrainien-tue-par-balles-pres-de-madrid-793933081883\" class=\"Feedback_feedbacklink__VyDCi link_underlinelink__K5Zr0\">Merci de nous la signaler.<\/a><\/p>\n<p>6331 commentaires<\/p>\n","protected":false},"excerpt":{"rendered":"LiveGuerre en Ukraine \u2013 Un ex-d\u00e9put\u00e9 ukrainien prorusse tu\u00e9 par balles pr\u00e8s de MadridMoscou d\u00e9ment faire tra\u00eener les&hellip;\n","protected":false},"author":2,"featured_media":117947,"comment_status":"","ping_status":"","sticky":false,"template":"","format":"standard","meta":{"footnotes":""},"categories":[1591],"tags":[11,75,1887,131,12,1885,1886,132,135,134],"class_list":{"0":"post-117946","1":"post","2":"type-post","3":"status-publish","4":"format-standard","5":"has-post-thumbnail","7":"category-russie","8":"tag-actualites","9":"tag-donald-trump","10":"tag-federation-de-russie","11":"tag-guerre-en-ukraine","12":"tag-news","13":"tag-russia","14":"tag-russian-federation","15":"tag-russie","16":"tag-vladimir-poutine","17":"tag-volodymyr-zelensky"},"share_on_mastodon":{"url":"https:\/\/pubeurope.com\/@fr\/114548213701657807","error":""},"_links":{"self":[{"href":"https:\/\/www.europesays.com\/fr\/wp-json\/wp\/v2\/posts\/117946","targetHints":{"allow":["GET"]}}],"collection":[{"href":"https:\/\/www.europesays.com\/fr\/wp-json\/wp\/v2\/posts"}],"about":[{"href":"https:\/\/www.europesays.com\/fr\/wp-json\/wp\/v2\/types\/post"}],"author":[{"embeddable":true,"href":"https:\/\/www.europesays.com\/fr\/wp-json\/wp\/v2\/users\/2"}],"replies":[{"embeddable":true,"href":"https:\/\/www.europesays.com\/fr\/wp-json\/wp\/v2\/comments?post=117946"}],"version-history":[{"count":0,"href":"https:\/\/www.europesays.com\/fr\/wp-json\/wp\/v2\/posts\/117946\/revisions"}],"wp:featuredmedia":[{"embeddable":true,"href":"https:\/\/www.europesays.com\/fr\/wp-json\/wp\/v2\/media\/117947"}],"wp:attachment":[{"href":"https:\/\/www.europesays.com\/fr\/wp-json\/wp\/v2\/media?parent=117946"}],"wp:term":[{"taxonomy":"category","embeddable":true,"href":"https:\/\/www.europesays.com\/fr\/wp-json\/wp\/v2\/categories?post=117946"},{"taxonomy":"post_tag","embeddable":true,"href":"https:\/\/www.europesays.com\/fr\/wp-json\/wp\/v2\/tags?post=117946"}],"curies":[{"name":"wp","href":"https:\/\/api.w.org\/{rel}","templated":true}]}}