{"id":117958,"date":"2025-05-21T22:41:15","date_gmt":"2025-05-21T22:41:15","guid":{"rendered":"https:\/\/www.europesays.com\/fr\/117958\/"},"modified":"2025-05-21T22:41:15","modified_gmt":"2025-05-21T22:41:15","slug":"cette-nouvelle-etape-dans-la-pression-de-lue-sur-israel-peut-elle-changer-la-donne","status":"publish","type":"post","link":"https:\/\/www.europesays.com\/fr\/117958\/","title":{"rendered":"cette nouvelle \u00e9tape dans la pression de l\u2019UE sur Isra\u00ebl peut-elle changer la donne\u00a0?"},"content":{"rendered":"<p>        <img decoding=\"async\" loading=\"lazy\" src=\"https:\/\/www.europesays.com\/fr\/wp-content\/uploads\/2025\/05\/e101ba0_1658608777402-5c92e4b42300003200adecb7.jpeg\"  width=\"728\" height=\"364\" alt=\"L\u2019Union europ\u00e9enne va r\u00e9examiner son accord d\u2019association avec Isra\u00ebl. \"\/>  <\/p>\n<p>EMMANUEL DUNAND \/ AFP<\/p>\n<p>L\u2019Union europ\u00e9enne va r\u00e9examiner son accord d\u2019association avec Isra\u00ebl. <\/p>\n<p class=\"asset asset-text\">GAZA &#8211; Un v\u00e9ritable changement de ton. Alors qu\u2019<a href=\"https:\/\/www.huffingtonpost.fr\/international\/article\/en-pleine-offensive-a-gaza-netanyahu-annonce-qu-israel-va-prendre-le-controle-de-tout-le-territoire_250224.html\" target=\"_blank\" rel=\"noopener\">Isra\u00ebl intensifie son offensive \u00e0 Gaza <\/a>et limite encore l\u2019entr\u00e9e de l\u2019aide humanitaire sur le territoire palestinien, l\u2019Union europ\u00e9enne (UE) a annonc\u00e9 mardi 20\u00a0mai<a href=\"https:\/\/www.huffingtonpost.fr\/international\/article\/face-a-la-strategie-de-netanyahu-a-gaza-quelle-est-cette-sanction-dont-paris-menace-israel_250272.html\" target=\"_blank\" rel=\"noopener\"> le r\u00e9examen de son accord d\u2019association avec Tel Aviv<\/a>. Une premi\u00e8re \u00e9tape vers une possible suspension du texte.<\/p>\n<p class=\"asset asset-text\">Cet accord, ratifi\u00e9 en 1995 et entr\u00e9 en vigueur en 2000, vise \u00e0 faciliter le dialogue politique et les \u00e9changes commerciaux entre le vieux continent et l\u2019\u00c9tat h\u00e9breu. Au regard de la situation \u00e0 Gaza, c\u2019est son article\u00a02\u00a0qui interroge les pays membres. Celui-ci pr\u00e9voit que \u00ab\u00a0les relations entre les parties, ainsi que toutes les dispositions de l\u2019accord lui-m\u00eame, sont fond\u00e9es sur le respect des droits de l\u2019Homme\u00a0\u00bb.<\/p>\n<p class=\"asset asset-text\">Mardi soir, depuis Bruxelles, 17 \u00c9tats membres, dont la France, ont vot\u00e9 pour que l\u2019UE v\u00e9rifie si Isra\u00ebl respecte bien cet article. Neuf pays, parmi lesquels l\u2019Allemagne et l\u2019Italie, s\u2019y sont oppos\u00e9s.<\/p>\n<p class=\"asset asset-text\">Cette annonce intervient dans un contexte de regain de tensions \u00e0 Gaza. Lundi 19\u00a0mai, le Premier ministre isra\u00e9lien a r\u00e9affirm\u00e9 son intention de prendre le contr\u00f4le de la totalit\u00e9 de la bande de Gaza, apr\u00e8s plusieurs jours de frappes intensives. La veille, l\u2019ex\u00e9cutif isra\u00e9lien a annonc\u00e9 la lev\u00e9e du blocus humanitaire impos\u00e9 depuis deux mois. Mais les quantit\u00e9s d\u2019aide autoris\u00e9es \u00e0 entrer dans l\u2019enclave palestinienne ont \u00e9t\u00e9 jug\u00e9es largement insuffisantes par l\u2019ONU plusieurs dirigeants internationaux.<\/p>\n<p>                     \u00ab\u00a0Un marqueur fort\u00a0\u00bb    <\/p>\n<p class=\"asset asset-text\">Ce vote \u00ab\u00a0est un marqueur fort, qui exprime l\u2019isolement accru d\u2019Isra\u00ebl sur la sc\u00e8ne internationale\u00a0\u00bb, estime David Rigoulet-Roze, chercheur associ\u00e9 \u00e0 l\u2019Institut de relations internationales et strat\u00e9giques (Iris), sp\u00e9cialiste du Moyen-Orient.<\/p>\n<p class=\"asset asset-text\">Il ne s\u2019agit cependant pas d\u2019une demande nouvelle. D\u00e8s f\u00e9vrier\u00a02024\u00a0&#8211; quatre mois apr\u00e8s l\u2019attaque du 7\u00a0octobre et le d\u00e9but de l\u2019offensive \u00e0 Gaza &#8211; le Premier ministre espagnol Pedro Sanchez et son homologue irlandais de l\u2019\u00e9poque Leo Varadkar avaient demand\u00e9 l\u2019\u00e9valuation en urgence du respect des obligations d\u2019Isra\u00ebl en mati\u00e8re de droits de l\u2019Homme. En vain.<\/p>\n<p class=\"asset asset-text\">\u00ab\u00a0Objectivement, la situation \u00e0 Gaza est devenue tellement catastrophique sur le plan humanitaire que l\u2019Union europ\u00e9enne se sentait dans l\u2019obligation de r\u00e9agir\u00a0\u00bb, analyse David Rigoulet-Roze.<\/p>\n<p class=\"asset asset-text\">Concr\u00e8tement, si la Commission europ\u00e9enne \u00e9tablit qu\u2019Isra\u00ebl ne respecte pas l\u2019article\u00a02 de l\u2019accord, plusieurs options sont envisageables\u00a0: une suspension totale de l\u2019accord, une suspension du volet politique ou une suspension du volet commercial. L\u2019UE peut aussi d\u00e9cider de ne pas prendre de sanction.<\/p>\n<p class=\"asset asset-text\">Pour une suspension totale ou une suspension de la partie politique, un vote \u00e0 l\u2019unanimit\u00e9 est exig\u00e9. Or, \u00ab\u00a0l\u2019Union europ\u00e9enne est loin d\u2019avoir une position unifi\u00e9e sur le sujet, comme l\u2019a montr\u00e9 le vote de mardi\u00a0\u00bb, souligne Emmanuel Dupuy, pr\u00e9sident de l\u2019Institut Prospective et S\u00e9curit\u00e9 en Europe (IPSE). \u00ab\u00a0D\u2019importants partenaires commerciaux d\u2019Isra\u00ebl comme l\u2019Allemagne ou l\u2019Italie y sont oppos\u00e9s\u00a0\u00bb, ajoute ce sp\u00e9cialiste des questions de D\u00e9fense.<\/p>\n<p>    Des effets limit\u00e9s    <\/p>\n<p class=\"asset asset-text\">Pour une suspension du versant commercial du partenariat, seul un vote \u00e0 la majorit\u00e9 qualifi\u00e9e est demand\u00e9. Cela n\u00e9cessite que 55\u00a0% des \u00c9tats membres expriment un vote favorable, soit 15 \u00c9tats sur 27. Les \u00c9tats membres qui soutiennent la proposition doivent \u00e9galement repr\u00e9senter 65\u00a0% de la population totale de l\u2019UE.<\/p>\n<p class=\"asset asset-text\">Une telle mesure aurait \u00ab\u00a0des cons\u00e9quences consid\u00e9rables sur l\u2019\u00e9conomie isra\u00e9lienne puisque l\u2019Union europ\u00e9enne est son premier partenaire commercial\u00a0\u00bb, pointe David Rigoulet-Roze. Selon <a href=\"https:\/\/policy.trade.ec.europa.eu\/eu-trade-relationships-country-and-region\/countries-and-regions\/israel_en\" target=\"_blank\" rel=\"noopener\" title=\"Nouvelle fen\u00eatre\">les chiffres de la Commission<\/a>, en 2024, 28,8\u00a0% des exportations isra\u00e9liennes \u00e9taient dirig\u00e9es vers l\u2019Europe et 34,2\u00a0% de ses importations en provenaient.<\/p>\n<p class=\"asset asset-text\">Mais pour Emmanuel Dupuy, cette mesure ne pourrait rester que \u00ab\u00a0symbolique\u00a0\u00bb. D\u2019abord, un tel processus \u00ab\u00a0prendrait plusieurs mois\u00a0\u00bb, rappelle-t-il. Par ailleurs, \u00ab\u00a0Isra\u00ebl a les capacit\u00e9s de s\u2019appuyer sur d\u2019autres partenaires commerciaux que l\u2019Union europ\u00e9enne\u00a0\u00bb, explique l\u2019expert.<\/p>\n<p class=\"asset asset-text\">Mais surtout, \u00ab\u00a0ce type de mesure a peu de chance de faire plier Benjamin Netanyahu, qui prend tr\u00e8s peu en compte les positions europ\u00e9ennes\u00a0\u00bb, d\u00e9crypte David Rigoulet-Roze. \u00ab\u00a0\u00c0 l\u2019inverse, cela risquerait d\u2019accentuer la d\u00e9fiance d\u2019Isra\u00ebl vis-\u00e0-vis de l\u2019Europe\u00a0\u00bb, consid\u00e8re le g\u00e9opolitologue.<\/p>\n<p class=\"asset asset-text\">Dans la foul\u00e9e du vote des 27, Isra\u00ebl a d\u2019ailleurs averti que \u00ab\u00a0les pressions ext\u00e9rieures ne (le) d\u00e9tourneront pas de sa voie pour d\u00e9fendre son existence et sa s\u00e9curit\u00e9\u00a0\u00bb.<\/p>\n<p class=\"asset asset-text\"><strong>\u00c0 voir \u00e9galement sur Le HuffPost\u00a0:<\/strong><\/p>\n<p> La lecture de ce contenu est susceptible d\u2019entra\u00eener un d\u00e9p\u00f4t de cookies de la part de l\u2019op\u00e9rateur tiers qui l\u2019h\u00e9berge. Compte-tenu des choix que vous avez exprim\u00e9s en mati\u00e8re de d\u00e9p\u00f4t de cookies, nous avons bloqu\u00e9 l\u2019affichage de ce contenu. Si vous souhaitez y acc\u00e9der, vous devez accepter la cat\u00e9gorie de cookies \u201cContenus tiers\u201d en cliquant sur le bouton ci-dessous. <\/p>\n<p> Lire la Vid\u00e9o                <\/p>\n","protected":false},"excerpt":{"rendered":"EMMANUEL DUNAND \/ AFP L\u2019Union europ\u00e9enne va r\u00e9examiner son accord d\u2019association avec Isra\u00ebl. GAZA &#8211; Un v\u00e9ritable changement&hellip;\n","protected":false},"author":2,"featured_media":117959,"comment_status":"","ping_status":"","sticky":false,"template":"","format":"standard","meta":{"footnotes":""},"categories":[1586],"tags":[11,1777,674,1779,1011,27,665,14,664,12,25,1778,364],"class_list":{"0":"post-117958","1":"post","2":"type-post","3":"status-publish","4":"format-standard","5":"has-post-thumbnail","7":"category-europe","8":"tag-actualites","9":"tag-eu","10":"tag-europe","11":"tag-european-union","12":"tag-fr","13":"tag-france","14":"tag-gaza","15":"tag-international","16":"tag-israel","17":"tag-news","18":"tag-republique-francaise","19":"tag-ue","20":"tag-union-europeenne"},"share_on_mastodon":{"url":"https:\/\/pubeurope.com\/@fr\/114548236907724843","error":""},"_links":{"self":[{"href":"https:\/\/www.europesays.com\/fr\/wp-json\/wp\/v2\/posts\/117958","targetHints":{"allow":["GET"]}}],"collection":[{"href":"https:\/\/www.europesays.com\/fr\/wp-json\/wp\/v2\/posts"}],"about":[{"href":"https:\/\/www.europesays.com\/fr\/wp-json\/wp\/v2\/types\/post"}],"author":[{"embeddable":true,"href":"https:\/\/www.europesays.com\/fr\/wp-json\/wp\/v2\/users\/2"}],"replies":[{"embeddable":true,"href":"https:\/\/www.europesays.com\/fr\/wp-json\/wp\/v2\/comments?post=117958"}],"version-history":[{"count":0,"href":"https:\/\/www.europesays.com\/fr\/wp-json\/wp\/v2\/posts\/117958\/revisions"}],"wp:featuredmedia":[{"embeddable":true,"href":"https:\/\/www.europesays.com\/fr\/wp-json\/wp\/v2\/media\/117959"}],"wp:attachment":[{"href":"https:\/\/www.europesays.com\/fr\/wp-json\/wp\/v2\/media?parent=117958"}],"wp:term":[{"taxonomy":"category","embeddable":true,"href":"https:\/\/www.europesays.com\/fr\/wp-json\/wp\/v2\/categories?post=117958"},{"taxonomy":"post_tag","embeddable":true,"href":"https:\/\/www.europesays.com\/fr\/wp-json\/wp\/v2\/tags?post=117958"}],"curies":[{"name":"wp","href":"https:\/\/api.w.org\/{rel}","templated":true}]}}