{"id":117964,"date":"2025-05-21T22:44:11","date_gmt":"2025-05-21T22:44:11","guid":{"rendered":"https:\/\/www.europesays.com\/fr\/117964\/"},"modified":"2025-05-21T22:44:11","modified_gmt":"2025-05-21T22:44:11","slug":"alain-espinasse-nomme-directeur-general-de-lofpra","status":"publish","type":"post","link":"https:\/\/www.europesays.com\/fr\/117964\/","title":{"rendered":"Alain Espinasse, nomm\u00e9 directeur g\u00e9n\u00e9ral de l&rsquo;Ofpra"},"content":{"rendered":"<p>                                    <a href=\"https:\/\/www.rfi.fr\/fr\/podcasts\/reportage-france\/\" title=\"Reportage France\" rel=\"nofollow noopener\" target=\"_blank\"><\/p>\n<p>        <img decoding=\"async\" fetchpriority=\"high\" src=\"https:\/\/www.europesays.com\/fr\/wp-content\/uploads\/2025\/05\/carre-3000-reportage-france.jpg\" alt=\"Image carr\u00e9e\"   width=\"480\" height=\"480\" loading=\"eager\" class=\"m-figure__img lazy\"\/><\/p>\n<p>                                    <\/a><\/p>\n<p class=\"t-content__chapo\">\n                                                L&rsquo;Office fran\u00e7ais de protection des r\u00e9fugi\u00e9s et apatrides, charg\u00e9 d&rsquo;accorder l&rsquo;asile aux personnes exil\u00e9es, a un nouveau directeur g\u00e9n\u00e9ral\u00a0: Alain Espinasse, 58\u00a0ans, ancien pr\u00e9fet du Finist\u00e8re, en Bretagne. Son nom, propos\u00e9 par le gouvernement, a \u00e9t\u00e9 valid\u00e9 par les d\u00e9put\u00e9s et les s\u00e9nateurs qui le recevaient mercredi. Il devra relever plusieurs d\u00e9fis de taille, alors que le nombre de dossiers de demandes d&rsquo;asile en France augmente significativement depuis dix ans et que les d\u00e9lais de traitement s&rsquo;allongent.                    <\/p>\n<p>        <img decoding=\"async\" fetchpriority=\"low\" src=\"https:\/\/www.europesays.com\/fr\/wp-content\/uploads\/2025\/05\/000_34JX38G_Ofpra.jpg\" alt=\"B\u00e2timent abritant l'OFPRA (Office fran\u00e7ais de protection des r\u00e9fugi\u00e9s et apatrides), \u00e0 Fontenay-sous-Bois, dans l'est de Paris.\"   width=\"980\" height=\"551\" loading=\"eager\" class=\"m-figure__img lazy\"\/><\/p>\n<p>                B\u00e2timent abritant l&rsquo;OFPRA (Office fran\u00e7ais de protection des r\u00e9fugi\u00e9s et apatrides), \u00e0 Fontenay-sous-Bois, dans l&rsquo;est de Paris.                \u00a9 AFP\/Miguel Medina            <\/p>\n","protected":false},"excerpt":{"rendered":"L&rsquo;Office fran\u00e7ais de protection des r\u00e9fugi\u00e9s et apatrides, charg\u00e9 d&rsquo;accorder l&rsquo;asile aux personnes exil\u00e9es, a un nouveau directeur&hellip;\n","protected":false},"author":2,"featured_media":117965,"comment_status":"","ping_status":"","sticky":false,"template":"","format":"standard","meta":{"footnotes":""},"categories":[4],"tags":[11,1011,27,12,13811,2495,5920,25],"class_list":{"0":"post-117964","1":"post","2":"type-post","3":"status-publish","4":"format-standard","5":"has-post-thumbnail","7":"category-france","8":"tag-actualites","9":"tag-fr","10":"tag-france","11":"tag-news","12":"tag-politique-francaise","13":"tag-refugies","14":"tag-reportage-france","15":"tag-republique-francaise"},"share_on_mastodon":{"url":"https:\/\/pubeurope.com\/@fr\/114548248667299646","error":""},"_links":{"self":[{"href":"https:\/\/www.europesays.com\/fr\/wp-json\/wp\/v2\/posts\/117964","targetHints":{"allow":["GET"]}}],"collection":[{"href":"https:\/\/www.europesays.com\/fr\/wp-json\/wp\/v2\/posts"}],"about":[{"href":"https:\/\/www.europesays.com\/fr\/wp-json\/wp\/v2\/types\/post"}],"author":[{"embeddable":true,"href":"https:\/\/www.europesays.com\/fr\/wp-json\/wp\/v2\/users\/2"}],"replies":[{"embeddable":true,"href":"https:\/\/www.europesays.com\/fr\/wp-json\/wp\/v2\/comments?post=117964"}],"version-history":[{"count":0,"href":"https:\/\/www.europesays.com\/fr\/wp-json\/wp\/v2\/posts\/117964\/revisions"}],"wp:featuredmedia":[{"embeddable":true,"href":"https:\/\/www.europesays.com\/fr\/wp-json\/wp\/v2\/media\/117965"}],"wp:attachment":[{"href":"https:\/\/www.europesays.com\/fr\/wp-json\/wp\/v2\/media?parent=117964"}],"wp:term":[{"taxonomy":"category","embeddable":true,"href":"https:\/\/www.europesays.com\/fr\/wp-json\/wp\/v2\/categories?post=117964"},{"taxonomy":"post_tag","embeddable":true,"href":"https:\/\/www.europesays.com\/fr\/wp-json\/wp\/v2\/tags?post=117964"}],"curies":[{"name":"wp","href":"https:\/\/api.w.org\/{rel}","templated":true}]}}