{"id":117980,"date":"2025-05-21T22:56:26","date_gmt":"2025-05-21T22:56:26","guid":{"rendered":"https:\/\/www.europesays.com\/fr\/117980\/"},"modified":"2025-05-21T22:56:26","modified_gmt":"2025-05-21T22:56:26","slug":"dedicaces-cercle-de-lecture-collecte-de-livres-doccasion-a-chateaulin-la-maison-qui-pousse-multiplie-les-actions","status":"publish","type":"post","link":"https:\/\/www.europesays.com\/fr\/117980\/","title":{"rendered":"D\u00e9dicaces, cercle de lecture, collecte de livres d\u2019occasion\u2026 \u00c0 Ch\u00e2teaulin, la Maison qui pousse multiplie les actions"},"content":{"rendered":"<p>Avec l\u2019arriv\u00e9e des beaux jours, les animations se succ\u00e8dent \u00e0 <a href=\"https:\/\/www.letelegramme.fr\/finistere\/chateaulin-29150\/la-maison-qui-pousse-prendra-le-relais-de-la-maison-de-la-presse-ce-jeudi-a-chateaulin-6648738.php\" title=\"www.letelegramme.fr\" target=\"_blank\" rel=\"noopener\">la Maison qui pousse, \u00e0 Ch\u00e2teaulin<\/a>. Vendredi 23 mai 2025, la librairie accompagnera trois auteurs, Pierre Tanguy, Yves Cotten et Johan G\u00e9ma, pr\u00e9sents pour leurs d\u00e9dicaces, <a href=\"https:\/\/www.letelegramme.fr\/finistere\/pleyben-29190\/haikus-lanternes-ceremonie-du-the-a-pleyben-la-fest-japan-sera-du-19-au-25-mai-6773657.php#:~:text=%C3%80%20Pleyben%2C%20la%20Fest%20Japan%20sera%20du%2019%20au%2025%20mai%20!,-Article%20r%C3%A9serv%C3%A9%20aux&amp;text=Une%20semaine%20d%C3%A9di%C3%A9e%20aux%20us,25%20mai%20sur%20la%20commune.\" title=\"www.letelegramme.fr\" target=\"_blank\" rel=\"noopener\">\u00e0 la f\u00eate du Japon de Pleyben \u00e0 partir de 18\u00a0h, salle Arvest<\/a>. Ces derniers font partie des membres du jury du concours de ha\u00efkus, dont les prix seront remis \u00e0 cette occasion. Pierre Tanguy, parrain de cette \u00e9dition, fera lecture de certains de ces po\u00e8mes.<\/p>\n<p>Le lendemain, samedi 24 mai, c\u2019est au tour de Daniel et H\u00e9l\u00e8ne Cariou rentrer dans la lumi\u00e8re. Ces auteurs avides de culture historique locale seront en d\u00e9dicace \u00e0 la Maison qui pousse d\u00e8s 9\u00a0h, avec chacun deux ouvrages en signature. Le premier pr\u00e9sentera deux nouveaux romans, intitul\u00e9s \u00ab\u00a0La Vengeance du crapaud\u00a0\u00bb et \u00ab\u00a0Les Filles de la ch\u00e2telaine\u00a0\u00bb, et la seconde, sp\u00e9cialiste de la broderie r\u00e9gionale, signera \u00ab\u00a0Fil et harmonie\u00a0\u00bb et \u00ab\u00a0La Bretagne de fil en aiguille\u00a0\u00bb.<\/p>\n<p>\u00ab\u00a0\u00c7a marche plut\u00f4t bien\u00a0!\u00a0\u00bb<\/p>\n<p>Ce m\u00eame jour, une collecte de livres d\u2019occasion est organis\u00e9e d\u00e8s 14\u00a0h, alors que Jean-Luc Feillant animera la vitrine des donateurs au sein de la librairie. Cette collecte, qui s\u2019effectue le samedi tous les quinze jours, permet d\u2019alimenter une librairie d\u2019occasion \u00e0 disposition dans la Maison qui pousse.<\/p>\n<p>Fr\u00e9d\u00e9ric Vasseur, salari\u00e9 de la structure, explique\u00a0: \u00ab\u00a0Cette collecte est g\u00e9r\u00e9e par les donateurs eux-m\u00eames, en vue d\u2019am\u00e9liorer le fonctionnement \u00e9conomique et sans alourdir la charge de travail des trois salari\u00e9s, et \u00e7a marche plut\u00f4t bien\u00a0!\u00a0\u00bb. Si la litt\u00e9rature r\u00e9cente alimente la plupart des \u00e9tag\u00e8res, les ouvrages enfants manquent encore de repr\u00e9sentativit\u00e9\u00a0: avis est lanc\u00e9 aux revendeurs\u00a0!<\/p>\n<p>Tables rondes et cercle de lecture<\/p>\n<p>\u00ab Notre plus grosse activit\u00e9 est celle du samedi 28 juin, o\u00f9 nous co-organisons, avec le Run ar Puns une rencontre de journalistes d\u2019investigations ind\u00e9pendants de Bretagne avec des tables rondes, conf\u00e9rences, fest noz et concert pour terminer la soir\u00e9e. 300 personnes sont attendues \u00e0 cet \u00e9v\u00e9nement et les places sont d\u00e9j\u00e0 en vente \u00e0 la maison de la presse \u00e0 partir de 5 \u20ac \u00bb, annonce Denis Le Goff, du comit\u00e9 de pilotage.<\/p>\n<p>Pour cl\u00f4re ce calendrier, le prochain cercle de lecture sera organis\u00e9 le dimanche 13 juillet de 15 h \u00e0 17 h. \u00ab Cette rencontre se d\u00e9roule environ tous les trois mois et permet de d\u00e9battre des livres coup de coeur, inciter \u00e0 lire ou permettre la d\u00e9couverte d\u2019un livre \u00bb, pr\u00e9cise Marie-Laure Floch, membre de l\u2019association. Pour ce rendez-vous, qui accueillera une dizaine de participants, \u00ab Enrag\u00e9e \u00bb de C\u00e9cile Alix, un roman ado retra\u00e7ant le parcours et les difficult\u00e9s d\u2019un migrant, sera au coeur des \u00e9changes.<\/p>\n<p>Pratique<\/p>\n<p class=\"note\">Maison qui pousse, 1 quai Jean-Moulin \u00e0 Ch\u00e2teaulin. T\u00e9l. 02\u00a098\u00a086\u00a002\u00a015.<\/p>\n","protected":false},"excerpt":{"rendered":"Avec l\u2019arriv\u00e9e des beaux jours, les animations se succ\u00e8dent \u00e0 la Maison qui pousse, \u00e0 Ch\u00e2teaulin. Vendredi 23&hellip;\n","protected":false},"author":2,"featured_media":117981,"comment_status":"","ping_status":"","sticky":false,"template":"","format":"standard","meta":{"footnotes":""},"categories":[1357],"tags":[1063,1379,6206,58,59,1011,27,1380,1393],"class_list":{"0":"post-117980","1":"post","2":"type-post","3":"status-publish","4":"format-standard","5":"has-post-thumbnail","7":"category-livres","8":"tag-animations","9":"tag-books","10":"tag-chateaulin","11":"tag-divertissement","12":"tag-entertainment","13":"tag-fr","14":"tag-france","15":"tag-livres","16":"tag-loisirs"},"share_on_mastodon":{"url":"https:\/\/pubeurope.com\/@fr\/114548295883688896","error":""},"_links":{"self":[{"href":"https:\/\/www.europesays.com\/fr\/wp-json\/wp\/v2\/posts\/117980","targetHints":{"allow":["GET"]}}],"collection":[{"href":"https:\/\/www.europesays.com\/fr\/wp-json\/wp\/v2\/posts"}],"about":[{"href":"https:\/\/www.europesays.com\/fr\/wp-json\/wp\/v2\/types\/post"}],"author":[{"embeddable":true,"href":"https:\/\/www.europesays.com\/fr\/wp-json\/wp\/v2\/users\/2"}],"replies":[{"embeddable":true,"href":"https:\/\/www.europesays.com\/fr\/wp-json\/wp\/v2\/comments?post=117980"}],"version-history":[{"count":0,"href":"https:\/\/www.europesays.com\/fr\/wp-json\/wp\/v2\/posts\/117980\/revisions"}],"wp:featuredmedia":[{"embeddable":true,"href":"https:\/\/www.europesays.com\/fr\/wp-json\/wp\/v2\/media\/117981"}],"wp:attachment":[{"href":"https:\/\/www.europesays.com\/fr\/wp-json\/wp\/v2\/media?parent=117980"}],"wp:term":[{"taxonomy":"category","embeddable":true,"href":"https:\/\/www.europesays.com\/fr\/wp-json\/wp\/v2\/categories?post=117980"},{"taxonomy":"post_tag","embeddable":true,"href":"https:\/\/www.europesays.com\/fr\/wp-json\/wp\/v2\/tags?post=117980"}],"curies":[{"name":"wp","href":"https:\/\/api.w.org\/{rel}","templated":true}]}}