{"id":117982,"date":"2025-05-21T22:57:10","date_gmt":"2025-05-21T22:57:10","guid":{"rendered":"https:\/\/www.europesays.com\/fr\/117982\/"},"modified":"2025-05-21T22:57:10","modified_gmt":"2025-05-21T22:57:10","slug":"avant-premiere-ici-tout-commence-du-23-mai-2025-episode-1182-tf1","status":"publish","type":"post","link":"https:\/\/www.europesays.com\/fr\/117982\/","title":{"rendered":"Avant-premi\u00e8re &#8211; Ici tout commence du 23 mai 2025 &#8211; Episode 1182 &#8211; TF1+"},"content":{"rendered":"<ol>\n<li><a href=\"https:\/\/news.google.com\/rss\/articles\/CBMivwFBVV95cUxNTGpaT2dIVG1Ham5JNDF1LXJiTFZKczJaVVdKQk5RMzdBbG82a0FJeF9tbHFXMVZJSmNxM0J4endVbmxwSjBWVTVLczZyRnBsbGd6TmdESFc2T2lzWFF5MnZkQmJud0pQR05ob3ZYY2xfNWdWbnlvc1hUZFZ1VnhOTElsei1JZ25fQ2tmVVUwNGV2N0Q5cXJmaXZsUVVFd2ctR056MWp0T0JpTWlPMkROcHA4TlZWVldnQXVwUTlUMA?oc=5\" target=\"_blank\" rel=\"noopener\">Avant-premi\u00e8re &#8211; Ici tout commence du 23 mai 2025 &#8211; Episode 1182<\/a>&nbsp;&nbsp;TF1+<\/li>\n<li><a href=\"https:\/\/news.google.com\/rss\/articles\/CBMifkFVX3lxTE1HQUpwNDI4TVhUaHcyZFJncEJaYmN3YzR6YUtQV1dHNVhob0phTXV0X0g4TEtVOWhGajRDZG4xRWVldWlGYVFTZDVEMTZfZ243NVA2RWd6WU9BMWlWUkNITGVsb0RTNlVwbzEwM2RscFkxOTdScDhabUhDaF8tdw?oc=5\" target=\"_blank\" rel=\"noopener\">Ici tout commence : \u00ab\u00a0J&rsquo;ai eu vent de quelques commentaires virulents&#8230;\u00a0\u00bb, Avy Marciano r\u00e9agit aux critiques des fans contre Paul<\/a>&nbsp;&nbsp;AlloCin\u00e9<\/li>\n<li><a href=\"https:\/\/news.google.com\/rss\/articles\/CBMi3wFBVV95cUxOWk9Kbm9BNi1QSWtCbF82NkdlaVFuWWxXRk1QTXh3d0JnLW9yeXpYcUwwVVFrZVp4bkVDV1Q5TWJEbHQ4OEozN1cwai1iVUdmakhUSF9UV05tMm90bFV1VU1rbmZjMGltbVJBcGFoMl9xaDVuMHFvTUM5dGE5Z0NDRmlQQWlhNVZDU1NlUTY1SjVOOHZ6LXFfRkNBRXVMNGwxRkMxLUN2SGtQdjVTSmhWNVhRTEN3OTNvN0ljenM3TEJzSG1VbzUtU0lDTmZKb0FQWFR0bTNla04tanhFWHVz?oc=5\" target=\"_blank\" rel=\"noopener\">Ici tout commence : St\u00e9phane Blancafort se confie sur la descente aux enfers de son personnage Marc Leroy<\/a>&nbsp;&nbsp;CesoirTV<\/li>\n<li><a href=\"https:\/\/news.google.com\/rss\/articles\/CBMipwJBVV95cUxNcl8zbHBocmQ4UjhPZ0RjR3VGN0VSazRQTkJOZU1QUk9CSFV4dnhjck5iRjRuSE9ZRHpfYWFfeFBsdXVzaUJaSTFPQjFVUHdTNm1MZDZEV2ZGa0c4VnhUdUVzTzVlZnRSd051QkFJdmZVMlRUSUZvREVjbGY4SFRjT29VaElQamxCN1pGRnBldEVQaURwOG16dTFzWHZOeGVKdkgzVmViS0E3ZmZYeXd5TUdqR2htVklLU0pNX0N0dFNuMHV4LUktLWJqQ2w3NWZrMTZHa2o4XzRSMU5sSVZEVnJuc0FCUWNSTU5zSkJZcmJaR1VsV3l1a0hQcG40OEVpZXpZb2lfdlp6Y2JkdE1oM2tUVGI3RWIwSnZyS1Vfdmo0LXNFRnJz?oc=5\" target=\"_blank\" rel=\"noopener\">Ici tout commence en avance : Rose vote pour le renvoi de Marc alors que Jim lui a r\u00e9v\u00e9l\u00e9 le chantage de Paul\u2026 Le r\u00e9sum\u00e9 de l\u2019\u00e9pisode 1181 du jeudi 22 mai 2025<\/a>&nbsp;&nbsp;T\u00e9l\u00e9 2 semaines<\/li>\n<li><a href=\"https:\/\/news.google.com\/rss\/articles\/CBMi5AFBVV95cUxPYnRIZkhkOVg4QlVWNWtPQUhfOTJyTG5OQzBMWjNGWmVCOVVtNS1SeXI2b0FaVkt4VS1wZ0Q3LVBoYzdERl9zalhCTlNLS21vNlF0UVVMZEVDZWxiM0VraFgwbWN4UmFRbEZiczh1RmJxQ3JDd2JCV3Nfb1RPRE9rZWhnc3RDSWF6ME4yYzVEc2Jldnc3YWJ6RjJDRTEtaFUtcGl5ZFlMR3pPUndWZFhtSkNkWDJkVll5VC16enNqaHVUN05TZXpsYUQ0YzljS1BLWEl6bXRRQ0VfQmJOemxvS2FMZlc?oc=5\" target=\"_blank\" rel=\"noopener\">Ici tout commence : \u00ab\u00a0Vous n\u2019avez pas \u00e0 faire \u00e7a\u2026\u00a0\u00bb Le r\u00e9sum\u00e9 du 21 mai (SPOILERS)<\/a>&nbsp;&nbsp;T\u00e9l\u00e9 7 Jours<\/li>\n<\/ol>\n","protected":false},"excerpt":{"rendered":"Avant-premi\u00e8re &#8211; Ici tout commence du 23 mai 2025 &#8211; Episode 1182&nbsp;&nbsp;TF1+ Ici tout commence : \u00ab\u00a0J&rsquo;ai eu&hellip;\n","protected":false},"author":2,"featured_media":117983,"comment_status":"","ping_status":"","sticky":false,"template":"","format":"standard","meta":{"footnotes":""},"categories":[1356],"tags":[58,59,1365,21110,1011,27,620,21111,14234,252,1364,14235,14233],"class_list":{"0":"post-117982","1":"post","2":"type-post","3":"status-publish","4":"format-standard","5":"has-post-thumbnail","7":"category-television","8":"tag-divertissement","9":"tag-entertainment","10":"tag-episode","11":"tag-episode-ici-tout-commence","12":"tag-fr","13":"tag-france","14":"tag-ici-tout-commence","15":"tag-ici-tout-commence-episode","16":"tag-streaming-ici-tout-commence","17":"tag-television","18":"tag-tv","19":"tag-video-en-streaming-ici-tout-commence","20":"tag-video-ici-tout-commence"},"share_on_mastodon":{"url":"https:\/\/pubeurope.com\/@fr\/114548299747661973","error":""},"_links":{"self":[{"href":"https:\/\/www.europesays.com\/fr\/wp-json\/wp\/v2\/posts\/117982","targetHints":{"allow":["GET"]}}],"collection":[{"href":"https:\/\/www.europesays.com\/fr\/wp-json\/wp\/v2\/posts"}],"about":[{"href":"https:\/\/www.europesays.com\/fr\/wp-json\/wp\/v2\/types\/post"}],"author":[{"embeddable":true,"href":"https:\/\/www.europesays.com\/fr\/wp-json\/wp\/v2\/users\/2"}],"replies":[{"embeddable":true,"href":"https:\/\/www.europesays.com\/fr\/wp-json\/wp\/v2\/comments?post=117982"}],"version-history":[{"count":0,"href":"https:\/\/www.europesays.com\/fr\/wp-json\/wp\/v2\/posts\/117982\/revisions"}],"wp:featuredmedia":[{"embeddable":true,"href":"https:\/\/www.europesays.com\/fr\/wp-json\/wp\/v2\/media\/117983"}],"wp:attachment":[{"href":"https:\/\/www.europesays.com\/fr\/wp-json\/wp\/v2\/media?parent=117982"}],"wp:term":[{"taxonomy":"category","embeddable":true,"href":"https:\/\/www.europesays.com\/fr\/wp-json\/wp\/v2\/categories?post=117982"},{"taxonomy":"post_tag","embeddable":true,"href":"https:\/\/www.europesays.com\/fr\/wp-json\/wp\/v2\/tags?post=117982"}],"curies":[{"name":"wp","href":"https:\/\/api.w.org\/{rel}","templated":true}]}}