{"id":117988,"date":"2025-05-21T23:00:08","date_gmt":"2025-05-21T23:00:08","guid":{"rendered":"https:\/\/www.europesays.com\/fr\/117988\/"},"modified":"2025-05-21T23:00:08","modified_gmt":"2025-05-21T23:00:08","slug":"comment-ce-vaccin-contre-la-meningite-protege-aussi-contre-la-gonorrhee","status":"publish","type":"post","link":"https:\/\/www.europesays.com\/fr\/117988\/","title":{"rendered":"Comment ce vaccin contre la m\u00e9ningite prot\u00e8ge aussi contre la gonorrh\u00e9e"},"content":{"rendered":"<p>Des chercheurs ont mis en \u00e9vidence que des anticorps protecteurs acquis gr\u00e2ce au vaccin contre le m\u00e9ningocoque\u00a0B, \u00e9taient aussi capables de reconna\u00eetre et neutraliser le gonocoque, responsable de la \u00abchaude-pisse\u00bb.<\/p>\n<p class=\"fig-paragraph\">Responsable de 80\u00a0millions de nouveaux cas chaque ann\u00e9e,\u00a0<a href=\"https:\/\/sante.lefigaro.fr\/article\/mst-attention-a-la-chaude-pisse-difficile-a-soigner\" target=\"_blank\" data-fig-type=\"Article\" rel=\"noopener\" data-gtm-custom-categorie=\"navigation\" data-gtm-custom-action=\"crossclick\" data-gtm-custom-label=\"Contextuel\" data-gtm-event=\"customEventSPE\" data-fig-domain=\"SANTE\">la gonorrh\u00e9e<\/a>\u00a0reste la deuxi\u00e8me\u00a0<a href=\"https:\/\/sante.lefigaro.fr\/mieux-etre\/sexualite\/mst-maladies-sexuellement-transmissibles\/que-vais-je-ressentir-homme#:~:text=m%C3%A9decine%20de%20Reims-,Les%20infections%20sexuellement%20transmissibles%2C%20qu&#039;est%2Dce%20que%20c,transmettent%20lors%20des%20rapports%20sexuels.\" target=\"_blank\" data-fig-type=\"Keyword\" rel=\"noopener\" data-gtm-custom-categorie=\"navigation\" data-gtm-custom-action=\"crossclick\" data-gtm-custom-label=\"Contextuel\" data-gtm-event=\"customEventSPE\" data-fig-domain=\"SANTE\">maladie sexuellement transmissible<\/a>\u00a0la plus fr\u00e9quente dans le monde. Caus\u00e9e par la bact\u00e9rie Neisseria gonorrhoeae (le \u00ab\u00a0gonocoque\u00a0\u00bb), cette pathologie (surnomm\u00e9e \u00ab\u00a0chaude-pisse\u00a0\u00bb) se manifeste par des douleurs en urinant, des douleurs pelviennes, des inflammations locales ainsi que des pertes g\u00e9nitales inhabituelles, aussi bien chez l\u2019homme que chez la femme. Dans certains cas, elle touche \u00e9galement le rectum, la gorge ou les yeux, voire entra\u00eene des complications graves telles que l\u2019infertilit\u00e9, des grossesses extra-ut\u00e9rines et des infections syst\u00e9miques. La\u00a0<a href=\"http:\/\/www.lefigaro.fr\/actualite-france\/syphilis-gonorrhee-chlamydia-hausse-inquietante-des-infections-sexuellement-transmissibles-en-europe-20240307\" data-fig-type=\"NewsFlash\" data-gtm-custom-categorie=\"navigation\" data-gtm-custom-action=\"crossclick\" data-gtm-custom-label=\"Contextuel\" data-gtm-event=\"customEventSPE\" data-fig-domain=\"LEFIGARO\" target=\"_blank\" rel=\"noopener\">fr\u00e9quence en hausse<\/a>\u00a0(notamment chez les plus de 50 ans) suscite de nombreuses inqui\u00e9tudes et les diff\u00e9rentes souches du gonocoque \u00e9voluent rapidement, devenant de plus en plus r\u00e9sistantes aux antibiotiques classiques, ce qui soul\u00e8ve le besoin urgent de trouver des alternatives.<\/p>\n<p class=\"fig-paragraph\">Parmi les pistes explor\u00e9es ces derni\u00e8res d\u00e9cennies, celle du\u2026<\/p>\n<p class=\"fig-premium-paywall__infos\">\n        Cet article est r\u00e9serv\u00e9 aux abonn\u00e9s.        Il vous reste 84% \u00e0 d\u00e9couvrir.\n    <\/p>\n<p>                <img  data- alt=\"Le Figaro\" class=\"fig-img--complete fig-img\"\/><\/p>\n<p class=\"fig-premium-paywall__title\">Vente Flash<\/p>\n<p class=\"fig-premium-paywall__subtitle\">4,99\u20ac par mois pendant 12 mois. Sans engagement.<\/p>\n<p class=\"fig-premium-paywall__connect\">\n                D\u00e9j\u00e0 abonn\u00e9\u00a0?                <a class=\"fig-premium-paywall__connect-link\" href=\"https:\/\/connect.lefigaro.fr\/login?client=sante_web&amp;type=main&amp;redirect_uri=https%3A%2F%2Fsante.lefigaro.fr%2Fmedecine%2Fcomment-un-vaccin-contre-la-meningite-protege-aussi-contre-la-gonorrhee-20250521\" data-js-gtm=\"{&quot;customCategorie&quot;: &quot;conversion&quot;, &quot;customAction&quot;: &quot;before_Landing_Connexion_paywall_auto&quot;, &quot;customLabel&quot;: &quot;c2FudGUubGVmaWdhcm8uZnJfXzFmMDM1OWUyLWEyM2ItNjkzOC1hMGUyLTdkMDg2YTBiMWNiMl9fQXJ0aWNsZQ==_Comment ce vaccin contre la m\u00e9ningite prot\u00e8ge aussi contre la gonorrh\u00e9e_59&quot;, &quot;customIDSPE&quot;: &quot;c2FudGUubGVmaWdhcm8uZnJfXzFmMDM1OWUyLWEyM2ItNjkzOC1hMGUyLTdkMDg2YTBiMWNiMl9fQXJ0aWNsZQ==&quot;, &quot;event&quot;: &quot;customEventSPE&quot;}\" target=\"_blank\" rel=\"noopener\"><br \/>\n                    Connectez-vous<br \/>\n                <\/a>\n            <\/p>\n","protected":false},"excerpt":{"rendered":"Des chercheurs ont mis en \u00e9vidence que des anticorps protecteurs acquis gr\u00e2ce au vaccin contre le m\u00e9ningocoque\u00a0B, \u00e9taient&hellip;\n","protected":false},"author":2,"featured_media":117989,"comment_status":"","ping_status":"","sticky":false,"template":"","format":"standard","meta":{"footnotes":""},"categories":[10],"tags":[237,101,232,231,234,228,1011,27,72,239,230,238,226,224,225,233,229,236,235,71,227],"class_list":{"0":"post-117988","1":"post","2":"type-post","3":"status-publish","4":"format-standard","5":"has-post-thumbnail","7":"category-sante","8":"tag-actualite-sur-les-maladies","9":"tag-cancer","10":"tag-cardiologie","11":"tag-cerveau","12":"tag-diabete","13":"tag-diagnostic","14":"tag-fr","15":"tag-france","16":"tag-health","17":"tag-info-sur-les-maladies","18":"tag-infographie","19":"tag-information-sur-les-maladies","20":"tag-maladie","21":"tag-medecine","22":"tag-medicament","23":"tag-obesite","24":"tag-pathologie","25":"tag-pediatrie","26":"tag-psychiatrie","27":"tag-sante","28":"tag-traitement"},"share_on_mastodon":{"url":"https:\/\/pubeurope.com\/@fr\/114548311536968973","error":""},"_links":{"self":[{"href":"https:\/\/www.europesays.com\/fr\/wp-json\/wp\/v2\/posts\/117988","targetHints":{"allow":["GET"]}}],"collection":[{"href":"https:\/\/www.europesays.com\/fr\/wp-json\/wp\/v2\/posts"}],"about":[{"href":"https:\/\/www.europesays.com\/fr\/wp-json\/wp\/v2\/types\/post"}],"author":[{"embeddable":true,"href":"https:\/\/www.europesays.com\/fr\/wp-json\/wp\/v2\/users\/2"}],"replies":[{"embeddable":true,"href":"https:\/\/www.europesays.com\/fr\/wp-json\/wp\/v2\/comments?post=117988"}],"version-history":[{"count":0,"href":"https:\/\/www.europesays.com\/fr\/wp-json\/wp\/v2\/posts\/117988\/revisions"}],"wp:featuredmedia":[{"embeddable":true,"href":"https:\/\/www.europesays.com\/fr\/wp-json\/wp\/v2\/media\/117989"}],"wp:attachment":[{"href":"https:\/\/www.europesays.com\/fr\/wp-json\/wp\/v2\/media?parent=117988"}],"wp:term":[{"taxonomy":"category","embeddable":true,"href":"https:\/\/www.europesays.com\/fr\/wp-json\/wp\/v2\/categories?post=117988"},{"taxonomy":"post_tag","embeddable":true,"href":"https:\/\/www.europesays.com\/fr\/wp-json\/wp\/v2\/tags?post=117988"}],"curies":[{"name":"wp","href":"https:\/\/api.w.org\/{rel}","templated":true}]}}