{"id":117992,"date":"2025-05-21T23:02:10","date_gmt":"2025-05-21T23:02:10","guid":{"rendered":"https:\/\/www.europesays.com\/fr\/117992\/"},"modified":"2025-05-21T23:02:10","modified_gmt":"2025-05-21T23:02:10","slug":"cannes-idylle-queer-et-musicale-et-tourments-familiaux-en-competition-actualites","status":"publish","type":"post","link":"https:\/\/www.europesays.com\/fr\/117992\/","title":{"rendered":"Cannes: idylle queer et musicale et tourments familiaux en comp\u00e9tition : Actualit\u00e9s"},"content":{"rendered":"<p class=\"lead \">Au lendemain du film choc du dissident iranien Jafar Panahi, le Festival de Cannes accueillait mercredi la star montante Paul Mescal, h\u00e9ros d&rsquo;une romance gay et musicale, et le fondateur de Wikileaks Julian Assange.<\/p>\n<p class=\"lead \">En lice pour la Palme d&rsquo;or, \u00ab\u00a0The History of Sound\u00a0\u00bb du Sud-Africain Oliver Hermanus, 41 ans, raconte l&rsquo;idylle entre deux jeunes hommes passionn\u00e9s des chants populaires de l&rsquo;Am\u00e9rique rurale, alors qu&rsquo;\u00e9clate la Premi\u00e8re Guerre mondiale.<\/p>\n<p class=\"lead \">Apr\u00e8s \u00ab\u00a0Gladiator 2\u00a0\u00bb, l&rsquo;Irlandais Paul Mescal, 29 ans, change de registre et donne de la voix aux c\u00f4t\u00e9s du Britannique Josh O&rsquo;Connor, 35 ans, qui incarnait le prince Charles dans la s\u00e9rie \u00ab\u00a0The Crown\u00a0\u00bb et figure au g\u00e9n\u00e9rique d&rsquo;un autre film en comp\u00e9tition, \u00ab\u00a0The Mastermind\u00a0\u00bb de l&rsquo;Am\u00e9ricaine Kelly Reichardt.<\/p>\n<p class=\"lead \">Entr\u00e9e dans sa derni\u00e8re ligne droite, la course \u00e0 la Palme voyait deux autres films explorant de douloureuses histoires familiales prendre le d\u00e9part mercredi. <\/p>\n<p class=\"lead \">Avec \u00ab\u00a0Romeria\u00a0\u00bb, l&rsquo;Espagnole Carla Simon suit une jeune Catalane partant en voyage en Galice sur la trace de ses parents toxicomanes morts du sida, en \u00e9cho \u00e0 sa propre histoire. La r\u00e9alisatrice de 38 ans, qui conclut ainsi une trilogie sur la m\u00e9moire familiale, a \u00e9t\u00e9 r\u00e9compens\u00e9e par l&rsquo;Ours d&rsquo;or \u00e0 Berlin en 2022 pour \u00ab\u00a0Nos soleils\u00a0\u00bb.<\/p>\n<p class=\"lead \">T\u00eate de pont du cin\u00e9ma norv\u00e9gien, Joachim Trier, 51 ans, pr\u00e9sentait lui son troisi\u00e8me film en comp\u00e9tition, \u00ab\u00a0Valeur sentimentale\u00a0\u00bb, avec l&rsquo;Am\u00e9ricaine Elle Fanning et son actrice f\u00e9tiche, sa compatriote Renate Reinsve. <\/p>\n<p class=\"lead \">Le palmar\u00e8s sera d\u00e9livr\u00e9 samedi par le jury pr\u00e9sid\u00e9 par l&rsquo;actrice fran\u00e7aise Juliette Binoche, qui \u00e9tait invit\u00e9 par la mairie de Cannes \u00e0 d\u00e9guster un traditionnel a\u00efoli mercredi midi. L&rsquo;occasion de les \u00ab\u00a0remercier\u00a0\u00bb et de \u00ab\u00a0montrer que Cannes est une ville qui ne s&rsquo;arr\u00eate pas \u00e0 la Croisette\u00a0\u00bb, a comment\u00e9 le maire David Lisnard.<\/p>\n<p class=\"lead \">&#8211; \u00ab\u00a0Monde nouveau\u00a0\u00bb &#8211;<\/p>\n<p class=\"lead \">Sur un versant plus politique, le festival a de nouveau fait entendre la voix de l&rsquo;Iranien Jafar Panahi, qui fait figure de favori avec \u00ab\u00a0Un simple accident\u00a0\u00bb, nouvelle charge contre la R\u00e9publique islamique. <\/p>\n<p class=\"lead \">Incarc\u00e9r\u00e9 \u00e0 deux reprises en Iran et frapp\u00e9 d&rsquo;une interdiction de filmer, le r\u00e9alisateur a expliqu\u00e9 lors d&rsquo;une conf\u00e9rence de presse avoir nourri son film de r\u00e9cits de prisonniers politiques.<\/p>\n<p class=\"lead \">\u00ab\u00a0Comment peut-on mettre un artiste en prison et ne pas comprendre ce que cela signifie ?\u00a0\u00bb, s&rsquo;est-il interrog\u00e9 en farsi, selon la transcription simultan\u00e9e r\u00e9alis\u00e9e par le festival. \u00ab\u00a0Quand on le met en prison, on lui tend une perche, on lui donne une mati\u00e8re, des id\u00e9es, on lui ouvre un monde nouveau.\u00a0\u00bb<\/p>\n<p class=\"lead \">\u00ab\u00a0+Un simple accident+, ce n&rsquo;est pas nous qui l&rsquo;avons fait, c&rsquo;est la R\u00e9publique islamique\u00a0\u00bb, a poursuivi le cin\u00e9aste de 64 ans.<\/p>\n<p class=\"lead \">\u00ab\u00a0Lorsque la R\u00e9publique islamique emprisonne un artiste, elle doit en assumer les cons\u00e9quences. Avec les possibilit\u00e9s technologiques qui existent aujourd&rsquo;hui, aucun pouvoir ne peut emp\u00eacher un artiste de travailler\u00a0\u00bb, a-t-il ajout\u00e9, soulignant que son co-sc\u00e9nariste Mehdi Mahmoudian, actuellement d\u00e9tenu, ressortirait \u00ab\u00a0de prison avec des dizaines d&rsquo;id\u00e9es de sc\u00e9narios\u00a0\u00bb.<\/p>\n<p class=\"lead \">\u00ab\u00a0Je suis vivant tant que je fais des films. Si je ne fais pas de films, alors ce qui m&rsquo;arrive n&rsquo;a plus d&rsquo;importance\u00a0\u00bb, avait d\u00e9clar\u00e9 mardi \u00e0 l&rsquo;AFP Jafar Panahi, pr\u00e9sent lors d&rsquo;un grand festival international de cin\u00e9ma pour la premi\u00e8re fois en 15 ans.<\/p>\n<p class=\"lead \">&#8211; Documentaire sur Assange &#8211;<\/p>\n<p class=\"lead \">Invit\u00e9 surprise du festival, Julian Assange, 53 ans, \u00e9tait lui \u00e0 Cannes pour accompagner un documentaire qui lui est consacr\u00e9, \u00ab\u00a0The six billion dollar man\u00a0\u00bb.<\/p>\n<p class=\"lead \">Le film retrace la vie du c\u00e9l\u00e8bre activiste australien, dont le gouvernement am\u00e9ricain souhaitait l&rsquo;extradition depuis la Grande-Bretagne. Assange y a pass\u00e9 deux ans en libert\u00e9 surveill\u00e9e, cinq derri\u00e8re les barreaux et sept autres reclus dans l&rsquo;ambassade d&rsquo;\u00c9quateur \u00e0 Londres, avant d&rsquo;\u00eatre lib\u00e9r\u00e9 en juin 2024.<\/p>\n<p class=\"lead \"> \u00ab\u00a0Julian Assange s&rsquo;est sacrifi\u00e9 au nom du droit d&rsquo;informer le public sur ce que les entreprises et les gouvernements font en secret\u00a0\u00bb, a d\u00e9clar\u00e9 le documentariste am\u00e9ricain Eugene Jarecki \u00e0 l&rsquo;AFP.<\/p>\n<p class=\"lead \">L&rsquo;int\u00e9ress\u00e9, lib\u00e9r\u00e9 apr\u00e8s avoir plaid\u00e9 coupable d&rsquo;obtention et de divulgation d&rsquo;informations sur la d\u00e9fense nationale, a choisi de ne pas s&rsquo;exprimer publiquement \u00e0 Cannes. \u00ab\u00a0Il parlera quand il se sentira pr\u00eat\u00a0\u00bb, a comment\u00e9 son \u00e9pouse Stella Assange.<\/p>\n<p class=\"lead \">\u00c0 la Quinzaine des r\u00e9alisateurs \u00e9tait, enfin, diffus\u00e9 le documentaire \u00ab\u00a0Militantropos\u00a0\u00bb, sur la vie quotidienne dans l&rsquo;Ukraine en guerre depuis l&rsquo;invasion russe de f\u00e9vrier 2022. <\/p>\n<p class=\"lead \">L&rsquo;\u00e9quipe du film a pos\u00e9 devant les marches du Palais des Festivals dans des tenues symboliquement couvertes de miroirs. \u00ab\u00a0Ce n&rsquo;est pas qu&rsquo;un film. Ce n&rsquo;est pas qu&rsquo;un geste. C&rsquo;est un appel \u00e0 l&rsquo;action. Le miroir est devant vous. Que voyez-vous?\u00a0\u00bb, ont-il comment\u00e9 dans un communiqu\u00e9.<\/p>\n","protected":false},"excerpt":{"rendered":"Au lendemain du film choc du dissident iranien Jafar Panahi, le Festival de Cannes accueillait mercredi la star&hellip;\n","protected":false},"author":2,"featured_media":117993,"comment_status":"","ping_status":"","sticky":false,"template":"","format":"standard","meta":{"footnotes":""},"categories":[8],"tags":[23867,5035,1971,6406,1972,58,59,123,652,849,1011,27,310,9555,23866,316,585],"class_list":{"0":"post-117992","1":"post","2":"type-post","3":"status-publish","4":"format-standard","5":"has-post-thumbnail","7":"category-divertissement","8":"tag-afsud","9":"tag-australie","10":"tag-clbrits","11":"tag-cannes2025","12":"tag-cinma","13":"tag-divertissement","14":"tag-entertainment","15":"tag-espagne","16":"tag-famille","17":"tag-festival","18":"tag-fr","19":"tag-france","20":"tag-internet","21":"tag-mdias","22":"tag-norvge","23":"tag-politique","24":"tag-sant"},"share_on_mastodon":{"url":"https:\/\/pubeurope.com\/@fr\/114548319530077285","error":""},"_links":{"self":[{"href":"https:\/\/www.europesays.com\/fr\/wp-json\/wp\/v2\/posts\/117992","targetHints":{"allow":["GET"]}}],"collection":[{"href":"https:\/\/www.europesays.com\/fr\/wp-json\/wp\/v2\/posts"}],"about":[{"href":"https:\/\/www.europesays.com\/fr\/wp-json\/wp\/v2\/types\/post"}],"author":[{"embeddable":true,"href":"https:\/\/www.europesays.com\/fr\/wp-json\/wp\/v2\/users\/2"}],"replies":[{"embeddable":true,"href":"https:\/\/www.europesays.com\/fr\/wp-json\/wp\/v2\/comments?post=117992"}],"version-history":[{"count":0,"href":"https:\/\/www.europesays.com\/fr\/wp-json\/wp\/v2\/posts\/117992\/revisions"}],"wp:featuredmedia":[{"embeddable":true,"href":"https:\/\/www.europesays.com\/fr\/wp-json\/wp\/v2\/media\/117993"}],"wp:attachment":[{"href":"https:\/\/www.europesays.com\/fr\/wp-json\/wp\/v2\/media?parent=117992"}],"wp:term":[{"taxonomy":"category","embeddable":true,"href":"https:\/\/www.europesays.com\/fr\/wp-json\/wp\/v2\/categories?post=117992"},{"taxonomy":"post_tag","embeddable":true,"href":"https:\/\/www.europesays.com\/fr\/wp-json\/wp\/v2\/tags?post=117992"}],"curies":[{"name":"wp","href":"https:\/\/api.w.org\/{rel}","templated":true}]}}